{"id":9967,"date":"2022-11-13T12:18:04","date_gmt":"2022-11-13T17:18:04","guid":{"rendered":"https:\/\/ldpublicicdad.com\/?p=9967"},"modified":"2022-11-12T17:19:36","modified_gmt":"2022-11-12T17:19:36","slug":"la-fip-carga-contra-la-federacion-internacional-de-tenis-por-intromision","status":"publish","type":"post","link":"https:\/\/ldpublicicdad.com\/?p=9967","title":{"rendered":"La FIP carga contra la Federaci\u00f3n Internacional de Tenis por intromisi\u00f3n"},"content":{"rendered":"<div class=\"ue-l-article__header\">\n<div class=\"ue-l-article__main-column\">\n<div class=\"ue-c-article__header \">\n<div class=\"ue-l-article__header-content ue-l-article--expand-right-full-from-tablet ue-l-article--expand-right-half-from-desktop\">\n<h4 class=\"ue-c-article__standfirst\" style=\"text-align: center;\">La ITF votar\u00e1 en su congreso del lunes en Glasgow entrar a regular este deporte y la FIP ya se ha dirigido al TAS<\/h4>\n<div class=\"ue-c-article__body\">\n<p class=\"ue-c-article--first-letter-highlighted\"><span class=\"capital-letter\">N<\/span>uevo l\u00edo a la vista en el mundo del p\u00e1del. En esta ocasi\u00f3n, la<strong>\u00a0Federaci\u00f3n Internacional de P\u00e1del (FIP)\u00a0<\/strong>y la\u00a0<strong>Asociaci\u00f3n de jugadores (PPA)<\/strong>\u00a0han puesto el grito en el cielo por uno de los puntos del orden del d\u00eda que tratar\u00e1 la\u00a0<strong>Federaci\u00f3n Internacional de Tenis (ITF)<\/strong>\u00a0en su congreso anual que se celebrar\u00e1 el pr\u00f3ximo lunes en Glasgow. En el p\u00e1del entienden que la la IFT trata ahora de entrometerse en el mundo del p\u00e1del al votar en uno de sus art\u00edculos (Variaci\u00f3n del Tenis) la posibilidad de regular y armonizar el deporte del p\u00e1del. \u00abITF puede desarrollar nuevas disciplinas o variaciones del tenis. La adopci\u00f3n formal de cualquier nueva disciplina o variaci\u00f3n del tenis requerir\u00e1 una resoluci\u00f3n del consejo por mayor\u00eda de dos tercios antes de la adopci\u00f3n formal. ITF tomar\u00e1 las medidas preliminares y preparatorias que considere necesarias en el mejor inter\u00e9s de la ITF, sus miembros y el deporte del tenis\u00bb, dice el art\u00edculo.<\/p>\n<p><strong>La FIP y la asociaci\u00f3n de los jugadores han enviado ya varios correos al presidente de la ITF solicitando que se retire esa votaci\u00f3n del orden del d\u00eda\u00a0<\/strong>porque consideran que se trata de un intento claro de entrometerse en este deporte por el mero hecho de jugarse con una pala sin derecho alguno. El v\u00ednculo entre ambas federaciones nace de un convenio de colaboraci\u00f3n firmado hace muchos a\u00f1os que seg\u00fan la FIP y la PPA no da derecho a entrar ahora a regular su deporte. Los jugadores de p\u00e1del no han sido informados tampoco de este movimiento y se han mostrado tambi\u00e9n absolutamente en contra. \u00abLa Federaci\u00f3n de Tenis lleva 30 a\u00f1os sin organizar ni invertir en el p\u00e1del y no pueden hacerlo ahora aunque quieran porque consideren que puede ser por fin para ellos un negocio ventajoso\u00bb, sostienen fuentes de la Asociaci\u00f3n de Jugadores consultadas por MARCA.<\/p>\n<h2 class=\"ue-c-article__subheadline\">Dos Federaciones independientes<\/h2>\n<p>En este momento, hay tres federaciones nacionales de p\u00e1del<strong>\u00a0(Francia, Italia y Qatar)\u00a0<\/strong>que cuelgan de la Federaci\u00f3n de Tenis nacional correspondiente, pero las tres se han negado en rotundo a aceptar esta intromisi\u00f3n.\u00a0<strong>QSI (el fondo de inversi\u00f3n de Qatar que ha creado el nuevo circuito Premier P\u00e1del)\u00a0<\/strong>tambi\u00e9n se muestra absolutamente en contra aunque no ser\u00eda el principal afectado por esta iniciativa de la ITF.<\/p>\n<p><strong>La Federaci\u00f3n Internacinal de P\u00e1del sostiene en su carta a la ITF<\/strong>\u00a0y a la que ha tenido acceso MARCA que ellos han votado por mayor\u00eda ya en su Asamblea ser el \u00fanico \u00f3rgano de gobierno internacional del p\u00e1del y\u00a0<strong>rechazan \u00abcualquier injerencia de la ITF en asuntos relacionados con el p\u00e1del.\u00a0<\/strong>A lo largo de los 31 a\u00f1os de existencia de este deporte, la ITF nunca ha tenido ninguna intervenci\u00f3n en el p\u00e1del, ya sea como organizador de competiciones o como \u00f3rgano de gobierno, y no existe ninguna base -legal, constitucional pr\u00e1ctica o de otro tipo- para que desempe\u00f1e ning\u00fan papel en los asuntos administrativos de este deporte\u00bb.<\/p>\n<h2 class=\"ue-c-article__subheadline\">El caso ya est\u00e1 en el TAS<\/h2>\n<div class=\"midwidget-taboola\">\n<div id=\"taboola-mid-article-mca-oc-1668273471076\" class=\"taboola-mid-article-widget trc_related_container trc_spotlight_widget\"><\/div>\n<\/div>\n<p><strong>La FIP, que ya se ha dirigido al TAS<\/strong>\u00a0como previo paso a una futura demanda si fuera necesario, se muestra tajante en so carta.\u00a0<strong>\u00abS\u00f3lo puede describirse como un un intento hostil de hacerse con el gobierno del p\u00e1del sin el consentimiento de la FIP\u00a0<\/strong>o de sus miembros. Las acciones de la ITF tambi\u00e9n supondr\u00edan una grave violaci\u00f3n de los principios de la\u00a0<strong>Carta Ol\u00edmpica y del C\u00f3digo \u00c9tico del COI\u00a0<\/strong>que dejan claro que el deporte debe ser capaz de funcionar de forma aut\u00f3noma; actuar con el mayor grado de integridad, imparcialidad, objetividad, independencia y profesionalidad; y abstenerse de realizar actos o declaraciones que puedan empa\u00f1ar la imagen de una federaci\u00f3n rival o perjudicarla de alguna manera\u00bb, a\u00f1ade la FIP en su carta.<\/p>\n<p><strong>La Asociaci\u00f3n de jugadores (PPA) muestra por su parte en su carta su total apoyo a la FIP:<\/strong>\u00a0\u00abNos gustar\u00eda remarcar nuestro apoyo a la FIP, por lo que les informamos que en cualquier caso la PPA apoyar\u00e1 a nuestra federaci\u00f3n internacional en cualquier controversia legal que pueda surgir de su intento ilegal e ileg\u00edtimo de gobernar nuestro querido deporte\u00bb.<\/p>\n<\/div>\n<\/div>\n<\/div>\n<\/div>\n<\/div>\n<div class=\"ue-l-article__body\" data-section=\"articleBody\">\n<div class=\"ue-l-article__main-column ue-l-article--minimum-content-from-tablet\">\n<figure class=\"ue-c-article__media ue-c-article__media--image ue-c-article--media-icon-m-from-phablet ue-l-article--expand-left-full-from-tablet ue-c-article__media--main-media\">\n<div class=\"ue-c-article__media-img-container ue-l-article--expand-edge-right-until-tablet ue-l-article--expand-edge-left-until-tablet\"><picture><source srcset=\"https:\/\/phantom-marca.unidadeditorial.es\/a837218250637c650151643c6d7913f5\/resize\/360\/f\/webp\/assets\/multimedia\/imagenes\/2022\/11\/12\/16682572461913.jpg 360w,https:\/\/phantom-marca.unidadeditorial.es\/f843fad2e331d490408baa37baced966\/resize\/375\/f\/webp\/assets\/multimedia\/imagenes\/2022\/11\/12\/16682572461913.jpg 375w,https:\/\/phantom-marca.unidadeditorial.es\/5196905736ebac385ba6d6f7c3f0539c\/resize\/414\/f\/webp\/assets\/multimedia\/imagenes\/2022\/11\/12\/16682572461913.jpg 414w,https:\/\/phantom-marca.unidadeditorial.es\/6e2fa5bea4838c252571d13bf4da9d10\/resize\/660\/f\/webp\/assets\/multimedia\/imagenes\/2022\/11\/12\/16682572461913.jpg 660w,https:\/\/phantom-marca.unidadeditorial.es\/4a628d6154783fd43a806d44c63111ec\/resize\/720\/f\/webp\/assets\/multimedia\/imagenes\/2022\/11\/12\/16682572461913.jpg 720w,https:\/\/phantom-marca.unidadeditorial.es\/3ac515b85cf51e4fa837f59f0f5c90d0\/resize\/750\/f\/webp\/assets\/multimedia\/imagenes\/2022\/11\/12\/16682572461913.jpg 750w,https:\/\/phantom-marca.unidadeditorial.es\/127876fc1cc0d68ca6d3fc23e10d1a4e\/resize\/828\/f\/webp\/assets\/multimedia\/imagenes\/2022\/11\/12\/16682572461913.jpg 828w,https:\/\/phantom-marca.unidadeditorial.es\/243b80f0665c38c33cc01aae01cd8350\/resize\/1320\/f\/webp\/assets\/multimedia\/imagenes\/2022\/11\/12\/16682572461913.jpg 1320w\" type=\"image\/webp\" sizes=\"(min-width: 1010px) 660px, (min-width: 980px) calc(100vw - 330px), (min-width: 740px) calc(100vw - 310px), 100vw\" \/><source srcset=\"https:\/\/phantom-marca.unidadeditorial.es\/971c3dc0cb39733ba84ca97eb494bb18\/resize\/360\/f\/jpg\/assets\/multimedia\/imagenes\/2022\/11\/12\/16682572461913.jpg 360w,https:\/\/phantom-marca.unidadeditorial.es\/4731499267ceea86ad7a2aa58cd10ef1\/resize\/375\/f\/jpg\/assets\/multimedia\/imagenes\/2022\/11\/12\/16682572461913.jpg 375w,https:\/\/phantom-marca.unidadeditorial.es\/0b37b8d72b5338d9cf8b593a7a6cd678\/resize\/414\/f\/jpg\/assets\/multimedia\/imagenes\/2022\/11\/12\/16682572461913.jpg 414w,https:\/\/phantom-marca.unidadeditorial.es\/065e2276440afd1bcd7c7f6022c13722\/resize\/660\/f\/jpg\/assets\/multimedia\/imagenes\/2022\/11\/12\/16682572461913.jpg 660w,https:\/\/phantom-marca.unidadeditorial.es\/3975e1f061af28097a7291caf2bca018\/resize\/720\/f\/jpg\/assets\/multimedia\/imagenes\/2022\/11\/12\/16682572461913.jpg 720w,https:\/\/phantom-marca.unidadeditorial.es\/aac45550ef23a3aefa9eb2fcf87bf46a\/resize\/750\/f\/jpg\/assets\/multimedia\/imagenes\/2022\/11\/12\/16682572461913.jpg 750w,https:\/\/phantom-marca.unidadeditorial.es\/7c11660ee2786b3e8bc9664e700bf933\/resize\/828\/f\/jpg\/assets\/multimedia\/imagenes\/2022\/11\/12\/16682572461913.jpg 828w,https:\/\/phantom-marca.unidadeditorial.es\/b6d9ba14b1ea5b963f041eb9e7fd2e5d\/resize\/1320\/f\/jpg\/assets\/multimedia\/imagenes\/2022\/11\/12\/16682572461913.jpg 1320w\" type=\"image\/jpeg\" sizes=\"(min-width: 1010px) 660px, (min-width: 980px) calc(100vw - 330px), (min-width: 740px) calc(100vw - 310px), 100vw\" \/><\/picture><\/div>\n<\/figure>\n<\/div>\n<\/div>\n","protected":false},"excerpt":{"rendered":"<p>La ITF votar\u00e1 en su congreso del lunes en Glasgow entrar a regular este deporte y la FIP ya se ha dirigido al TAS Nuevo l\u00edo a la vista en&hellip;<\/p>\n","protected":false},"author":1,"featured_media":9969,"comment_status":"open","ping_status":"closed","sticky":false,"template":"","format":"standard","meta":{"footnotes":""},"categories":[5,9],"tags":[],"class_list":["post-9967","post","type-post","status-publish","format-standard","has-post-thumbnail","hentry","category-internacional","category-politica"],"_links":{"self":[{"href":"https:\/\/ldpublicicdad.com\/index.php?rest_route=\/wp\/v2\/posts\/9967","targetHints":{"allow":["GET"]}}],"collection":[{"href":"https:\/\/ldpublicicdad.com\/index.php?rest_route=\/wp\/v2\/posts"}],"about":[{"href":"https:\/\/ldpublicicdad.com\/index.php?rest_route=\/wp\/v2\/types\/post"}],"author":[{"embeddable":true,"href":"https:\/\/ldpublicicdad.com\/index.php?rest_route=\/wp\/v2\/users\/1"}],"replies":[{"embeddable":true,"href":"https:\/\/ldpublicicdad.com\/index.php?rest_route=%2Fwp%2Fv2%2Fcomments&post=9967"}],"version-history":[{"count":1,"href":"https:\/\/ldpublicicdad.com\/index.php?rest_route=\/wp\/v2\/posts\/9967\/revisions"}],"predecessor-version":[{"id":9968,"href":"https:\/\/ldpublicicdad.com\/index.php?rest_route=\/wp\/v2\/posts\/9967\/revisions\/9968"}],"wp:featuredmedia":[{"embeddable":true,"href":"https:\/\/ldpublicicdad.com\/index.php?rest_route=\/wp\/v2\/media\/9969"}],"wp:attachment":[{"href":"https:\/\/ldpublicicdad.com\/index.php?rest_route=%2Fwp%2Fv2%2Fmedia&parent=9967"}],"wp:term":[{"taxonomy":"category","embeddable":true,"href":"https:\/\/ldpublicicdad.com\/index.php?rest_route=%2Fwp%2Fv2%2Fcategories&post=9967"},{"taxonomy":"post_tag","embeddable":true,"href":"https:\/\/ldpublicicdad.com\/index.php?rest_route=%2Fwp%2Fv2%2Ftags&post=9967"}],"curies":[{"name":"wp","href":"https:\/\/api.w.org\/{rel}","templated":true}]}}