{"id":9916,"date":"2022-11-09T15:32:08","date_gmt":"2022-11-09T20:32:08","guid":{"rendered":"https:\/\/ldpublicicdad.com\/?p=9916"},"modified":"2022-11-09T20:32:10","modified_gmt":"2022-11-09T20:32:10","slug":"mexico-no-puede-comprar-maiz-amarillo-amlo","status":"publish","type":"post","link":"https:\/\/ldpublicicdad.com\/?p=9916","title":{"rendered":"M\u00e9xico no puede comprar ma\u00edz amarillo: AMLO"},"content":{"rendered":"<div class=\"jsx-1778878049 \">\n<h4 style=\"text-align: center;\">El gobierno de M\u00e9xico no puede comprar ma\u00edz amarillo porque no quiere alimentos gen\u00e9ticamente modificados, dijo este mi\u00e9rcoles el presidente, en medio de un debate sobre el uso del grano transg\u00e9nico que podr\u00eda afectar su comercio con Estados Unidos.<\/h4>\n<\/div>\n<div class=\"jsx-1921398030 newsbody\">\n<div class=\"jsx-670345696 share fixed\">\n<div class=\"jsx-670345696 \">\n<p class=\"jsx-3954459878\">El gobierno de M\u00e9xico no puede comprar\u00a0<strong>ma\u00edz amarillo<\/strong>\u00a0porque no quiere alimentos gen\u00e9ticamente modificados, dijo este mi\u00e9rcoles el presidente\u00a0<strong>Andr\u00e9s Manuel L\u00f3pez Obrador<\/strong>, en medio de un debate sobre el uso del grano transg\u00e9nico que\u00a0podr\u00eda afectar el comercio del cereal con Estados Unidos.<\/p>\n<p class=\"jsx-3954459878 fi-aic_250 fi-aic_115565\">El gobierno mexicano busca eliminar gradualmente el ma\u00edz transg\u00e9nico y el herbicida glifosato para 2024, para lo que busca elevar la producci\u00f3n del cereal, en una carrera cuesta arriba para sustituir decenas de millones de toneladas de ma\u00edz amarillo gen\u00e9ticamente modificado que importa cada a\u00f1o desde Estados Unidos.<\/p>\n<p class=\"jsx-3954459878\">L\u00f3pez Obrador explic\u00f3 que en una visita a Estados Unidos \u00abse hicieron acuerdos\u00bb y se pidi\u00f3 al gobierno mexicano comprar ma\u00edz amarillo, a lo que se neg\u00f3. El mandatario no dio detalles de qui\u00e9n habr\u00eda hecho la solicitud a su administraci\u00f3n, ni de montos solicitados para comprar, ni dio una fecha precisa de cu\u00e1ndo habr\u00eda ocurrido la petici\u00f3n.<\/p>\n<blockquote class=\"jsx-2464929417\">\n<p class=\"jsx-3954459878\">Hay un mercado, que se siga sosteniendo, pero el Gobierno no puede hacer una compra de ma\u00edz amarillo porque no queremos los transg\u00e9nicos\u00bb, se\u00f1al\u00f3.<\/p>\n<\/blockquote>\n<p class=\"jsx-3954459878\">\u00abEse ma\u00edz es b\u00e1sicamente forrajero. No queremos que se consuma por las personas\u00bb, subray\u00f3 el presidente en su conferencia de prensa matutina. \u00abSomos un pa\u00eds libre, soberano y no por vender el ma\u00edz amarillo nos van a enfermar y vamos a hacer a un lado nuestros ma\u00edces nativos\u00bb, agreg\u00f3.<\/p>\n<p class=\"jsx-3954459878\">La\u00a0<strong>Secretar\u00eda de Agricultura<\/strong>\u00a0declin\u00f3 comentar sobre lo dicho por L\u00f3pez Obrador. Ni la oficina de la presidencia del pa\u00eds latinoamericano ni el\u00a0<strong>Departamento de Agricultura de Estados Unidos<\/strong>\u00a0respondieron de inmediato a solicitudes para ampliar y clarificar lo dicho por el mandatario.<\/p>\n<p class=\"jsx-3954459878 fi-aic_250\">Al igual que la mayor\u00eda de las naciones, la inmensa mayor\u00eda de las compras de ma\u00edz son realizadas por empresas privadas, entre las que se encuentran grandes comerciantes de materias primas como Cargill y Bunge.<\/p>\n<p class=\"jsx-3954459878\">M\u00e9xico importa unos 17 millones de toneladas de ma\u00edz\u00a0estadounidense al a\u00f1o y va camino de importar a\u00fan m\u00e1s este a\u00f1o, seg\u00fan expertos.<\/p>\n<p class=\"jsx-3954459878\">Grupos agr\u00edcolas de Estados Unidos han pedido p\u00fablicamente a su gobierno que impugne en el marco del T-MEC, la decisi\u00f3n de M\u00e9xico de vetar el ma\u00edz transg\u00e9nico, advirtiendo de un posible da\u00f1o econ\u00f3mico de miles de millones de d\u00f3lares para ambos pa\u00edses.<\/p>\n<div class=\"jsx-3150550767\">\n<p class=\"jsx-3954459878\">Los\u00a0<strong>futuros del ma\u00edz<\/strong>\u00a0de la Bolsa de Chicago cayeron el mi\u00e9rcoles por la ma\u00f1ana tras la noticia, con el contrato de referencia de diciembre bajando 6 centavos el bushel a un m\u00ednimo de dos meses de 6.61-1\/2 d\u00f3lares el bushel.<\/p>\n<\/div>\n<div><\/div>\n<div class=\"jsx-148385675\"><\/div>\n<\/div>\n<\/div>\n<div class=\"jsx-1921398030\">\n<div>\n<div data-luna-player=\"\" data-luna-player-lang=\"es\" data-luna-player-post=\"https:\/\/www.eleconomista.com.mx\/empresas\/Mexico-no-puede-comprar-maiz-amarillo-AMLO-20221109-0041.html\">\n<div class=\"player_wrapper big\">\n<div class=\"player_container\">\n<div class=\"player_container_main\">\n<div class=\"player_controll_btn not_playing\">\n<div class=\"play\"><\/div>\n<\/div>\n<div class=\"player_track_content\">\n<div class=\"player_track_content__header\"><\/div>\n<\/div>\n<\/div>\n<\/div>\n<\/div>\n<\/div>\n<\/div>\n<\/div>\n<\/div>\n","protected":false},"excerpt":{"rendered":"<p>El gobierno de M\u00e9xico no puede comprar ma\u00edz amarillo porque no quiere alimentos gen\u00e9ticamente modificados, dijo este mi\u00e9rcoles el presidente, en medio de un debate sobre el uso del grano&hellip;<\/p>\n","protected":false},"author":1,"featured_media":9918,"comment_status":"open","ping_status":"closed","sticky":false,"template":"","format":"standard","meta":{"footnotes":""},"categories":[7],"tags":[],"class_list":["post-9916","post","type-post","status-publish","format-standard","has-post-thumbnail","hentry","category-nacional"],"_links":{"self":[{"href":"https:\/\/ldpublicicdad.com\/index.php?rest_route=\/wp\/v2\/posts\/9916","targetHints":{"allow":["GET"]}}],"collection":[{"href":"https:\/\/ldpublicicdad.com\/index.php?rest_route=\/wp\/v2\/posts"}],"about":[{"href":"https:\/\/ldpublicicdad.com\/index.php?rest_route=\/wp\/v2\/types\/post"}],"author":[{"embeddable":true,"href":"https:\/\/ldpublicicdad.com\/index.php?rest_route=\/wp\/v2\/users\/1"}],"replies":[{"embeddable":true,"href":"https:\/\/ldpublicicdad.com\/index.php?rest_route=%2Fwp%2Fv2%2Fcomments&post=9916"}],"version-history":[{"count":1,"href":"https:\/\/ldpublicicdad.com\/index.php?rest_route=\/wp\/v2\/posts\/9916\/revisions"}],"predecessor-version":[{"id":9917,"href":"https:\/\/ldpublicicdad.com\/index.php?rest_route=\/wp\/v2\/posts\/9916\/revisions\/9917"}],"wp:featuredmedia":[{"embeddable":true,"href":"https:\/\/ldpublicicdad.com\/index.php?rest_route=\/wp\/v2\/media\/9918"}],"wp:attachment":[{"href":"https:\/\/ldpublicicdad.com\/index.php?rest_route=%2Fwp%2Fv2%2Fmedia&parent=9916"}],"wp:term":[{"taxonomy":"category","embeddable":true,"href":"https:\/\/ldpublicicdad.com\/index.php?rest_route=%2Fwp%2Fv2%2Fcategories&post=9916"},{"taxonomy":"post_tag","embeddable":true,"href":"https:\/\/ldpublicicdad.com\/index.php?rest_route=%2Fwp%2Fv2%2Ftags&post=9916"}],"curies":[{"name":"wp","href":"https:\/\/api.w.org\/{rel}","templated":true}]}}