{"id":9844,"date":"2022-11-03T15:53:07","date_gmt":"2022-11-03T20:53:07","guid":{"rendered":"https:\/\/ldpublicicdad.com\/?p=9844"},"modified":"2022-11-03T20:53:09","modified_gmt":"2022-11-03T20:53:09","slug":"cuando-le-pegara-a-mexico-la-recesion-en-eu-este-es-el-pronostico-de-fitch","status":"publish","type":"post","link":"https:\/\/ldpublicicdad.com\/?p=9844","title":{"rendered":"\u00bfCu\u00e1ndo le \u2018pegar\u00e1&#8217; a M\u00e9xico la recesi\u00f3n en EU? Este es el pron\u00f3stico de Fitch"},"content":{"rendered":"<div class=\"row\">\n<div class=\"col-sm-xl-12 layout-section wrap-bottom\">\n<h4 class=\"primary-font__PrimaryFontStyles-o56yd5-0 heuGTu h4-primary sub-headline\" style=\"text-align: center;\">Una menor demanda externa de la econom\u00eda m\u00e1s grande del mundo inevitablemente afectar\u00e1 a su vecino del sur, se\u00f1al\u00f3 la firma.<\/h4>\n<div class=\"default__StyledDiv-cj38t1-0 gCPfDm share-bar\">\n<p class=\"default__StyledText-xb1qmn-0 cgXrXK body-paragraph\">Fitch Ratings pronostica<b>\u00a0una recesi\u00f3n leve<\/b>\u00a0para la econom\u00eda de Estados Unidos\u00a0<b>a partir del segundo trimestre de 2023<\/b>, lo que impactar\u00e1\u00a0con mayor fuerza a M\u00e9xico\u00a0y, en general, a las econom\u00edas de Am\u00e9rica Latina y el Caribe.<\/p>\n<p class=\"default__StyledText-xb1qmn-0 cgXrXK body-paragraph\">La agencia advirti\u00f3 que\u00a0<b>la menor demanda externa\u00a0<\/b>de la econom\u00eda m\u00e1s grande del mundo afectar\u00e1 a su vecino del sur que depende en extremo de las exportaciones.<\/p>\n<p class=\"default__StyledText-xb1qmn-0 cgXrXK body-paragraph\">Precisa que M\u00e9xico destina el equivalente a\u00a0<b>30.8 por ciento de su PIB<\/b>\u00a0a las exportaciones a Estados Unidos, siendo el pa\u00eds que m\u00e1s dependencia tiene en ese sentido. En contraste, M\u00e9xico \u00fanicamente env\u00eda 7.4 por ciento de su PIB de exportaciones al resto del mundo.<\/p>\n<p class=\"default__StyledText-xb1qmn-0 cgXrXK body-paragraph\">Los principales canales de transmisi\u00f3n hacia Am\u00e9rica Latina y el Caribe son el comercio, las remesas, el turismo y los precios de las materias primas. Dentro de estas regiones, las diferentes caracter\u00edsticas econ\u00f3micas de los pa\u00edses hacen que el impacto pueda variar considerablemente.<\/p>\n<h2 class=\"heading__StyledHeading-sc-5jxglz-0 kSxoe\">Fitch baja pron\u00f3sticos para EU<\/h2>\n<p class=\"default__StyledText-xb1qmn-0 cgXrXK body-paragraph\">La agencia hizo fuertes recortes en sus proyecciones de crecimiento para la econom\u00eda de EU en 2022 y 2023 debido a la debilidad de los datos recibidos;\u00a0un endurecimiento de la Reserva Federal\u00a0<b>mucho m\u00e1s agresivo de lo previsto,<\/b>\u00a0y la recesi\u00f3n econ\u00f3mica en Europa.<\/p>\n<p class=\"default__StyledText-xb1qmn-0 cgXrXK body-paragraph\">\u201cAhora proyectamos un crecimiento del PIB de<b>\u00a01.7 por ciento en 2022<\/b>, frente al 2.9 calculado en junio. Tambi\u00e9n esperamos un crecimiento de<b>\u00a00.5 por ciento en 2023<\/b>, frente a 1.5 por ciento previsto en junio\u201d, subray\u00f3.<\/p>\n<p class=\"default__StyledText-xb1qmn-0 cgXrXK body-paragraph\">Fitch a\u00f1adi\u00f3 que las econom\u00edas sudamericanas tienen v\u00ednculos comerciales limitados con EU, pero se ven afectadas indirectamente a trav\u00e9s del impacto en el comercio mundial y\u00a0<b>los precios de las materias primas.<\/b><\/p>\n<p class=\"default__StyledText-xb1qmn-0 cgXrXK body-paragraph\">Adem\u00e1s, el debilitamiento de los ingresos y el empleo de los hogares estadounidenses podr\u00eda poner en peligro la capacidad de los migrantes para\u00a0enviar remesas a casa\u00a0y desalentar el turismo. Las remesas representan m\u00e1s de<b>\u00a020 por ciento del PIB de algunos pa\u00edses centroamericanos.<\/b><\/p>\n<\/div>\n<\/div>\n<\/div>\n","protected":false},"excerpt":{"rendered":"<p>Una menor demanda externa de la econom\u00eda m\u00e1s grande del mundo inevitablemente afectar\u00e1 a su vecino del sur, se\u00f1al\u00f3 la firma. Fitch Ratings pronostica\u00a0una recesi\u00f3n leve\u00a0para la econom\u00eda de Estados&hellip;<\/p>\n","protected":false},"author":1,"featured_media":9846,"comment_status":"open","ping_status":"closed","sticky":false,"template":"","format":"standard","meta":{"footnotes":""},"categories":[5,7,9],"tags":[],"class_list":["post-9844","post","type-post","status-publish","format-standard","has-post-thumbnail","hentry","category-internacional","category-nacional","category-politica"],"_links":{"self":[{"href":"https:\/\/ldpublicicdad.com\/index.php?rest_route=\/wp\/v2\/posts\/9844","targetHints":{"allow":["GET"]}}],"collection":[{"href":"https:\/\/ldpublicicdad.com\/index.php?rest_route=\/wp\/v2\/posts"}],"about":[{"href":"https:\/\/ldpublicicdad.com\/index.php?rest_route=\/wp\/v2\/types\/post"}],"author":[{"embeddable":true,"href":"https:\/\/ldpublicicdad.com\/index.php?rest_route=\/wp\/v2\/users\/1"}],"replies":[{"embeddable":true,"href":"https:\/\/ldpublicicdad.com\/index.php?rest_route=%2Fwp%2Fv2%2Fcomments&post=9844"}],"version-history":[{"count":1,"href":"https:\/\/ldpublicicdad.com\/index.php?rest_route=\/wp\/v2\/posts\/9844\/revisions"}],"predecessor-version":[{"id":9845,"href":"https:\/\/ldpublicicdad.com\/index.php?rest_route=\/wp\/v2\/posts\/9844\/revisions\/9845"}],"wp:featuredmedia":[{"embeddable":true,"href":"https:\/\/ldpublicicdad.com\/index.php?rest_route=\/wp\/v2\/media\/9846"}],"wp:attachment":[{"href":"https:\/\/ldpublicicdad.com\/index.php?rest_route=%2Fwp%2Fv2%2Fmedia&parent=9844"}],"wp:term":[{"taxonomy":"category","embeddable":true,"href":"https:\/\/ldpublicicdad.com\/index.php?rest_route=%2Fwp%2Fv2%2Fcategories&post=9844"},{"taxonomy":"post_tag","embeddable":true,"href":"https:\/\/ldpublicicdad.com\/index.php?rest_route=%2Fwp%2Fv2%2Ftags&post=9844"}],"curies":[{"name":"wp","href":"https:\/\/api.w.org\/{rel}","templated":true}]}}