{"id":973,"date":"2020-08-12T02:28:49","date_gmt":"2020-08-12T02:28:49","guid":{"rendered":"http:\/\/alertarojaquintanaroo.com\/?p=973"},"modified":"2020-08-12T02:28:49","modified_gmt":"2020-08-12T02:28:49","slug":"victor-guzman-habilitado-para-reintegrarse-con-pachuca-tras-ocho-meses","status":"publish","type":"post","link":"https:\/\/ldpublicicdad.com\/?p=973","title":{"rendered":"V\u00cdCTOR GUZM\u00c1N, HABILITADO PARA REINTEGRARSE CON PACHUCA TRAS OCHO MESES"},"content":{"rendered":"\n<p><sub>El Pocho deber\u00e1 presentar ex\u00e1menes m\u00e9dicos y despu\u00e9s recibir\u00e1 entrenamiento individualizado<\/sub><\/p>\n\n\n\n<p><a href=\"https:\/\/www.record.com.mx\/futbol-liga-mx-chivas\/chivas-victor-guzman-no-volvera-a-chivas-sentencio-ricardo-pelaez\" target=\"_blank\" rel=\"noreferrer noopener\"><strong>V\u00edctor Guzm\u00e1n<\/strong><\/a>&nbsp;puede volver a jugar. Despu\u00e9s de ocho meses de inhabilitaci\u00f3n, el mediocampista mexicano podr\u00e1 volver a ser tomado en cuenta por el cuerpo t\u00e9cnico del&nbsp;<a href=\"https:\/\/www.record.com.mx\/futbol\/liga-mx\/pachuca\" target=\"_blank\" rel=\"noreferrer noopener\"><strong>Pachuca.<\/strong><\/a><\/p>\n\n\n\n<p>Por medio de un comunicado, los&nbsp;<strong>Tuzos<\/strong>&nbsp;dieron a conocer que el \u2018Pocho\u2019 ha recibido el aval de la<strong>&nbsp;FIFA<\/strong>&nbsp;para volver a ejercer la actividad futbol\u00edstica, aunque para ello deber\u00e1 superar ex\u00e1menes m\u00e9dicos.<\/p>\n\n\n\n<p>\u201cA trav\u00e9s del presente informamos que nuestro jugador&nbsp;<strong>V\u00edctor Guzm\u00e1n<\/strong>&nbsp;ha quedado habilitado por las autoridades correspondientes, para poder integrarse a nuestra instituci\u00f3n a partir del 11 de agosto.<\/p>\n\n\n\n<p>\u201cSu reincorporaci\u00f3n ser\u00e1 en dos etapas:<\/p>\n\n\n\n<p>1.- Ex\u00e1menes m\u00e9dicos.<\/p>\n\n\n\n<p>2.- Acondicionamiento f\u00edsico individualizado para ponerlo a tono de competencia\u201d, explica el comunicado.<\/p>\n\n\n\n<p><strong>Guzm\u00e1n<\/strong>&nbsp;fue inhabilitado para jugar profesionalmente en enero de 2020 debido a que en un control antidopaje realizado en la jornada 4 del Apertura 2019 obtuvo un resultado adverso, mismo que se dio a conocer casi cinco meses despu\u00e9s.<\/p>\n\n\n\n<p>Inclusive esta acci\u00f3n propici\u00f3 la ca\u00edda del traspaso del \u2018Pocho\u2019 a&nbsp;<a href=\"https:\/\/www.record.com.mx\/futbol\/liga-mx\/chivas\" target=\"_blank\" rel=\"noreferrer noopener\"><strong>Chivas<\/strong><\/a>, equipo con el que ya estaba integrado e incluso realiz\u00f3 la pretemporada.<\/p>\n\n\n\n<p>El futbolista se mantuvo lejos de los reflectores, aunque se sabe que se mantuvo entrenando por su cuenta para cuando se levantara la sanci\u00f3n.<\/p>\n\n\n\n<figure class=\"wp-block-image\"><img decoding=\"async\" src=\"https:\/\/www.record.com.mx\/sites\/default\/files\/articulos\/2020\/08\/11\/guzmanchivas-12.jpg\" alt=\"El Pocho en un entrenamiento con Chivas\" title=\"IMAGO7\"\/><\/figure>\n","protected":false},"excerpt":{"rendered":"<p>El Pocho deber\u00e1 presentar ex\u00e1menes m\u00e9dicos y despu\u00e9s recibir\u00e1 entrenamiento individualizado V\u00edctor Guzm\u00e1n&nbsp;puede volver a jugar. Despu\u00e9s de ocho meses de inhabilitaci\u00f3n, el mediocampista mexicano podr\u00e1 volver a ser tomado&hellip;<\/p>\n","protected":false},"author":1,"featured_media":974,"comment_status":"open","ping_status":"closed","sticky":false,"template":"","format":"standard","meta":{"footnotes":""},"categories":[3],"tags":[],"class_list":["post-973","post","type-post","status-publish","format-standard","has-post-thumbnail","hentry","category-deportes"],"_links":{"self":[{"href":"https:\/\/ldpublicicdad.com\/index.php?rest_route=\/wp\/v2\/posts\/973","targetHints":{"allow":["GET"]}}],"collection":[{"href":"https:\/\/ldpublicicdad.com\/index.php?rest_route=\/wp\/v2\/posts"}],"about":[{"href":"https:\/\/ldpublicicdad.com\/index.php?rest_route=\/wp\/v2\/types\/post"}],"author":[{"embeddable":true,"href":"https:\/\/ldpublicicdad.com\/index.php?rest_route=\/wp\/v2\/users\/1"}],"replies":[{"embeddable":true,"href":"https:\/\/ldpublicicdad.com\/index.php?rest_route=%2Fwp%2Fv2%2Fcomments&post=973"}],"version-history":[{"count":0,"href":"https:\/\/ldpublicicdad.com\/index.php?rest_route=\/wp\/v2\/posts\/973\/revisions"}],"wp:featuredmedia":[{"embeddable":true,"href":"https:\/\/ldpublicicdad.com\/index.php?rest_route=\/wp\/v2\/media\/974"}],"wp:attachment":[{"href":"https:\/\/ldpublicicdad.com\/index.php?rest_route=%2Fwp%2Fv2%2Fmedia&parent=973"}],"wp:term":[{"taxonomy":"category","embeddable":true,"href":"https:\/\/ldpublicicdad.com\/index.php?rest_route=%2Fwp%2Fv2%2Fcategories&post=973"},{"taxonomy":"post_tag","embeddable":true,"href":"https:\/\/ldpublicicdad.com\/index.php?rest_route=%2Fwp%2Fv2%2Ftags&post=973"}],"curies":[{"name":"wp","href":"https:\/\/api.w.org\/{rel}","templated":true}]}}