{"id":970,"date":"2020-08-12T02:24:24","date_gmt":"2020-08-12T02:24:24","guid":{"rendered":"http:\/\/alertarojaquintanaroo.com\/?p=970"},"modified":"2020-08-12T02:24:24","modified_gmt":"2020-08-12T02:24:24","slug":"volcadura-de-autobus-deja-13-muertos-en-la-mexico-toluca","status":"publish","type":"post","link":"https:\/\/ldpublicicdad.com\/?p=970","title":{"rendered":"VOLCADURA DE AUTOB\u00daS DEJA 13 MUERTOS EN LA M\u00c9XICO-TOLUCA"},"content":{"rendered":"\n<p><strong><em>Un tr\u00e1gico accidente se registr\u00f3 la madrugada de este martes en el que un autob\u00fas de pasajeros de la l\u00ednea Futura se volc\u00f3.<\/em><\/strong><\/p>\n\n\n\n<p>CIUDAD DE M\u00c9XICO. La madrugada de este d\u00eda se registr\u00f3 un fuerte accidente sobre la carretera federal M\u00e9xico-Toluca, a la altura del kil\u00f3metro 37+900, con un saldo de 13 personas fallecidas y 27 lesionados.<\/p>\n\n\n\n<p>En el lugar del accidente, que ocurri\u00f3 con direcci\u00f3n a la capital mexiquense y donde est\u00e1 involucrado un cami\u00f3n de pasajeros, que de acuerdo con los primeros indicios, el percance pudo deberse al exceso de velocidad y al pavimento mojado que predomina en la zona.<\/p>\n\n\n\n<figure class=\"wp-block-image\"><img decoding=\"async\" src=\"https:\/\/www.quequi.com.mx\/wp-content\/uploads\/2020\/08\/accidente2-1024x577.jpg\" alt=\"\" class=\"wp-image-219117\"\/><\/figure>\n\n\n\n<p>De acuerdo con los primeros reportes, el incidente se registr\u00f3 antes de las 03:00 horas cuando el operador del autob\u00fas de la l\u00ednea Futura, que ten\u00eda como destino Puerto Vallarta, perdi\u00f3 el control y volc\u00f3 sobre su lado derecho.<\/p>\n\n\n\n<p>Algunos automovilistas que circulaban por la zona alertaron a los grupos de emergencia, por lo que elementos de la Polic\u00eda Federal, Protecci\u00f3n Civiles de diversos municipios, SUEM y Cruz Roja se trasladaron hasta el punto.<\/p>\n\n\n\n<p>Reportes de la FGJEM indican que en el lugar 13 personas perdieron la vida y 27 m\u00e1s resultaron lesionadas, algunos de gravedad, por lo que no descartan que la cifra de decesos aumente en las pr\u00f3ximas horas.<\/p>\n\n\n\n<p>Agentes de la Fiscal\u00eda General de Justicia del Estado de M\u00e9xico acudieron al sitio para iniciar las primeras investigaciones y posteriormente trasladar los cuerpos al Servicio M\u00e9dico Forense.<\/p>\n\n\n\n<p>Cabe mencionar que la carga vehicular continu\u00f3 hasta despu\u00e9s de las 08:00 horas que fue habilitado un carril; sin embargo, hasta el momento hay tr\u00e1fico pesado desde el Parque La Marquesa.<\/p>\n","protected":false},"excerpt":{"rendered":"<p>Un tr\u00e1gico accidente se registr\u00f3 la madrugada de este martes en el que un autob\u00fas de pasajeros de la l\u00ednea Futura se volc\u00f3. CIUDAD DE M\u00c9XICO. La madrugada de este&hellip;<\/p>\n","protected":false},"author":1,"featured_media":971,"comment_status":"open","ping_status":"closed","sticky":false,"template":"","format":"standard","meta":{"footnotes":""},"categories":[7],"tags":[],"class_list":["post-970","post","type-post","status-publish","format-standard","has-post-thumbnail","hentry","category-nacional"],"_links":{"self":[{"href":"https:\/\/ldpublicicdad.com\/index.php?rest_route=\/wp\/v2\/posts\/970","targetHints":{"allow":["GET"]}}],"collection":[{"href":"https:\/\/ldpublicicdad.com\/index.php?rest_route=\/wp\/v2\/posts"}],"about":[{"href":"https:\/\/ldpublicicdad.com\/index.php?rest_route=\/wp\/v2\/types\/post"}],"author":[{"embeddable":true,"href":"https:\/\/ldpublicicdad.com\/index.php?rest_route=\/wp\/v2\/users\/1"}],"replies":[{"embeddable":true,"href":"https:\/\/ldpublicicdad.com\/index.php?rest_route=%2Fwp%2Fv2%2Fcomments&post=970"}],"version-history":[{"count":0,"href":"https:\/\/ldpublicicdad.com\/index.php?rest_route=\/wp\/v2\/posts\/970\/revisions"}],"wp:featuredmedia":[{"embeddable":true,"href":"https:\/\/ldpublicicdad.com\/index.php?rest_route=\/wp\/v2\/media\/971"}],"wp:attachment":[{"href":"https:\/\/ldpublicicdad.com\/index.php?rest_route=%2Fwp%2Fv2%2Fmedia&parent=970"}],"wp:term":[{"taxonomy":"category","embeddable":true,"href":"https:\/\/ldpublicicdad.com\/index.php?rest_route=%2Fwp%2Fv2%2Fcategories&post=970"},{"taxonomy":"post_tag","embeddable":true,"href":"https:\/\/ldpublicicdad.com\/index.php?rest_route=%2Fwp%2Fv2%2Ftags&post=970"}],"curies":[{"name":"wp","href":"https:\/\/api.w.org\/{rel}","templated":true}]}}