{"id":9572,"date":"2022-10-12T16:00:47","date_gmt":"2022-10-12T21:00:47","guid":{"rendered":"https:\/\/ldpublicicdad.com\/?p=9572"},"modified":"2022-10-12T21:00:50","modified_gmt":"2022-10-12T21:00:50","slug":"asi-llega-mexico-a-la-reunion-de-alto-nivel-con-eeuu-en-materia-de-seguridad","status":"publish","type":"post","link":"https:\/\/ldpublicicdad.com\/?p=9572","title":{"rendered":"As\u00ed llega M\u00e9xico a la reuni\u00f3n de alto nivel con EEUU en materia de seguridad"},"content":{"rendered":"<h4 class=\"article-subheadline\" style=\"text-align: center;\">La delegaci\u00f3n mexicana se reunir\u00e1 con el secretario de Estado de EEUU, Antony Blinken; el secretario de Seguridad Nacional, Alejandro Mayorkas, y el fiscal general, Merrick Garland<\/h4>\n<div class=\"byline\">\n<div class=\"byline-text-wrapper\">\n<p class=\"paragraph\">M\u00e9xico y Estados Unidos llevar\u00e1n a cabo este jueves en Washington la segunda reuni\u00f3n del\u00a0<b>Di\u00e1logo de Alto Nivel en Seguridad\u00a0<\/b>(DANS), para dar seguimiento al mecanismo de cooperaci\u00f3n que fue lanzado en septiembre de 2021, juastamente en la capital norteamericana.<\/p>\n<p class=\"paragraph\">El encuentro ocurrir\u00e1 en medio de un desacuerdo p\u00fablico en materia energ\u00e9tica dentro del\u00a0<b>Tratado entre M\u00e9xico, Estados Unidos y Canad\u00e1 (T-MEC)<\/b>, que tiene a nuestro pa\u00eds a las puertas de un panel de arbitraje internacional, pero tambi\u00e9n con algunas circunstancias complejas en materia de seguridad.<\/p>\n<p class=\"paragraph\">A un a\u00f1o del nuevo modelo de cooperaci\u00f3n en materia de seguridad, que reemplaz\u00f3 a la Iniciativa M\u00e9rida, la delegaci\u00f3n mexicana ser\u00e1 encabezada por el\u00a0<b>canciller Marcelo Ebrard y el fiscal Alejandro Gertz Manero,\u00a0<\/b>mientras que la parte norteamericana el quipo estar\u00e1 integrado por el secretario de Estado,\u00a0<b>Antony Blinken;<\/b>\u00a0el secretario de Seguridad Nacional,<b>\u00a0Alejandro Mayorkas<\/b>, y el fiscal general,\u00a0<b>Merrick Garland<\/b>.<\/p>\n<p class=\"paragraph\">La delegaci\u00f3n mexicana llega en un momento cr\u00edtico debido a la difusi\u00f3n, por parte de\u00a0<b>Rusia, del acuerdo con M\u00e9xico<\/b>\u00a0para la cooperaci\u00f3n en materia de<b>\u00a0seguridad aeroespacial<\/b>\u00a0\u201ccon fines pac\u00edficos\u201d, que a ojos de analistas norteamericanos podr\u00eda ser la puerta de entrada a la regi\u00f3n para los sistemas esp\u00edas de Mosc\u00fa, aunque las autoridades mexicanos negaron tales prop\u00f3sitos.<\/p>\n<p class=\"paragraph\">Tambi\u00e9n, el escenario se complica un poco m\u00e1s luego que el hackeo a Sedena por parte del colectivo\u00a0<b>Guacamaya\u00a0<\/b>dej\u00f3 al descubierto que\u00a0<b>el Ej\u00e9rcito mexicano estar\u00eda involucrado en labores de espionaje a activistas y defensores de derechos humanos<\/b>, adem\u00e1s de su presunta responsabilidad en el crimen de Estado por la desaparici\u00f3n de los 43 estudiantes de Ayotzinapa, mientras el crimen organizado sigue operando sin pudor por todo el territorio mexicano, como qued\u00f3 en evidencia tras la masacre en Totoloapan, Guerrero.<\/p>\n<p class=\"paragraph\">Adem\u00e1s, el incidente del\u00a0<b>embajador de Estados Unidos en M\u00e9xico, Ken Salazar<\/b>, y su acercamiento con el\u00a0<b>gobernador de Zacatecas, David Monreal,<\/b>\u00a0para impulsar un acuerdo de cooperaci\u00f3n en materia de seguridad, hace pensar a los analistas pol\u00edticos de la urgencia de EEUU para lograr avances en la seguridad dentro de M\u00e9xico, donde la estrategia federal es no combatir frontalmente a los c\u00e1rteles.<\/p>\n<p class=\"paragraph\">Por su parte, el\u00a0<b>secretario de Relaciones Exteriores, Marcelo Ebrard,<\/b>\u00a0reconoci\u00f3 este mi\u00e9rcoles en una entrevista al diario Milenio que la<b>\u00a0relaci\u00f3n con el vecino del Norte es complicada<\/b>, pero no solo ahora, sino desde el anterior gobierno de\u00a0<b>Donald Trump<\/b>, quien con el tema de los aranceles estuvo a \u201cmilimetros\u201d de poner a M\u00e9xico en un problema mayor.<\/p>\n<p class=\"paragraph\">Ebrard tambi\u00e9n se\u00f1al\u00f3 que la detenci\u00f3n del\u00a0<b>ex secretario de la Defensa Nacional de M\u00e9xico, el General Salvador Cienfuegos,<\/b>\u00a0por sus presuntos nexos con el narcotr\u00e1fico y las limitaciones impuestas por el gobierno mexicano a la DEA, deriv\u00f3 en el enfriamiento de la relaci\u00f3n entre ambas naciones.<\/p>\n<p class=\"paragraph\">Por su parte, las autoridades norteamericanas han dejado saber que su agenda est\u00e1 enfocada en el tr\u00e1fico de migrantes que atraviesa por M\u00e9xico, adem\u00e1s de la elevada producci\u00f3n de drogas sint\u00e9ticas a cargo de los c\u00e1rteles mexicanos, las cuales son exportadas hacia EEUU.<\/p>\n<p class=\"paragraph\"><b>Roberto Velasco, subsecretario de la SRE<\/b>, apunt\u00f3 este mi\u00e9rcoles que la delegaci\u00f3n mexicana busca poner sobre la mesa el tema del tr\u00e1fico de armas, pues aunque ya hay avances en materia de inteligencia para conocer el flujo de este tipo de mercancia,<\/p>\n<h2 class=\"header\">M\u00e9xico y la pol\u00e9mica por sistema satelital ruso<\/h2>\n<p class=\"paragraph\">El\u00a0<b>presidente de M\u00e9xico, Andr\u00e9s Manuel L\u00f3pez Obrador<\/b>, reconoci\u00f3 este lunes que existe un acuerdo de cooperaci\u00f3n espacial con Rusia, al tiempo que rechaz\u00f3 una serie de convenios entre agencias de seguridad de Estados Unidos y un gobierno estatal mexicano.<\/p>\n<p class=\"paragraph\">El<b>\u00a0acuerdo firmado entre M\u00e9xico y Rusia en septiembre de 2021<\/b>\u00a0se enfoca en la \u201cexploraci\u00f3n y utilizaci\u00f3n del espacio ultraterrestre para fines pac\u00edficos\u201d, seg\u00fan informaci\u00f3n brindada por la Canciller\u00eda mexicana.<\/p>\n<p class=\"paragraph\">Pero la embajada rusa en M\u00e9xico afirm\u00f3 la semana pasada, en su cuenta oficial de Facebook, que dicho pacto prev\u00e9 la \u201cposible instalaci\u00f3n de estaciones #GLONASS en territorio mexicano\u201d, un sistema global de navegaci\u00f3n por sat\u00e9lite ruso, hom\u00f3logo del GPS estadounidense.<\/p>\n<p class=\"paragraph\">La Canciller\u00eda rechaz\u00f3 en un comunicado el s\u00e1bado tal afirmaci\u00f3n, al asegurar que el acuerdo \u201cno contempla acciones relacionadas con el sistema Glonass\u201d.<\/p>\n<\/div>\n<\/div>\n","protected":false},"excerpt":{"rendered":"<p>La delegaci\u00f3n mexicana se reunir\u00e1 con el secretario de Estado de EEUU, Antony Blinken; el secretario de Seguridad Nacional, Alejandro Mayorkas, y el fiscal general, Merrick Garland M\u00e9xico y Estados&hellip;<\/p>\n","protected":false},"author":1,"featured_media":9574,"comment_status":"open","ping_status":"closed","sticky":false,"template":"","format":"standard","meta":{"footnotes":""},"categories":[5,7,9],"tags":[],"class_list":["post-9572","post","type-post","status-publish","format-standard","has-post-thumbnail","hentry","category-internacional","category-nacional","category-politica"],"_links":{"self":[{"href":"https:\/\/ldpublicicdad.com\/index.php?rest_route=\/wp\/v2\/posts\/9572","targetHints":{"allow":["GET"]}}],"collection":[{"href":"https:\/\/ldpublicicdad.com\/index.php?rest_route=\/wp\/v2\/posts"}],"about":[{"href":"https:\/\/ldpublicicdad.com\/index.php?rest_route=\/wp\/v2\/types\/post"}],"author":[{"embeddable":true,"href":"https:\/\/ldpublicicdad.com\/index.php?rest_route=\/wp\/v2\/users\/1"}],"replies":[{"embeddable":true,"href":"https:\/\/ldpublicicdad.com\/index.php?rest_route=%2Fwp%2Fv2%2Fcomments&post=9572"}],"version-history":[{"count":1,"href":"https:\/\/ldpublicicdad.com\/index.php?rest_route=\/wp\/v2\/posts\/9572\/revisions"}],"predecessor-version":[{"id":9573,"href":"https:\/\/ldpublicicdad.com\/index.php?rest_route=\/wp\/v2\/posts\/9572\/revisions\/9573"}],"wp:featuredmedia":[{"embeddable":true,"href":"https:\/\/ldpublicicdad.com\/index.php?rest_route=\/wp\/v2\/media\/9574"}],"wp:attachment":[{"href":"https:\/\/ldpublicicdad.com\/index.php?rest_route=%2Fwp%2Fv2%2Fmedia&parent=9572"}],"wp:term":[{"taxonomy":"category","embeddable":true,"href":"https:\/\/ldpublicicdad.com\/index.php?rest_route=%2Fwp%2Fv2%2Fcategories&post=9572"},{"taxonomy":"post_tag","embeddable":true,"href":"https:\/\/ldpublicicdad.com\/index.php?rest_route=%2Fwp%2Fv2%2Ftags&post=9572"}],"curies":[{"name":"wp","href":"https:\/\/api.w.org\/{rel}","templated":true}]}}