{"id":9503,"date":"2022-10-07T16:07:44","date_gmt":"2022-10-07T21:07:44","guid":{"rendered":"https:\/\/ldpublicicdad.com\/?p=9503"},"modified":"2022-10-07T21:07:46","modified_gmt":"2022-10-07T21:07:46","slug":"convocatoria-abierta-modelo-de-la-union-europea-en-mexico-muemex-2022","status":"publish","type":"post","link":"https:\/\/ldpublicicdad.com\/?p=9503","title":{"rendered":"\u00a1Convocatoria abierta! Modelo de la Uni\u00f3n Europea en M\u00e9xico (MUEMEX 2022)"},"content":{"rendered":"<div class=\"clearfix text-formatted field field--name-field-text-teaser field--type-text-long field--label-hidden field__item\">\n<h4 style=\"text-align: center;\">La Delegaci\u00f3n de la Uni\u00f3n Europea (UE) en M\u00e9xico, con el objetivo de promover y profundizar el conocimiento y entendimiento del funcionamiento de las instituciones de la UE entre estudiantes de nivel universitario de la Rep\u00fablica Mexicana, organiza el Modelo de la Uni\u00f3n Europea M\u00e9xico (MUEMEX) 2022.<\/h4>\n<p>Las y los participantes del MUEMEX 2022 conocer\u00e1n la manera en la que los Jefes de Estado o de Gobierno de los 27 Estados Miembros de la UE, el Presidente del Consejo Europeo y el Presidente de la Comisi\u00f3n Europea adoptan conclusiones dentro del Consejo Europeo en una cumbre extraordinaria en la que se abordar\u00e1 uno de los temas m\u00e1s importantes en la agenda actual europea: Las medidas para acelerar la transici\u00f3n energ\u00e9tica en la UE.<\/p>\n<p>\u2022 Objetivos:<br \/>\n1. Familiarizar a las y los estudiantes con la adopci\u00f3n de conclusiones en el Consejo Europeo.<br \/>\n2. Actualizar a las y los estudiantes acerca de los desaf\u00edos contempor\u00e1neos que enfrenta la Uni\u00f3n Europea para definir medidas que permitan acelerar el proceso de la transici\u00f3n energ\u00e9tica en un contexto de crisis.<br \/>\n3. Fomentar el inter\u00e9s de las y los futuros profesionistas mexicanos en la Uni\u00f3n Europea, como referente en el dise\u00f1o e implementaci\u00f3n de energ\u00edas renovables y\/o alternativas.<\/p>\n<p>\u2022 Fecha: Jueves 17 de noviembre de 2022<\/p>\n<p>\u2022 Lugar: Ciudad de M\u00e9xico \u2013 la ubicaci\u00f3n exacta de la sede se dar\u00e1 a conocer al momento de la notificaci\u00f3n a los candidatos seleccionados.<\/p>\n<p>\u2022 \u00bfQui\u00e9n puede participar?<br \/>\nEstudiantes actualmente inscritos en una universidad o centro de estudios de educaci\u00f3n superior p\u00fablico o privado de la Rep\u00fablica Mexicana, en nivel de licenciatura (a partir del 3er semestre) que est\u00e9n cursando una carrera en Ciencias Sociales, Humanidades, Derecho y\/o Econom\u00eda.<\/p>\n<p>El Comit\u00e9 organizador del MUEMEX 2022 seleccionar\u00e1 a los 29 mejores equipos \u2013integrados por dos personas cada uno (58 participantes en total)\u2013 de los cuales, 27 equipos representar\u00e1n a los Estados Miembros de la Uni\u00f3n Europea, un equipo representar\u00e1 al Presidente del Consejo Europeo y un equipo representar\u00e1 a la Presidenta de la Comisi\u00f3n Europea.<\/p>\n<p>\u2022 \u00bfC\u00f3mo inscribirse?<br \/>\nUno de los integrantes del equipo deber\u00e1:<br \/>\n1. Enviar un correo electr\u00f3nico a\u00a0muemex2022@gmail.com\u00a0con el siguiente asunto: Registro_MUEMEX2022_ACR\u00d3NIMO DE SU UNIVERSIDAD_APELLIDOS PATERNOS DE LOS DOS INTEGRANTES DEL EQUIPO (Ejemplo: Registro_MUEMEX2022_UNAM_HERN\u00c1NDEZ_RODR\u00cdGUEZ) adjuntando la siguiente documentaci\u00f3n:<br \/>\na) Documento que acredite la inscripci\u00f3n en la universidad, la carrera y el semestre que actualmente est\u00e1 cursando cada uno de los participantes.<br \/>\nb) Dos cartas de motivaci\u00f3n (una por cada estudiante \u2013 m\u00e1ximo 3,000 caracteres con espacios)<br \/>\nc) Dos cartas de recomendaci\u00f3n de alguno de sus profesores (una por cada estudiante \u2013 con formato libre y un m\u00e1ximo de 3,000 caracteres con espacios)<br \/>\nd) CVs de los dos alumnos (m\u00e1ximo 1 p\u00e1gina cada uno)<br \/>\ne) Un texto de 500 palabras donde se indiquen las \u00faltimas pol\u00edticas acerca de los precios de energ\u00eda y seguridad del suministro en la Uni\u00f3n Europea y la manera en la que se abordar\u00e1n las medidas para acelerar la seguridad y la transici\u00f3n energ\u00e9tica en la UE.<br \/>\nf) Nivel de ingl\u00e9s intermedio como m\u00ednimo.*<\/p>\n<p>Registrar a su equipo en el siguiente link:\u00a0https:\/\/bit.ly\/3CybSmr<\/p>\n<p>Las cartas de motivaci\u00f3n de las y los estudiantes deber\u00e1n incluir los siguientes aspectos:<br \/>\na) Razones por las que les interesa participar en el MUEMEX 2022 y profundizar su conocimiento sobre la UE.<br \/>\nb) Estado Miembro o instituci\u00f3n de la UE que le gustar\u00eda representar y sus razones. (No se garantiza su asignaci\u00f3n en caso de ser seleccionado para participar.)<br \/>\nc) \u00bfQu\u00e9 contribuci\u00f3n \u00fanica considera que su participaci\u00f3n aportar\u00e1 al modelo?<br \/>\nd) Despu\u00e9s de la experiencia en MUEMEX 2022 \u00bfc\u00f3mo continuar\u00e1 profundizando su conocimiento sobre la UE en su carrera profesional?<\/p>\n<p>El registro es gratuito; no hay cuota de inscripci\u00f3n. Los gastos de traslado, hospedaje y otros gastos personales deber\u00e1n ser cubiertos por los participantes.<\/p>\n<p>En caso de preguntas favor de escribir antes del 17 de octubre al siguiente correo electr\u00f3nico:\u00a0muemex2022@gmail.com<\/p>\n<p>\u2022 Evaluaci\u00f3n:<br \/>\nTodos los documentos preparados por las y los participantes, as\u00ed como su nivel de conocimiento sobre la UE y sus habilidades para negociar, trabajar en equipo, debatir y presentar sus posiciones ser\u00e1n constantemente analizados por el comit\u00e9 evaluador, el cual ser\u00e1 designado por la Delegaci\u00f3n de la Uni\u00f3n Europea en M\u00e9xico. El anuncio de los ganadores se dar\u00e1 a conocer al t\u00e9rmino del evento y el fallo del comit\u00e9 evaluador ser\u00e1 inapelable.<\/p>\n<p>\u2022 Premios:<br \/>\nEl Comit\u00e9 evaluador designar\u00e1 a dos equipos ganadores, los cuales ser\u00e1n acreedores a los siguientes premios, respectivamente:<\/p>\n<p>Primer lugar: Viaje a Bruselas, B\u00e9lgica, para el equipo ganador integrado por dos estudiantes para atender un curso ejecutivo en el Colegio de Europa sobre \u201cEU Energy Policy\u201d (impartido en ingl\u00e9s*)\u00a0https:\/\/www.coleurope.eu\/training-projects\/training\/executive-training\/summer-courses\/eu-energy-policy, durante la semana del 10 al 14 de julio de 2023. Los costos del traslado a\u00e9reo, hospedaje y vi\u00e1ticos durante los d\u00edas del curso estar\u00e1n totalmente cubiertos.<\/p>\n<p>*Debido a que el curso impartido por el Colegio de Europa ser\u00e1 en ingl\u00e9s, es requisito indispensable que los participantes cuenten con un nivel adecuado de comprensi\u00f3n del idioma, incluidos lectura y expresi\u00f3n oral y escrita.<\/p>\n<p>Segundo lugar: Una bicicleta el\u00e9ctrica para cada uno de los estudiantes integrantes del equipo.<\/p>\n<p>\u2022 Calendario:<br \/>\nConvocatoria de expresi\u00f3n de Inter\u00e9s<br \/>\nPublicaci\u00f3n: 7 de octubre<br \/>\nCierre: 24 de octubre<br \/>\nNotificaci\u00f3n a los equipos seleccionados y asignaci\u00f3n de Estado Miembro de la UE que representar\u00e1: 28 de octubre<br \/>\nSesi\u00f3n virtual de capacitaci\u00f3n (obligatoria): 3 de noviembre<br \/>\nEvento de simulaci\u00f3n MUEMEX 2022: 17 de noviembre<\/p>\n<p>Cualquier situaci\u00f3n no prevista en la presente convocatoria ser\u00e1 resuelta por el Comit\u00e9 Organizador.<\/p>\n<\/div>\n","protected":false},"excerpt":{"rendered":"<p>La Delegaci\u00f3n de la Uni\u00f3n Europea (UE) en M\u00e9xico, con el objetivo de promover y profundizar el conocimiento y entendimiento del funcionamiento de las instituciones de la UE entre estudiantes&hellip;<\/p>\n","protected":false},"author":1,"featured_media":9505,"comment_status":"open","ping_status":"closed","sticky":false,"template":"","format":"standard","meta":{"footnotes":""},"categories":[5,7,9],"tags":[],"class_list":["post-9503","post","type-post","status-publish","format-standard","has-post-thumbnail","hentry","category-internacional","category-nacional","category-politica"],"_links":{"self":[{"href":"https:\/\/ldpublicicdad.com\/index.php?rest_route=\/wp\/v2\/posts\/9503","targetHints":{"allow":["GET"]}}],"collection":[{"href":"https:\/\/ldpublicicdad.com\/index.php?rest_route=\/wp\/v2\/posts"}],"about":[{"href":"https:\/\/ldpublicicdad.com\/index.php?rest_route=\/wp\/v2\/types\/post"}],"author":[{"embeddable":true,"href":"https:\/\/ldpublicicdad.com\/index.php?rest_route=\/wp\/v2\/users\/1"}],"replies":[{"embeddable":true,"href":"https:\/\/ldpublicicdad.com\/index.php?rest_route=%2Fwp%2Fv2%2Fcomments&post=9503"}],"version-history":[{"count":1,"href":"https:\/\/ldpublicicdad.com\/index.php?rest_route=\/wp\/v2\/posts\/9503\/revisions"}],"predecessor-version":[{"id":9504,"href":"https:\/\/ldpublicicdad.com\/index.php?rest_route=\/wp\/v2\/posts\/9503\/revisions\/9504"}],"wp:featuredmedia":[{"embeddable":true,"href":"https:\/\/ldpublicicdad.com\/index.php?rest_route=\/wp\/v2\/media\/9505"}],"wp:attachment":[{"href":"https:\/\/ldpublicicdad.com\/index.php?rest_route=%2Fwp%2Fv2%2Fmedia&parent=9503"}],"wp:term":[{"taxonomy":"category","embeddable":true,"href":"https:\/\/ldpublicicdad.com\/index.php?rest_route=%2Fwp%2Fv2%2Fcategories&post=9503"},{"taxonomy":"post_tag","embeddable":true,"href":"https:\/\/ldpublicicdad.com\/index.php?rest_route=%2Fwp%2Fv2%2Ftags&post=9503"}],"curies":[{"name":"wp","href":"https:\/\/api.w.org\/{rel}","templated":true}]}}