{"id":9482,"date":"2022-10-05T15:58:04","date_gmt":"2022-10-05T20:58:04","guid":{"rendered":"https:\/\/ldpublicicdad.com\/?p=9482"},"modified":"2022-10-05T20:58:08","modified_gmt":"2022-10-05T20:58:08","slug":"senado-de-mexico-aprueba-la-permanencia-del-ejercito-en-las-calles-hasta-2028","status":"publish","type":"post","link":"https:\/\/ldpublicicdad.com\/?p=9482","title":{"rendered":"Senado de M\u00e9xico aprueba la permanencia del Ej\u00e9rcito en las calles hasta 2028"},"content":{"rendered":"<p>El\u00a0Pleno del Senado de M\u00e9xico aprob\u00f3, con cambios, la reforma al Art\u00edculo 5to Transitorio del Decreto en materia de\u00a0Guardia Nacional, publicado en el Diario Oficial de la Federaci\u00f3n el 26 de marzo de 2019, para extender, hasta 2028, la permanencia de las Fuerzas Armadas en tareas de seguridad p\u00fablica.<\/p>\n<p>Con los votos divididos, 87 a favor y 40 en contra, las y los senadores modificaron la minuta que envi\u00f3 la C\u00e1mara de Diputados, a trav\u00e9s de una adenda que se incorpor\u00f3 al inicio del debate para incluir mecanismos de control parlamentario, rendici\u00f3n de cuentas, evaluaci\u00f3n y supervisi\u00f3n de las tareas de seguridad p\u00fablica que realicen las Fuerzas Armadas.<\/p>\n<p>Este dictamen mantiene la propuesta de la colegisladora para que \u201cdurante los nueve a\u00f1os siguientes a la entrada en vigor del presente decreto, en tanto la Guardia Nacional desarrolla su estructura, capacidades e implantaci\u00f3n territorial, el presidente de la Rep\u00fablica podr\u00e1 disponer de la Fuerza Armada permanente en tareas de seguridad p\u00fablica\u201d.<\/p>\n<p>Tambi\u00e9n se incorpor\u00f3 una propuesta del senador Ricardo Monreal \u00c1vila, para modificar el art\u00edculo segundo transitorio del dictamen, a fin de precisar que, a partir de la entrada en vigor del decreto, el Consejo Nacional de Seguridad P\u00fablica determinar\u00e1 el grado de avance en el diagn\u00f3stico y los programas en materia de Guardia Nacional, en lugar del Secretariado Ejecutivo del Consejo Nacional de Seguridad Nacional.<\/p>\n<h2><strong>El debate en el Senado de M\u00e9xico<\/strong><\/h2>\n<p>La senadora del Partido Acci\u00f3n Nacional (PAN), Lily T\u00e9llez, us\u00f3 su intervenci\u00f3n para cuestionar las modificaciones, y llam\u00f3 a la Guardia Nacional un fracaso \u201cpersonal\u201d del presidente, Andr\u00e9s Manuel L\u00f3pez Obrador. Asimismo, protagoniz\u00f3 una serie de confrontaciones mientras hizo el uso de la palabra.<\/p>\n<p>\u201cAseg\u00farense de que AMLO tome sus medicinas para sus achaques, porque lo quiero vivo para cuando la naci\u00f3n mexicana le demande haber creado un Estado narcomilitar, \u00a1Viva M\u00e9xico y no a la militarizaci\u00f3n!\u201d, dijo T\u00e9llez.<\/p>\n<p>Durante el debate la senadora Imelda Castro Castro, del Movimiento Regeneraci\u00f3n Nacional (Morena), afirm\u00f3 que su tolda ha construido un marco legal para atacar de fondo el flagelo de la violencia y la inseguridad. El cual descompuso, durante d\u00e9cadas el tejido social y pol\u00edtico. Adem\u00e1s, pidi\u00f3 votar a favor de esta propuesta por el bien de las y los mexicanos.<\/p>\n<p>Por Acci\u00f3n Nacional, la senadora Nadia Navarro Acevedo dijo que la militarizaci\u00f3n no es la soluci\u00f3n al grave problema de inseguridad y corrupci\u00f3n que vive M\u00e9xico. Tambi\u00e9n, lament\u00f3 que impere el discurso de la polarizaci\u00f3n en lugar de defender el Estado de derecho y que, \u201chay un pacto de impunidad que llena de verg\u00fcenza este dictamen y nos obliga a no acompa\u00f1arlo\u201d.<\/p>\n","protected":false},"excerpt":{"rendered":"<p>El\u00a0Pleno del Senado de M\u00e9xico aprob\u00f3, con cambios, la reforma al Art\u00edculo 5to Transitorio del Decreto en materia de\u00a0Guardia Nacional, publicado en el Diario Oficial de la Federaci\u00f3n el 26&hellip;<\/p>\n","protected":false},"author":1,"featured_media":9484,"comment_status":"open","ping_status":"closed","sticky":false,"template":"","format":"standard","meta":{"footnotes":""},"categories":[7,8,9],"tags":[],"class_list":["post-9482","post","type-post","status-publish","format-standard","has-post-thumbnail","hentry","category-nacional","category-policia","category-politica"],"_links":{"self":[{"href":"https:\/\/ldpublicicdad.com\/index.php?rest_route=\/wp\/v2\/posts\/9482","targetHints":{"allow":["GET"]}}],"collection":[{"href":"https:\/\/ldpublicicdad.com\/index.php?rest_route=\/wp\/v2\/posts"}],"about":[{"href":"https:\/\/ldpublicicdad.com\/index.php?rest_route=\/wp\/v2\/types\/post"}],"author":[{"embeddable":true,"href":"https:\/\/ldpublicicdad.com\/index.php?rest_route=\/wp\/v2\/users\/1"}],"replies":[{"embeddable":true,"href":"https:\/\/ldpublicicdad.com\/index.php?rest_route=%2Fwp%2Fv2%2Fcomments&post=9482"}],"version-history":[{"count":1,"href":"https:\/\/ldpublicicdad.com\/index.php?rest_route=\/wp\/v2\/posts\/9482\/revisions"}],"predecessor-version":[{"id":9483,"href":"https:\/\/ldpublicicdad.com\/index.php?rest_route=\/wp\/v2\/posts\/9482\/revisions\/9483"}],"wp:featuredmedia":[{"embeddable":true,"href":"https:\/\/ldpublicicdad.com\/index.php?rest_route=\/wp\/v2\/media\/9484"}],"wp:attachment":[{"href":"https:\/\/ldpublicicdad.com\/index.php?rest_route=%2Fwp%2Fv2%2Fmedia&parent=9482"}],"wp:term":[{"taxonomy":"category","embeddable":true,"href":"https:\/\/ldpublicicdad.com\/index.php?rest_route=%2Fwp%2Fv2%2Fcategories&post=9482"},{"taxonomy":"post_tag","embeddable":true,"href":"https:\/\/ldpublicicdad.com\/index.php?rest_route=%2Fwp%2Fv2%2Ftags&post=9482"}],"curies":[{"name":"wp","href":"https:\/\/api.w.org\/{rel}","templated":true}]}}