{"id":9344,"date":"2022-09-25T15:17:28","date_gmt":"2022-09-25T20:17:28","guid":{"rendered":"https:\/\/ldpublicicdad.com\/?p=9344"},"modified":"2022-09-26T20:23:52","modified_gmt":"2022-09-26T20:23:52","slug":"mexico-crecera-solo-1-5-en-2023-impactado-por-la-desaceleracion-de-eu-ocde","status":"publish","type":"post","link":"https:\/\/ldpublicicdad.com\/?p=9344","title":{"rendered":"M\u00e9xico crecer\u00e1 s\u00f3lo 1.5% en 2023 impactado por la desaceleraci\u00f3n de EU: OCDE"},"content":{"rendered":"<div class=\"jsx-1778878049 \">\n<h4 style=\"text-align: center;\">Inflaci\u00f3n y endurecimiento de pol\u00edticas monetarias ante el impacto econ\u00f3mico de la invasi\u00f3n de Rusia sobre Ucrania ser\u00e1n el com\u00fan denominador para el pr\u00f3ximo a\u00f1os; Estados Unidos apenas crecer\u00e1 medio punto, no pronostican recesi\u00f3n.<\/h4>\n<\/div>\n<div class=\"jsx-1921398030 newsbody\">\n<div class=\"jsx-670345696 share fixed\">\n<div class=\"jsx-670345696 \">\n<p class=\"jsx-3954459878\">El crecimiento del Producto Interno Bruto (PIB) de M\u00e9xico sufrir\u00e1 una desaceleraci\u00f3n en el 2023, debido a su alta exposici\u00f3n al ciclo econ\u00f3mico mundial y a una menor demanda de las econom\u00edas avanzadas, particularmente de Estados Unidos, estim\u00f3 la Organizaci\u00f3n para la Cooperaci\u00f3n y el Desarrollo Econ\u00f3micos (<strong>OCDE<\/strong>).<\/p>\n<p class=\"jsx-3954459878 fi-aic_250\">Seg\u00fan sus estimaciones,\u00a0<strong>M\u00e9xico conseguir\u00e1 un crecimiento de 1.5%<\/strong>\u00a0en el PIB del a\u00f1o pr\u00f3ximo, tasa inferior en seis d\u00e9cimas al pron\u00f3stico de 2.1% previsto por ellos mismos en junio.<\/p>\n<p class=\"jsx-3954459878\">Asimismo, esta estimaci\u00f3n es inferior a 3% que utiliz\u00f3 el gobierno como base para calcular los ingresos presupuestales del a\u00f1o pr\u00f3ximo.<\/p>\n<p class=\"jsx-3954459878 fi-aic_250\">En el Interim Economic Outlook, los expertos de la OCDE ajustaron al alza su pron\u00f3stico para el PIB mexicano de este a\u00f1o, para dejarlo en 2.1% desde 1.9% que ten\u00edan proyectado hace tres meses. De manera que la proyecci\u00f3n actualizada para el 2023, supone una desaceleraci\u00f3n<\/p>\n<p class=\"jsx-3954459878\">Previeron que la moderaci\u00f3n en la actividad econ\u00f3mica tambi\u00e9n ser\u00e1 resultado del endurecimiento de la\u00a0<strong>pol\u00edtica monetaria<\/strong>, lo que en conjunto permitir\u00e1 moderar la escalada de la inflaci\u00f3n de una forma gradual.<\/p>\n<div class=\"jsx-317244180 jsx-1524344588 jsx-238915999 jsx-2334624270 jsx-771075758 jsx-2932945249 banner\">\n<div class=\"jsx-317244180 jsx-1524344588 jsx-238915999 jsx-2334624270 jsx-771075758 jsx-2932945249\">\n<p class=\"jsx-3954459878\">No obstante, estiman que el pr\u00f3ximo a\u00f1o la\u00a0<strong>inflaci\u00f3n de M\u00e9xico<\/strong>\u00a0registrar\u00e1 una variaci\u00f3n de 4.9% anual, que supera en cinco d\u00e9cimas la expectativa que divulgaron en junio.<\/p>\n<p class=\"jsx-3954459878 fi-aic_250\">Este pron\u00f3stico de la OCDE se encuentra arriba de la media de expectativas de instituciones financieras recabadas por la encuesta Citibanamex del 20 de septiembre, que anticipa inflaci\u00f3n en niveles de 4.70 por ciento.<\/p>\n<p class=\"jsx-3954459878\">Para este a\u00f1o, los expertos de la organizaci\u00f3n estiman que la inflaci\u00f3n registrar\u00e1 una variaci\u00f3n de 7.9%, perspectiva que contrasta con 8.37% que tiene el consenso de instituciones financieras encuestadas por Citibanamex.<\/p>\n<h2 class=\"jsx-1282840227\">Inflaci\u00f3n y respuesta monetaria<\/h2>\n<p class=\"jsx-3954459878\">En el documento, que fue presentado en la madrugada del lunes, por el secretario de la OCDE,\u00a0<strong>Mathias Cormann<\/strong>, hicieron un acercamiento a las econom\u00edas de Am\u00e9rica Latina, para destacar que en las m\u00e1s grandes, como Brasil y M\u00e9xico, los bancos centrales ya aumentaron las tasas de inter\u00e9s.<\/p>\n<p class=\"jsx-3954459878 fi-aic_250\">Este endurecimiento de la pol\u00edtica monetaria, combinado con una disminuci\u00f3n de los precios de energ\u00eda, puede reducir sustancialmente la inflaci\u00f3n general en el 2023, anticiparon.<\/p>\n<p class=\"jsx-3954459878\">De hecho prev\u00e9n que la inflaci\u00f3n de Brasil cerrar\u00e1 el a\u00f1o en 10.8%, una variaci\u00f3n que incorpora un incremento de 1.1 puntos porcentuales desde 9.8% proyectado en junio.<\/p>\n<p class=\"jsx-3954459878\">Al corte de agosto la inflaci\u00f3n de Brasil se encuentra en 8.8% anual, con lo que moder\u00f3 la escalada ya que en julio estaba en 10.7% anual.<\/p>\n<p class=\"jsx-3954459878\">Mientras que la tasa de inter\u00e9s Brasil se encuentra en 13.75%, tras 12 incrementos consecutivos que iniciaron en marzo del 2021, cuando el r\u00e9dito estaba en 2 por ciento. De hecho fue el primero de los bancos centrales emergentes que subieron la tasa.<\/p>\n<p class=\"jsx-3954459878 fi-aic_250\">En tanto el\u00a0<strong>Banco de M\u00e9xico increment\u00f3 la tasa a 8.50% en agosto<\/strong>, en lo que fue el d\u00e9cimo aumento consecutivo desde 4% que estaba en abril del 2021.<\/p>\n<h2 class=\"jsx-1282840227\">Estados Unidos, el impacto<\/h2>\n<p class=\"jsx-3954459878\">La moderaci\u00f3n de la actividad econ\u00f3mica de M\u00e9xico resultar\u00e1 de una profunda desaceleraci\u00f3n de Estados Unidos, para el que proyectan un avance de medio punto del PIB en el 2023, tasa que es inferior a 1.2% que estimaron hace tres meses.<\/p>\n<p class=\"jsx-3954459878\">Aunque no hablan en ning\u00fan momento de un\u00a0<strong>riesgo de recesi\u00f3n para EU<\/strong>, s\u00ed toman las curvas de rendimiento de los activos que se han invertido para decir que es una se\u00f1al que suelen asociar los mercados con una recesi\u00f3n econ\u00f3mica.<\/p>\n<p class=\"jsx-3954459878 fi-aic_250\">De acuerdo con los economistas del organismo, los pron\u00f3sticos de crecimiento para los pa\u00edses son a la baja ante la incertidumbre que genera la invasi\u00f3n de Rusia sobre Ucrania y el efecto del endurecimiento de las condiciones monetarias en la actividad econ\u00f3mica.<\/p>\n<p class=\"jsx-3954459878\">El pron\u00f3stico de la OCDE es la primera actualizaci\u00f3n de los organismos internacionales para este \u00faltimo trimestre del a\u00f1o. En la segunda semana de octubre se espera el Panorama Econ\u00f3mico Mundial (WEO) del\u00a0<strong>Fondo Monetario Internacional<\/strong>\u00a0(FMI) donde ajustan las expectativas econ\u00f3micas. Todav\u00eda en abril, los economistas del FMI esperaban un crecimiento de 1.2% para M\u00e9xico en el 2023 y de 2% para este a\u00f1o.<\/p>\n<\/div>\n<\/div>\n<\/div>\n<\/div>\n<div class=\"jsx-1921398030\">\n<div class=\"jsx-3150550767\"><\/div>\n<\/div>\n<\/div>\n","protected":false},"excerpt":{"rendered":"<p>Inflaci\u00f3n y endurecimiento de pol\u00edticas monetarias ante el impacto econ\u00f3mico de la invasi\u00f3n de Rusia sobre Ucrania ser\u00e1n el com\u00fan denominador para el pr\u00f3ximo a\u00f1os; Estados Unidos apenas crecer\u00e1 medio&hellip;<\/p>\n","protected":false},"author":1,"featured_media":9346,"comment_status":"open","ping_status":"closed","sticky":false,"template":"","format":"standard","meta":{"footnotes":""},"categories":[7,9],"tags":[],"class_list":["post-9344","post","type-post","status-publish","format-standard","has-post-thumbnail","hentry","category-nacional","category-politica"],"_links":{"self":[{"href":"https:\/\/ldpublicicdad.com\/index.php?rest_route=\/wp\/v2\/posts\/9344","targetHints":{"allow":["GET"]}}],"collection":[{"href":"https:\/\/ldpublicicdad.com\/index.php?rest_route=\/wp\/v2\/posts"}],"about":[{"href":"https:\/\/ldpublicicdad.com\/index.php?rest_route=\/wp\/v2\/types\/post"}],"author":[{"embeddable":true,"href":"https:\/\/ldpublicicdad.com\/index.php?rest_route=\/wp\/v2\/users\/1"}],"replies":[{"embeddable":true,"href":"https:\/\/ldpublicicdad.com\/index.php?rest_route=%2Fwp%2Fv2%2Fcomments&post=9344"}],"version-history":[{"count":1,"href":"https:\/\/ldpublicicdad.com\/index.php?rest_route=\/wp\/v2\/posts\/9344\/revisions"}],"predecessor-version":[{"id":9345,"href":"https:\/\/ldpublicicdad.com\/index.php?rest_route=\/wp\/v2\/posts\/9344\/revisions\/9345"}],"wp:featuredmedia":[{"embeddable":true,"href":"https:\/\/ldpublicicdad.com\/index.php?rest_route=\/wp\/v2\/media\/9346"}],"wp:attachment":[{"href":"https:\/\/ldpublicicdad.com\/index.php?rest_route=%2Fwp%2Fv2%2Fmedia&parent=9344"}],"wp:term":[{"taxonomy":"category","embeddable":true,"href":"https:\/\/ldpublicicdad.com\/index.php?rest_route=%2Fwp%2Fv2%2Fcategories&post=9344"},{"taxonomy":"post_tag","embeddable":true,"href":"https:\/\/ldpublicicdad.com\/index.php?rest_route=%2Fwp%2Fv2%2Ftags&post=9344"}],"curies":[{"name":"wp","href":"https:\/\/api.w.org\/{rel}","templated":true}]}}