{"id":9335,"date":"2022-09-24T14:21:43","date_gmt":"2022-09-24T19:21:43","guid":{"rendered":"https:\/\/ldpublicicdad.com\/?p=9335"},"modified":"2022-09-24T19:21:45","modified_gmt":"2022-09-24T19:21:45","slug":"12-de-octubre-en-mexico-el-dia-de-la-raza-es-festivo-oficial-o-se-trabaja","status":"publish","type":"post","link":"https:\/\/ldpublicicdad.com\/?p=9335","title":{"rendered":"12 de octubre en M\u00e9xico: \u00bfel D\u00eda de la Raza es festivo oficial o se trabaja?"},"content":{"rendered":"<div class=\"flex items-center border border-gray-200 border-l-0 border-r-0 py-3 mb-4\">\n<div class=\"flex-1\">\n<h4 class=\"text-base leading-5 pl-2 font-lato\" style=\"text-align: center;\">La Ley Federal del Trabajo (LFT) establece en el Art\u00edculo 74 los d\u00edas de descanso obligatorio<\/h4>\n<p class=\"default__StyledText-sc-108h6at-0 eZJtyi body-paragraph\">\u00a0<b>El 12 de octubre se conmemora en M\u00e9xico el D\u00eda de la Raza<\/b>, que entre los mexicanos tambi\u00e9n es conocido como el D\u00eda del Descubrimiento de Am\u00e9rica.<\/p>\n<p class=\"default__StyledText-sc-108h6at-0 eZJtyi body-paragraph\">El D\u00eda de la Raza es una de varias denominaciones que se le da al 12 de octubre, d\u00eda en que se conmemora la llegada, en 1492, de Crist\u00f3bal Col\u00f3n al continente americano junto con una tripulaci\u00f3n de tres carabelas: la Ni\u00f1a, la Pinta y la Santa Mar\u00eda, de acuerdo con informaci\u00f3n del Gobierno.<\/p>\n<p class=\"default__StyledText-sc-108h6at-0 eZJtyi body-paragraph\">El 12 de octubre se conmemora en gran parte de Hispanoam\u00e9rica, Espa\u00f1a y los Estados Unidos.<\/p>\n<div class=\"hide-container\">\n<div id=\"arcad-feature-f0fxMpnByh4JaUe-1c43caa558ca79\" class=\"styled__StyledAdUnit-sc-1gy46gr-0 bqbYuT arcad-feature-custom undefined arcad-margin-bottom\">\n<p class=\"default__StyledText-sc-108h6at-0 eZJtyi body-paragraph\">El origen de este d\u00eda se remonta a inicios del siglo XX para recordar la fusi\u00f3n entre los pueblos ind\u00edgenas de Am\u00e9rica y los conquistadores espa\u00f1oles, adem\u00e1s de la valorizaci\u00f3n del patrimonio cultural hispanoamericano.<\/p>\n<p class=\"default__StyledText-sc-108h6at-0 eZJtyi body-paragraph\">Sin embargo, la conmemoraci\u00f3n del D\u00eda de la Raza suele ocasionar dudas sobre si es un d\u00eda festivo o d\u00eda de descanso obligatorio en M\u00e9xico.<\/p>\n<p class=\"default__StyledText-sc-108h6at-0 eZJtyi body-paragraph\"><b>La Ley Federal del Trabajo (LFT) establece en el Art\u00edculo 74 los d\u00edas de descanso obligatorio:<\/b><\/p>\n<ul class=\"list__StyledUnorderedList-sc-1tao6o9-2 iOEKdL\">\n<li class=\"list__StyledListItem-sc-1tao6o9-0 jflxM\">1 de enero (A\u00f1o Nuevo)<\/li>\n<li class=\"list__StyledListItem-sc-1tao6o9-0 jflxM\">El primer lunes de febrero en conmemoraci\u00f3n del 5 de febrero (D\u00eda de la Constituci\u00f3n Mexicana)<\/li>\n<li class=\"list__StyledListItem-sc-1tao6o9-0 jflxM\">El tercer lunes de marzo en conmemoraci\u00f3n del 21 de marzo (Natalicio de Benito Ju\u00e1rez)<\/li>\n<li class=\"list__StyledListItem-sc-1tao6o9-0 jflxM\">1 de mayo (D\u00eda Internacional del Trabajo)<\/li>\n<li class=\"list__StyledListItem-sc-1tao6o9-0 jflxM\">16 de septiembre (D\u00eda de la Independencia de M\u00e9xico)<\/li>\n<li class=\"list__StyledListItem-sc-1tao6o9-0 jflxM\">El tercer lunes de noviembre en conmemoraci\u00f3n del 20 de noviembre (D\u00eda de la Revoluci\u00f3n Mexicana)<\/li>\n<li class=\"list__StyledListItem-sc-1tao6o9-0 jflxM\">1 de diciembre de cada seis a\u00f1os, cuando corresponda a la transmisi\u00f3n del Poder Ejecutivo Federal<\/li>\n<li class=\"list__StyledListItem-sc-1tao6o9-0 jflxM\">25 de diciembre (Navidad)<\/li>\n<li class=\"list__StyledListItem-sc-1tao6o9-0 jflxM\">El que determinen las leyes federales y locales electorales, en el caso de elecciones ordinarias, para efectuar la jornada electoral<\/li>\n<\/ul>\n<p class=\"default__StyledText-sc-108h6at-0 eZJtyi body-paragraph\">Como se puede observar,<b>\u00a0el 12 de octubre, D\u00eda de la Raza, no es un d\u00eda festivo por Ley<\/b>, ya que no aparece como d\u00eda de descanso obligatorio en el Art\u00edculo de la Ley.<\/p>\n<p class=\"default__StyledText-sc-108h6at-0 eZJtyi body-paragraph\"><b>Es decir, se trata de un d\u00eda de labores ordinarias y los trabajadores deben de presentarse a sus empresas o centros de trabajo a laborar como cualquier d\u00eda.<\/b><\/p>\n<p class=\"default__StyledText-sc-108h6at-0 eZJtyi body-paragraph\">Al ser un d\u00eda de trabajo normal, el pago del salario tambi\u00e9n ser\u00e1 el ordinario.<\/p>\n<p class=\"default__StyledText-sc-108h6at-0 eZJtyi body-paragraph\">Para muchas personas la conmemoraci\u00f3n de este acontecimiento resulta un tema pol\u00e9mico, comenzando por el presidente mexicano Andr\u00e9s Manuel L\u00f3pez Obrador, quien el a\u00f1o pasado cuestion\u00f3 la conmemoraci\u00f3n de este d\u00eda. \u201cLas razas no existen. Hay culturas\u201d, escribi\u00f3 en un tuit el 12 de octubre de 2021.<\/p>\n<p class=\"default__StyledText-sc-108h6at-0 eZJtyi body-paragraph\">Adem\u00e1s, AMLO, como se le conoce al presidente, ha declarado en diversas ocasiones que \u201cM\u00e9xico no es colonia de Espa\u00f1a ni de ning\u00fan pa\u00eds\u201d, incluso, ha pedido al Gobierno espa\u00f1ol que pida disculpa a M\u00e9xico por lo que \u00e9l considera abusos cometidos en la conquista.<\/p>\n<\/div>\n<\/div>\n<\/div>\n<\/div>\n<figure class=\"lead-art-wrapper\">\n<div><picture class=\"Image__StyledPicture-sc-1g24b0j-0 emvmUc\"><source srcset=\"https:\/\/www.bloomberglinea.com\/resizer\/BYbeu4xCHiEo0FeGNQNpbGM0kOw=\/1440x0\/filters:format(jpg):quality(70)\/cloudfront-us-east-1.images.arcpublishing.com\/bloomberglinea\/P3AVSFLFRJBH7MGJLRAKK3WHQQ.jpg\" media=\"screen and (min-width: 1024px)\" \/><source srcset=\"https:\/\/www.bloomberglinea.com\/resizer\/iwQzzEZZ7h8KChHHej_06BEoy-g=\/1024x0\/filters:format(jpg):quality(70)\/cloudfront-us-east-1.images.arcpublishing.com\/bloomberglinea\/P3AVSFLFRJBH7MGJLRAKK3WHQQ.jpg\" media=\"screen and (min-width: 768px)\" \/><source srcset=\"https:\/\/www.bloomberglinea.com\/resizer\/dhiZPx7v-kwaBmK1NceECfQQLIE=\/768x0\/filters:format(jpg):quality(70)\/cloudfront-us-east-1.images.arcpublishing.com\/bloomberglinea\/P3AVSFLFRJBH7MGJLRAKK3WHQQ.jpg\" media=\"screen and (min-width: 0px)\" \/><\/picture><\/div>\n<\/figure>\n","protected":false},"excerpt":{"rendered":"<p>La Ley Federal del Trabajo (LFT) establece en el Art\u00edculo 74 los d\u00edas de descanso obligatorio \u00a0El 12 de octubre se conmemora en M\u00e9xico el D\u00eda de la Raza, que&hellip;<\/p>\n","protected":false},"author":1,"featured_media":9337,"comment_status":"open","ping_status":"closed","sticky":false,"template":"","format":"standard","meta":{"footnotes":""},"categories":[2,7],"tags":[],"class_list":["post-9335","post","type-post","status-publish","format-standard","has-post-thumbnail","hentry","category-cultural","category-nacional"],"_links":{"self":[{"href":"https:\/\/ldpublicicdad.com\/index.php?rest_route=\/wp\/v2\/posts\/9335","targetHints":{"allow":["GET"]}}],"collection":[{"href":"https:\/\/ldpublicicdad.com\/index.php?rest_route=\/wp\/v2\/posts"}],"about":[{"href":"https:\/\/ldpublicicdad.com\/index.php?rest_route=\/wp\/v2\/types\/post"}],"author":[{"embeddable":true,"href":"https:\/\/ldpublicicdad.com\/index.php?rest_route=\/wp\/v2\/users\/1"}],"replies":[{"embeddable":true,"href":"https:\/\/ldpublicicdad.com\/index.php?rest_route=%2Fwp%2Fv2%2Fcomments&post=9335"}],"version-history":[{"count":1,"href":"https:\/\/ldpublicicdad.com\/index.php?rest_route=\/wp\/v2\/posts\/9335\/revisions"}],"predecessor-version":[{"id":9336,"href":"https:\/\/ldpublicicdad.com\/index.php?rest_route=\/wp\/v2\/posts\/9335\/revisions\/9336"}],"wp:featuredmedia":[{"embeddable":true,"href":"https:\/\/ldpublicicdad.com\/index.php?rest_route=\/wp\/v2\/media\/9337"}],"wp:attachment":[{"href":"https:\/\/ldpublicicdad.com\/index.php?rest_route=%2Fwp%2Fv2%2Fmedia&parent=9335"}],"wp:term":[{"taxonomy":"category","embeddable":true,"href":"https:\/\/ldpublicicdad.com\/index.php?rest_route=%2Fwp%2Fv2%2Fcategories&post=9335"},{"taxonomy":"post_tag","embeddable":true,"href":"https:\/\/ldpublicicdad.com\/index.php?rest_route=%2Fwp%2Fv2%2Ftags&post=9335"}],"curies":[{"name":"wp","href":"https:\/\/api.w.org\/{rel}","templated":true}]}}