{"id":9278,"date":"2022-09-20T15:48:03","date_gmt":"2022-09-20T20:48:03","guid":{"rendered":"https:\/\/ldpublicicdad.com\/?p=9278"},"modified":"2022-09-20T20:48:05","modified_gmt":"2022-09-20T20:48:05","slug":"el-presidente-de-alemania-visita-mexico-con-el-que-berlin-comparte-valores-e-intereses-comunes","status":"publish","type":"post","link":"https:\/\/ldpublicicdad.com\/?p=9278","title":{"rendered":"El presidente de Alemania visita M\u00e9xico, con el que Berl\u00edn comparte \u00abvalores e intereses comunes\u00bb"},"content":{"rendered":"<h4 class=\"intro\" style=\"text-align: center;\">El presidente de Alemania, Frank-Walter Steinmeier, permanecer\u00e1 en los Estados Unidos de M\u00e9xico hasta el 23 de septiembre, se desprende de un comunicado oficial. Steinmeier se dirigir\u00e1 a los mexicanos en el Senado<\/h4>\n<div id=\"sharing-bar\" class=\"min\">\n<p>Le acompa\u00f1a en su viaje de tres d\u00edas una delegaci\u00f3n cultural y empresarial. Antes de su partida, dijo que M\u00e9xico es un socio importante desde el punto de vista pol\u00edtico y econ\u00f3mico, cultural y social.<\/p>\n<p>Entre otras cosas, el Presidente Federal pronunciar\u00e1 un discurso ante el\u00a0Senado, la c\u00e1mara del Congreso mexicano responsable de la pol\u00edtica exterior. Steinmeier ser\u00e1 nombrado ciudadano de honor en Ciudad de M\u00e9xico.<\/p>\n<p>El actual viaje hab\u00eda sido aplazado a causa de la pandemia. La \u00faltima vez que un presidente federal visit\u00f3 M\u00e9xico fue en 2011.<\/p>\n<h2>A M\u00e9xico y Alemania los \u00abunen intereses comunes\u201d<\/h2>\n<p>\u00abM\u00e9xico es un socio importante para nosotros desde el punto de vista pol\u00edtico y econ\u00f3mico, cultural y social\u00bb, dijo\u00a0el Presidente Federal Frank-Walter Steinmeierantes de partir hacia Ciudad de M\u00e9xico. \u00abNos unen valores e intereses comunes. Queremos profundizar nuestras relaciones\u201d, dijo el mandatario alem\u00e1n.<\/p>\n<p>\u00abComo democracias soberanas, nos mantenemos unidos, ampliamos la cooperaci\u00f3n de nuestras econom\u00edas y trabajamos juntos en las transformaciones de nuestras sociedades. Tambi\u00e9n quiero promover el trabajo conjunto para hacer frente a las crisis econ\u00f3micas. La econom\u00eda mexicana es conocida desde hace a\u00f1os como el banco de trabajo de nuestros fabricantes de autom\u00f3viles, pero tambi\u00e9n es un motor de innovaci\u00f3n y avance social. Por lo tanto, una actividad econ\u00f3mica sostenible y un Estado de derecho intacto en M\u00e9xico son tambi\u00e9n del inter\u00e9s de Alemania\u00bb.<\/p>\n<h2>Socios comerciales fuertes<\/h2>\n<p>M\u00e9xico es el pa\u00eds receptor m\u00e1s importante de las exportaciones alemanas a Am\u00e9rica Latina y Alemania es el quinto socio comercial de M\u00e9xico. En total, hay unas 2.100 empresas con participaci\u00f3n de capital alem\u00e1n en M\u00e9xico. Las empresas alemanas emplean a m\u00e1s de 300.000 personas. 36 de las empresas del DAX-40 y todos los grandes fabricantes de veh\u00edculos alemanes est\u00e1n representados en M\u00e9xico y han hecho lo propio con una amplia red de proveedores. Numerosas empresas de M\u00e9xico ofrecen formaci\u00f3n en el marco de la educaci\u00f3n dual.<\/p>\n<\/div>\n","protected":false},"excerpt":{"rendered":"<p>El presidente de Alemania, Frank-Walter Steinmeier, permanecer\u00e1 en los Estados Unidos de M\u00e9xico hasta el 23 de septiembre, se desprende de un comunicado oficial. Steinmeier se dirigir\u00e1 a los mexicanos&hellip;<\/p>\n","protected":false},"author":1,"featured_media":9280,"comment_status":"open","ping_status":"closed","sticky":false,"template":"","format":"standard","meta":{"footnotes":""},"categories":[5,7,9],"tags":[],"class_list":["post-9278","post","type-post","status-publish","format-standard","has-post-thumbnail","hentry","category-internacional","category-nacional","category-politica"],"_links":{"self":[{"href":"https:\/\/ldpublicicdad.com\/index.php?rest_route=\/wp\/v2\/posts\/9278","targetHints":{"allow":["GET"]}}],"collection":[{"href":"https:\/\/ldpublicicdad.com\/index.php?rest_route=\/wp\/v2\/posts"}],"about":[{"href":"https:\/\/ldpublicicdad.com\/index.php?rest_route=\/wp\/v2\/types\/post"}],"author":[{"embeddable":true,"href":"https:\/\/ldpublicicdad.com\/index.php?rest_route=\/wp\/v2\/users\/1"}],"replies":[{"embeddable":true,"href":"https:\/\/ldpublicicdad.com\/index.php?rest_route=%2Fwp%2Fv2%2Fcomments&post=9278"}],"version-history":[{"count":1,"href":"https:\/\/ldpublicicdad.com\/index.php?rest_route=\/wp\/v2\/posts\/9278\/revisions"}],"predecessor-version":[{"id":9279,"href":"https:\/\/ldpublicicdad.com\/index.php?rest_route=\/wp\/v2\/posts\/9278\/revisions\/9279"}],"wp:featuredmedia":[{"embeddable":true,"href":"https:\/\/ldpublicicdad.com\/index.php?rest_route=\/wp\/v2\/media\/9280"}],"wp:attachment":[{"href":"https:\/\/ldpublicicdad.com\/index.php?rest_route=%2Fwp%2Fv2%2Fmedia&parent=9278"}],"wp:term":[{"taxonomy":"category","embeddable":true,"href":"https:\/\/ldpublicicdad.com\/index.php?rest_route=%2Fwp%2Fv2%2Fcategories&post=9278"},{"taxonomy":"post_tag","embeddable":true,"href":"https:\/\/ldpublicicdad.com\/index.php?rest_route=%2Fwp%2Fv2%2Ftags&post=9278"}],"curies":[{"name":"wp","href":"https:\/\/api.w.org\/{rel}","templated":true}]}}