{"id":9212,"date":"2022-09-15T15:45:33","date_gmt":"2022-09-15T20:45:33","guid":{"rendered":"https:\/\/ldpublicicdad.com\/?p=9212"},"modified":"2022-09-15T20:45:34","modified_gmt":"2022-09-15T20:45:34","slug":"el-contrato-secreto-de-julio-iglesias-con-el-abogado-del-poder-de-mexico-islas-virgenes-andorra-y-hoteles-de-lujo-para-una-fiesta-de-cumpleanos","status":"publish","type":"post","link":"https:\/\/ldpublicicdad.com\/?p=9212","title":{"rendered":"El contrato secreto de Julio Iglesias con el abogado del poder de M\u00e9xico: Islas V\u00edrgenes, Andorra y hoteles de lujo para una fiesta de cumplea\u00f1os"},"content":{"rendered":"<div class=\"a_e_txt _df\">\n<h4 class=\"a_st\" style=\"text-align: center;\">El artista cobr\u00f3 850.000 d\u00f3lares \u201clibres de impuestos\u201d a trav\u00e9s de un para\u00edso fiscal caribe\u00f1o al letrado encarcelado por blanqueo Juan Ram\u00f3n Collado<\/h4>\n<\/div>\n<div class=\"a_e_m\">\n<p class=\"\">Juan Ram\u00f3n Collado, conocido como el<i>\u00a0abogado del poder<\/i>\u00a0en M\u00e9xico por haber defendido a personalidades como el expresidente del pa\u00eds\u00a0Enrique Pe\u00f1a Nieto\u00a0(2012-2018), del Partido Revolucionario Institucional (PRI), es un admirador de Julio Iglesias. Y, por este motivo, este letrado que permanece en prisi\u00f3n desde 2019 por blanqueo de capitales y delincuencia organizada, quiso que el int\u00e9rprete espa\u00f1ol amenizara su fiesta privada de 50\u00ba cumplea\u00f1os. Un complejo residencial de lujo en Acapulco con capacidad para 450 asistentes acogi\u00f3 la celebraci\u00f3n y el concierto en mayo de 2014.<\/p>\n<p class=\"\">EL PA\u00cdS ha tenido acceso al contrato \u201cconfidencial\u201d entre Iglesias y Collado. El documento revela que el abogado pag\u00f3 al artista 850.000 d\u00f3lares (845.584 euros) \u201clibres de impuestos\u201d por un espect\u00e1culo de 75 minutos. Y que transfiri\u00f3 estos honorarios a trav\u00e9s de una cuenta en Andorra a nombre de una de sus sociedades instrumentales (sin actividad) domiciliada en \u00c1msterdam, Constellation Investments CV.<\/p>\n<p class=\"\">El cantante factur\u00f3 la actuaci\u00f3n mediante su compa\u00f1\u00eda en el para\u00edso fiscal caribe\u00f1o de las Islas V\u00edrgenes Brit\u00e1nicas, International Concerts Ltd, y cobr\u00f3 en una cuenta del banco UBS del tambi\u00e9n territorio\u00a0<i>off shore<\/i>\u00a0de Bahamas, seg\u00fan los documentos a los que ha tenido acceso este peri\u00f3dico.<\/p>\n<h3 class=\"\">Un buz\u00f3n de correo con 40 sociedades<\/h3>\n<p class=\"\">La direcci\u00f3n de la compa\u00f1\u00eda de Islas V\u00edrgenes Brit\u00e1nicas que Iglesias us\u00f3 para facturar su concierto (Trident Chambers, Road Town) coincide con un buz\u00f3n de correos en el que hay 40 sociedades domiciliadas, seg\u00fan la base de datos del Consorcio Internacional de Periodistas de Investigaci\u00f3n (ICIJ, en sus siglas en ingl\u00e9s).<\/p>\n<p class=\"\">En paralelo al pago,\u00a0Collado\u00a0se comprometi\u00f3 por contrato a costear a Iglesias un equipo de seguridad de cuatro escoltas. Y a correr con los gastos de una\u00a0<i>suite<\/i>\u00a0y cinco habitaciones sencillas en un hotel de cinco estrellas. Adem\u00e1s, abon\u00f3 20 habitaciones en otros establecimientos de entre tres y cuatro estrellas para el hospedaje del equipo del artista.<\/p>\n<h3 class=\"\">Veto a la prensa<\/h3>\n<p class=\"\">El letrado de Pe\u00f1a Nieto asumi\u00f3 tambi\u00e9n la factura derivada del escenario, la iluminaci\u00f3n y el equipo de sonido. Y garantiz\u00f3 al artista un blindaje ante periodistas. \u201cEl evento materia de este contrato deber\u00e1 manejarse de manera muy confidencial por ambas partes. No se permitir\u00e1 la presencia de prensa durante el concierto o en cualquier actividad donde el artista est\u00e9 presente\u201d, recogi\u00f3 el acuerdo, que estuvo firmado por R. Ucles, en representaci\u00f3n de la sociedad caribe\u00f1a que us\u00f3 el cantante para facturar su espect\u00e1culo.<\/p>\n<p class=\"\">Collado abon\u00f3 la mitad del concierto (425.000 d\u00f3lares; 423.159 euros) tras firmar el acuerdo, en noviembre de 2013. Y el resto, nueve d\u00edas antes de la actuaci\u00f3n. Para hacer llegar el dinero al artista, el abogado recurri\u00f3 a una compa\u00f1\u00eda integrada en su alambicado entramado financiero en la\u00a0Banca Privada d\u2019Andorra (BPA), donde lleg\u00f3 a manejar 24 cuentas que movieron 120 millones de d\u00f3lares (119 de euros) entre 2006 y 2015, seg\u00fan revel\u00f3 este peri\u00f3dico.<\/p>\n<p class=\"\">EL PA\u00cdS ha intentado, sin \u00e9xito, recabar la versi\u00f3n de Iglesias. Una persona pr\u00f3xima al artista se\u00f1ala que el cantante no tiene residencia fiscal en Espa\u00f1a desde 1978 y que tribut\u00f3, al menos, hasta 2018 en la Rep\u00fablica Dominicana, donde vive.<\/p>\n<p class=\"\">La suerte de\u00a0Collado\u00a0comenz\u00f3 a truncarse 10 meses despu\u00e9s de que Iglesias le interpretara en Acapulco temas como\u00a0<i>Soy un truhan, soy un se\u00f1or.\u00a0<\/i>Corr\u00eda marzo de 2015. Y la\u00a0BPA, un banco propiedad de los hermanos Ram\u00f3n e Higini Cierco, era intervenido por las autoridades andorranas tras ser se\u00f1alado por el Tesoro de EE UU. El motivo: actuar supuestamente como una lavadora de fondos de grupos como Odebrecht, el gigante brasile\u00f1o de la construcci\u00f3n que perpetr\u00f3 la mayor trama de sobornos de Am\u00e9rica.<\/p>\n<p class=\"\">La actuaci\u00f3n propiciada por el organismo estadounidense destap\u00f3 que Collado era uno de los 174 misteriosos clientes mexicanos que eligieron la BPA para ocultar sus secretos pecuniarios m\u00e1s inconfesables. Andorra, un pa\u00eds de 77.265 habitantes blindado por el secreto bancario hasta 2017, irrump\u00eda en escena.<\/p>\n<p class=\"\">Desde la intervenci\u00f3n de la\u00a0BPA, Collado ha figurado en la mirilla de los investigadores andorranos. La instrucci\u00f3n judicial que desarrolla desde 2016 una jueza del pa\u00eds europeo contra \u00e9l conecta la operativa del abogado con un presunto delito de blanqueo de capitales y estima que coloc\u00f3 en el banco pirenaico fondos de dudosa procedencia. Incluso, asegura que\u00a0pudo actuar como representante de terceros. O, lo que es lo mismo, de posible testaferro.<\/p>\n<p class=\"\">Junto a\u00a0Pe\u00f1a Nieto, el letrado ha defendido al exl\u00edder sindical de Pemex Carlos Romero Deschamps; al exgobernador de Quintana Roo Mario Villanueva (PRI); o a Ra\u00fal Salinas de Gortari, hermano del expresidente de M\u00e9xico Carlos Salinas de Gortari (1988-1994).<\/p>\n<p class=\"\">Collado ha declarado siempre a la jueza que su dinero andorrano proced\u00eda de su exitosa carrera empresarial. En concreto, de su despacho de abogados C&amp;A Collado y Asociados de Ciudad de M\u00e9xico y de la casa de empe\u00f1os Prenda Oro que cre\u00f3 su padre en 1999. Un negocio con 66 sucursales que \u2014seg\u00fan indic\u00f3 a la magistrada\u2014 le report\u00f3 unos ingresos de 84 millones de d\u00f3lares (83 millones de euros) en 15 a\u00f1os.<\/p>\n<p class=\"\">Sin embargo, estas explicaciones no han convencido a la justicia andorrana ni a la polic\u00eda de este Principado salpicado de estaciones de esqu\u00ed. En su \u00faltimo informe, los agentes sugieren que Collado se benefici\u00f3 de su proximidad al cen\u00e1culo del poder priista para forzar la liberaci\u00f3n de sus fondos en Andorra. El documento menciona un controvertido movimiento en 2018 de la\u00a0Procuradur\u00eda General de la Rep\u00fablica (PGR) de M\u00e9xico\u00a0\u2014que es como se llamaba entonces la Fiscal\u00eda bajo el mandato de Pe\u00f1a Nieto \u2014, que justificaba la fortuna de los fondos del abogado y oblig\u00f3 a la jueza de Andorra a archivar provisionalmente la causa por blanqueo.<\/p>\n<p class=\"\">El carpetazo judicial, y la tranquilidad, de Collado duraron poco. Las pesquisas contra el abogado se reabrieron en 2019, ya bajo la presidencia de Andr\u00e9s Manuel L\u00f3pez Obrador, y despu\u00e9s de que el letrado fuera arrestado en julio de ese a\u00f1o en Ciudad de M\u00e9xico por los presuntos delitos de delincuencia organizada y lavado de fondos. Unos cargos similares que propiciaron el archivo de su causa en Andorra. Con la reactivaci\u00f3n de la instrucci\u00f3n, las autoridades pirenaicas ordenaron el embargo de los m\u00e1s de 90 millones de d\u00f3lares (89 de euros) que el protagonista de esta historia acumulaba entonces en Vallbanc<\/p>\n<\/div>\n","protected":false},"excerpt":{"rendered":"<p>El artista cobr\u00f3 850.000 d\u00f3lares \u201clibres de impuestos\u201d a trav\u00e9s de un para\u00edso fiscal caribe\u00f1o al letrado encarcelado por blanqueo Juan Ram\u00f3n Collado Juan Ram\u00f3n Collado, conocido como el\u00a0abogado del&hellip;<\/p>\n","protected":false},"author":1,"featured_media":9214,"comment_status":"open","ping_status":"closed","sticky":false,"template":"","format":"standard","meta":{"footnotes":""},"categories":[4,5,7],"tags":[],"class_list":["post-9212","post","type-post","status-publish","format-standard","has-post-thumbnail","hentry","category-espectaculos","category-internacional","category-nacional"],"_links":{"self":[{"href":"https:\/\/ldpublicicdad.com\/index.php?rest_route=\/wp\/v2\/posts\/9212","targetHints":{"allow":["GET"]}}],"collection":[{"href":"https:\/\/ldpublicicdad.com\/index.php?rest_route=\/wp\/v2\/posts"}],"about":[{"href":"https:\/\/ldpublicicdad.com\/index.php?rest_route=\/wp\/v2\/types\/post"}],"author":[{"embeddable":true,"href":"https:\/\/ldpublicicdad.com\/index.php?rest_route=\/wp\/v2\/users\/1"}],"replies":[{"embeddable":true,"href":"https:\/\/ldpublicicdad.com\/index.php?rest_route=%2Fwp%2Fv2%2Fcomments&post=9212"}],"version-history":[{"count":1,"href":"https:\/\/ldpublicicdad.com\/index.php?rest_route=\/wp\/v2\/posts\/9212\/revisions"}],"predecessor-version":[{"id":9213,"href":"https:\/\/ldpublicicdad.com\/index.php?rest_route=\/wp\/v2\/posts\/9212\/revisions\/9213"}],"wp:featuredmedia":[{"embeddable":true,"href":"https:\/\/ldpublicicdad.com\/index.php?rest_route=\/wp\/v2\/media\/9214"}],"wp:attachment":[{"href":"https:\/\/ldpublicicdad.com\/index.php?rest_route=%2Fwp%2Fv2%2Fmedia&parent=9212"}],"wp:term":[{"taxonomy":"category","embeddable":true,"href":"https:\/\/ldpublicicdad.com\/index.php?rest_route=%2Fwp%2Fv2%2Fcategories&post=9212"},{"taxonomy":"post_tag","embeddable":true,"href":"https:\/\/ldpublicicdad.com\/index.php?rest_route=%2Fwp%2Fv2%2Ftags&post=9212"}],"curies":[{"name":"wp","href":"https:\/\/api.w.org\/{rel}","templated":true}]}}