{"id":8851,"date":"2022-08-16T16:18:20","date_gmt":"2022-08-16T21:18:20","guid":{"rendered":"https:\/\/ldpublicicdad.com\/?p=8851"},"modified":"2022-08-16T21:18:22","modified_gmt":"2022-08-16T21:18:22","slug":"activistas-piden-que-mexico-reconozca-un-conflicto-interno-ante-repunte-de-la-violencia","status":"publish","type":"post","link":"https:\/\/ldpublicicdad.com\/?p=8851","title":{"rendered":"Activistas piden que M\u00e9xico reconozca un \u00abconflicto interno\u00bb ante repunte de la violencia"},"content":{"rendered":"<h4 style=\"text-align: center;\">Diversas organizaciones civiles pidieron ayuda a la Organizaci\u00f3n de Naciones Unidas (ONU) para que se reconozca que M\u00e9xico atraviesa por un \u00abconflicto interno\u00bb, debido a un notable aumento de la violencia. Tras la petici\u00f3n, el presidente Andr\u00e9s Manuel L\u00f3pez Obrador asegur\u00f3 que en su pa\u00eds existe \u00abgobernabilidad\u00bb y apel\u00f3 a la calma. En la \u00faltima semana, estallaron enfrentamientos entre grupos del crimen organizado que dejaron al menos once muertos.<\/h4>\n<p>La violencia escala en M\u00e9xico y varias organizaciones civiles piden que se reconozca de manera formal que el pa\u00eds enfrenta un \u00abconflicto interno\u00bb.<\/p>\n<p>Con la mirada puesta en el creciente fen\u00f3meno, diversos grupos de activistas enviaron el lunes 15 de agosto una carta a la Organizaci\u00f3n de Naciones Unidas (ONU), a la que pidieron su respaldo para tomar medidas urgentes.<\/p>\n<p>\u00abSi no llamamos las cosas por su nombre, si no tenemos el diagn\u00f3stico correcto, nunca va a ser un \u00e9xito la estrategia\u00bb, asegur\u00f3 en una rueda de prensa el activista Bryan LeBaron, familiar del grupo de mormones, nueve mujeres y ni\u00f1os que fueron asesinados en el norte de M\u00e9xico por un cartel de drogas, en un caso que conmovi\u00f3 al pa\u00eds en 2019.<\/p>\n<p>Si bien la naci\u00f3n ha sido escenario de diversos enfrentamientos por cuenta del crimen organizado en los \u00faltimos a\u00f1os, los activistas se\u00f1alan que la violencia mostr\u00f3 un repunte en las \u00faltimas semanas, hechos que califican de \u00abterrorismo\u00bb.<\/p>\n<p>\u00abLos grupos armados il\u00edcitamente que se oponen y confrontan con el Estado mexicano se han diversificado, han ido incrementando con el tiempo su poder armamentista, econ\u00f3mico y social, y se han apoderado de gran parte del territorio que comprende la naci\u00f3n, pues seg\u00fan lo reportado en el estudio realizado por Congressional Research Service entre 30 % y 35 % es un &#8216;espacio no gobernado&#8217;, es decir, ausencia del estado de derecho mexicano\u00bb, se\u00f1alaron los activistas en la misiva dirigida a la ONU.<\/p>\n<p>Los representantes de diversas organizaciones civiles, como Madres Buscadoras de Sonora, insistieron en que si el Estado mexicano reconoce la existencia de un conflicto interno, ser\u00eda posible que se materialicen los objetivos de la ONU\u00a0y que \u00abacompa\u00f1e, promueva, vigile y coopere para que los grupos armados il\u00edcitos sean juzgados (&#8230;) para alcanzar la estabilidad interna y evitar mayores p\u00e9rdidas humanas\u00bb.<\/p>\n<p><strong>Gobierno mexicano rechaza existencia de \u00abterrorismo\u00bb y pide no magnificar los hechos<\/strong><\/p>\n<p>Tras la petici\u00f3n, el presidente mexicano\u00a0Andr\u00e9s Manuel L\u00f3pez Obrador (AMLO) hizo un llamado a la calma y se\u00f1al\u00f3 que existe un inter\u00e9s por \u00abmagnificar\u00bb los hechos.<\/p>\n<p>\u00abDecirle al pueblo de M\u00e9xico que est\u00e9 tranquilo, que hay gobernabilidad y estabilidad. Nuestros rivales conservadores tienen inter\u00e9s en magnificar las cosas y hacer periodismo sensacionalista\u00bb, sostuvo el mandatario en una rueda de prensa.<\/p>\n<p>El presidente\u00a0atribuy\u00f3 a \u00abpropaganda criminal\u00bb una serie de ataques contra civiles y comercios perpetrados en la \u00faltima semana en varios estados del pa\u00eds, con un saldo de al menos once personas muertas.<\/p>\n<p>\u00abA medida que avanza la estrategia de seguridad\u00a0con buenos resultados, las organizaciones (criminales) buscan formas de distraer a las fuerzas de seguridad para que tengan que intervenir en una situaci\u00f3n mientras pueden (cometer delitos) o cuando est\u00e1n debilitadas, quieren sentir que todav\u00eda son fuertes, por lo que crean situaciones violentas\u00bb, asegur\u00f3 L\u00f3pez Obrador.<\/p>\n<p>Por su parte, el secretario de Gobernaci\u00f3n, Ad\u00e1n Augusto L\u00f3pez enfatiz\u00f3 que no se trata de atentados terroristas, como denuncian los activistas. \u00abNo hay que magnificar los hechos, no debe de verse m\u00e1s all\u00e1 de la propaganda\u00bb, indic\u00f3.<\/p>\n<p><strong>La m\u00e1s reciente ola de violencia que dispara las alarmas en M\u00e9xico<\/strong><\/p>\n<p>Durante la semana pasada, una serie de ataques contra civiles y comercios ha sido perpetrada en varios estados.<\/p>\n<p>Los\u00a0hechos\u00a0tuvieron lugar entre el martes 9\u00a0y el viernes 12 de agosto, en los estados de Jalisco (oeste), Guanajuato (centro), Chihuahua, Baja California (norte, fronterizos con Estados Unidos) y Michoac\u00e1n (oeste).<\/p>\n<p>Los incidentes m\u00e1s graves ocurrieron el jueves en Ciudad Ju\u00e1rez, en el estado Chihuahua, cuando dos reclusos fueron asesinados a disparos y 20 resultaron heridos en un mot\u00edn que involucr\u00f3 a dos bandas rivales, seg\u00fan se\u00f1al\u00f3 el viceministro de Seguridad, Ricardo Mej\u00eda.<\/p>\n<p>Ambos grupos estar\u00edan presuntamente ligados al c\u00e1rtel de Sinaloa, cuyo exdirigente, Joaqu\u00edn \u00abEl Chapo\u00bb Guzm\u00e1n, cumple cadena perpetua en Estados Unidos.<\/p>\n<p>El incidente desat\u00f3 una escalada de atentados en esa urbe. A esos choques se sum\u00f3 el asesinato de nueve civiles en diferentes ataques.<\/p>\n<p>Posteriormente, \u00abciviles inocentes fueron atacados como una especie de represalia\u00bb por una de las bandas, seg\u00fan declar\u00f3 el presidente mexicano.<\/p>\n<p>Dos mujeres murieron y otra persona result\u00f3 herida en un ataque a una tienda de alimentos, que fue incendiada junto a otros dos locales en Ciudad Ju\u00e1rez, ubicada justo al otro lado de la frontera con El Paso, Texas.<\/p>\n<p>Hombres armados tambi\u00e9n mataron a cuatro empleados de una estaci\u00f3n de radio local, incluido un presentador, en momentos en que participaban en un evento promocional afuera de una pizzer\u00eda.<\/p>\n<p>Dos d\u00edas antes, en Jalisco, un operativo del Ej\u00e9rcito contra presuntos capos del C\u00e1rtel Jalisco Nueva Generaci\u00f3n (CJNG) dej\u00f3 un supuesto delincuente muerto, as\u00ed como veh\u00edculos y dos docenas de locales incendiados en ese estado y el vecino Guanajuato.<\/p>\n<p>\u00abLas organizaciones criminales quieren sentirse fuertes y generan situaciones de violencia donde a manera de publicidad puedan estar mandando sus mensajes que a\u00fan son fuertes\u00bb, subray\u00f3 en otra rueda de prensa el secretario de Defensa, Luis Cresencio Sandoval.<\/p>\n<p>El viernes tambi\u00e9n fueron incinerados veh\u00edculos de transporte p\u00fablico en las ciudades de Tijuana, Ensenada y Mexicali, en Baja California, mientras que el fin de semana se reportaron bloqueos de carreteras en Michoac\u00e1n luego de la captura de 164 integrantes de un grupo de autodefensa.<\/p>\n<p>Tras un fin de semana marcado por hechos violentos, las autoridades reportaron la detenci\u00f3n de 3.630\u00a0personas e insistieron en rechazar la existencia de terrorismo en el territorio mexicano.<\/p>\n<p>Expertos citados por la prensa local\u00a0alertan que la intensa violencia y las \u00faltimas muestras de terror contra la poblaci\u00f3n est\u00e1 desatando el miedo\u00a0en el\u00a0sector privado, lo que ha generado incluso el cierre de negocios en estados como Baja California.<\/p>\n","protected":false},"excerpt":{"rendered":"<p>Diversas organizaciones civiles pidieron ayuda a la Organizaci\u00f3n de Naciones Unidas (ONU) para que se reconozca que M\u00e9xico atraviesa por un \u00abconflicto interno\u00bb, debido a un notable aumento de la&hellip;<\/p>\n","protected":false},"author":1,"featured_media":8853,"comment_status":"open","ping_status":"closed","sticky":false,"template":"","format":"standard","meta":{"footnotes":""},"categories":[7,8,9],"tags":[],"class_list":["post-8851","post","type-post","status-publish","format-standard","has-post-thumbnail","hentry","category-nacional","category-policia","category-politica"],"_links":{"self":[{"href":"https:\/\/ldpublicicdad.com\/index.php?rest_route=\/wp\/v2\/posts\/8851","targetHints":{"allow":["GET"]}}],"collection":[{"href":"https:\/\/ldpublicicdad.com\/index.php?rest_route=\/wp\/v2\/posts"}],"about":[{"href":"https:\/\/ldpublicicdad.com\/index.php?rest_route=\/wp\/v2\/types\/post"}],"author":[{"embeddable":true,"href":"https:\/\/ldpublicicdad.com\/index.php?rest_route=\/wp\/v2\/users\/1"}],"replies":[{"embeddable":true,"href":"https:\/\/ldpublicicdad.com\/index.php?rest_route=%2Fwp%2Fv2%2Fcomments&post=8851"}],"version-history":[{"count":1,"href":"https:\/\/ldpublicicdad.com\/index.php?rest_route=\/wp\/v2\/posts\/8851\/revisions"}],"predecessor-version":[{"id":8852,"href":"https:\/\/ldpublicicdad.com\/index.php?rest_route=\/wp\/v2\/posts\/8851\/revisions\/8852"}],"wp:featuredmedia":[{"embeddable":true,"href":"https:\/\/ldpublicicdad.com\/index.php?rest_route=\/wp\/v2\/media\/8853"}],"wp:attachment":[{"href":"https:\/\/ldpublicicdad.com\/index.php?rest_route=%2Fwp%2Fv2%2Fmedia&parent=8851"}],"wp:term":[{"taxonomy":"category","embeddable":true,"href":"https:\/\/ldpublicicdad.com\/index.php?rest_route=%2Fwp%2Fv2%2Fcategories&post=8851"},{"taxonomy":"post_tag","embeddable":true,"href":"https:\/\/ldpublicicdad.com\/index.php?rest_route=%2Fwp%2Fv2%2Ftags&post=8851"}],"curies":[{"name":"wp","href":"https:\/\/api.w.org\/{rel}","templated":true}]}}