{"id":8803,"date":"2022-08-12T18:48:58","date_gmt":"2022-08-12T23:48:58","guid":{"rendered":"https:\/\/ldpublicicdad.com\/?p=8803"},"modified":"2022-08-12T23:49:00","modified_gmt":"2022-08-12T23:49:00","slug":"mexico-retraso-en-rescate-de-mineros-desespera-a-familiares","status":"publish","type":"post","link":"https:\/\/ldpublicicdad.com\/?p=8803","title":{"rendered":"M\u00e9xico: Retraso en rescate de mineros desespera a familiares"},"content":{"rendered":"<p>A ocho d\u00edas del derrumbe en una mina de carb\u00f3n del norte de M\u00e9xico donde permanecen atrapados diez mineros, sus familiares se aferran a su fe para tratar de soportar la extenuante espera y el retraso de la operaci\u00f3n de rescate que fue pospuesta la v\u00edspera tras el hallazgo de numerosos obst\u00e1culos en el socav\u00f3n.<\/p>\n<p>Luego de pasar cuatro noches durmiendo sentada en una silla de pl\u00e1stico a las afueras de esta mina ubicada en el municipio Sabinas del estado norte\u00f1o de Coahuila, Liliana Torres se niega a abandonar el lugar y sigue aferrada a una fe inquebrantable de que su t\u00edo, Jaime Montelongo, saldr\u00e1 con vida junto a sus nueve compa\u00f1eros.<\/p>\n<p>\u201cA ratitos me siento cansada, pero de a poco me vuelve a dar fuerza\u201d, le dijo la docente, de 32 a\u00f1os, a The Associated Press el jueves por tel\u00e9fono, y admiti\u00f3 que la fuerza que la mantiene en pie es \u201cla esperanza de que mi t\u00edo regrese\u201d.<\/p>\n<p>Montelongo ha sido considerado el h\u00e9roe de la tragedia debido a que, tras escucharse el fuerte estruendo que gener\u00f3 el derrumbe e inundaci\u00f3n de la mina la tarde del 3 de agosto, el minero de 61 a\u00f1os decidi\u00f3 descender al socav\u00f3n para buscar a sus compa\u00f1eros, pero nunca regres\u00f3.<\/p>\n<p>Luego de trabajar casi cinco d\u00e9cadas en la miner\u00eda, al igual que lo hizo su padre, Montelongo logr\u00f3 obtener una pensi\u00f3n, pero el escaso dinero que recib\u00eda lo oblig\u00f3 a retornar a las minas para trabajar sacando cubetas de carb\u00f3n que llenaban sus compa\u00f1eros.<\/p>\n<p>Los mineros quedaron atrapados luego de que se derrumb\u00f3 un \u00e1rea contigua de una vieja mina que estaba llena de agua, lo que provoc\u00f3 una fuerte inundaci\u00f3n en tres de los pozos de la instalaci\u00f3n de unos 60 metros de profundidad.<\/p>\n<p>En la mina laboraban 15 trabajadores, pero s\u00f3lo cinco lograron salir tras el ingreso del agua. Los mineros, todos de bajos recursos, trabajaban en el lugar sin medidas de seguridad ni supervisi\u00f3n de las autoridades.<\/p>\n<p>Aferrados a una figura de San Judas Tadeo, que colocaron a las afueras de la mina en un improvisado altar junto a fotograf\u00edas de Jaime y velas, Torres, sus t\u00edos y primos esperan noticias de las autoridades sobre la suerte de los mineros.<\/p>\n<p>\u201cEst\u00e1n esperando mucho tiempo para el rescate\u201d, dijo Torres al quejarse de la decisi\u00f3n que tomaron el mi\u00e9rcoles las autoridades de posponer la operaci\u00f3n, luego que buzos militares y rescatistas que descendieron unos nueve metros dentro de una canasta de metal al pozo n\u00famero 4 reportaron el hallazgo de varios obst\u00e1culos que les imped\u00edan seguir avanzando.<\/p>\n<p>El caso ha reactivado las cr\u00edticas sobre las precarias condiciones en las que trabajan muchos mineros en M\u00e9xico, sin cumplir con medidas de seguridad como sistemas de ventilaci\u00f3n, salidas de emergencia y equipos de seguridad, y sin la supervisi\u00f3n de la Secretar\u00eda del Trabajo.<\/p>\n<p>La Fiscal\u00eda General de la Rep\u00fablica y la Fiscal\u00eda de Coahuila iniciaron investigaciones y tomaron declaraci\u00f3n a una persona que fue identificada como Cristian \u201cS\u201d, quien ser\u00eda el propietario de la mina donde ocurri\u00f3 el accidente.<\/p>\n<p>La Fiscal\u00eda General de la Rep\u00fablica anunci\u00f3 el jueves por la noche en un comunicado que Cristian \u201cS\u201d fue imputado por su responsabilidad en \u201ctodos los actos de direcci\u00f3n y administraci\u00f3n, en la explotaci\u00f3n il\u00edcita del subsuelo\u201d a trav\u00e9s de la mina de carb\u00f3n, por lo que se estima que habr\u00eda incurrido en el delito de explotaci\u00f3n il\u00edcita de un bien que pertenece a la naci\u00f3n.<\/p>\n<p>De acuerdo con la informaci\u00f3n aportada por la Secretar\u00eda de la Defensa Nacional, dos buzos militares, tres rescatistas civiles y tres elementos militares del Equipo de Respuesta Inmediata a Emergencias o Desastres retiraron del pozo 13 polines de madera y 15 metros de manguera flexible.<\/p>\n<p>La Coordinaci\u00f3n Nacional de Protecci\u00f3n Civil indic\u00f3 el jueves que el fondo del pozo \u201cse encontr\u00f3 despejado\u201d, pero las entradas hacia las cuatro galer\u00edas de la mina est\u00e1n bloqueadas por pilotes de madera.<\/p>\n<p>Las autoridades se comprometieron a continuar con las labores de bombeo de agua de los pozos para liberar las galer\u00edas y poder iniciar el rescate.<\/p>\n<p>Desde el d\u00eda del accidente iniciaron la extracci\u00f3n de agua de los pozos con la ayuda de una veintena de bombas de extracci\u00f3n. Sin embargo, el proceso se demor\u00f3 debido a que el nivel bajaba con mucha lentitud, porque mientras el agua sal\u00eda por un lado, entraba por otro. Ante esa situaci\u00f3n el equipo a cargo de la emergencia decidi\u00f3 realizar dos perforaciones en el \u00e1rea para evitar que continuara ingresando m\u00e1s agua.<\/p>\n<p>Unos 672 agentes de las fuerzas militares y otros cuerpos de seguridad participan en las labores.<\/p>\n<p>Con respecto a la condici\u00f3n en la que se encontrar\u00edan los 10 mineros atrapados las autoridades no han ofrecido informaci\u00f3n, pero especialistas han reconocido que es muy complicado que puedan salir con vida y dicen que todo depender\u00e1 de si lograron encontrar un espacio para guarecerse del agua.<\/p>\n","protected":false},"excerpt":{"rendered":"<p>A ocho d\u00edas del derrumbe en una mina de carb\u00f3n del norte de M\u00e9xico donde permanecen atrapados diez mineros, sus familiares se aferran a su fe para tratar de soportar&hellip;<\/p>\n","protected":false},"author":1,"featured_media":8805,"comment_status":"open","ping_status":"closed","sticky":false,"template":"","format":"standard","meta":{"footnotes":""},"categories":[7,8],"tags":[],"class_list":["post-8803","post","type-post","status-publish","format-standard","has-post-thumbnail","hentry","category-nacional","category-policia"],"_links":{"self":[{"href":"https:\/\/ldpublicicdad.com\/index.php?rest_route=\/wp\/v2\/posts\/8803","targetHints":{"allow":["GET"]}}],"collection":[{"href":"https:\/\/ldpublicicdad.com\/index.php?rest_route=\/wp\/v2\/posts"}],"about":[{"href":"https:\/\/ldpublicicdad.com\/index.php?rest_route=\/wp\/v2\/types\/post"}],"author":[{"embeddable":true,"href":"https:\/\/ldpublicicdad.com\/index.php?rest_route=\/wp\/v2\/users\/1"}],"replies":[{"embeddable":true,"href":"https:\/\/ldpublicicdad.com\/index.php?rest_route=%2Fwp%2Fv2%2Fcomments&post=8803"}],"version-history":[{"count":1,"href":"https:\/\/ldpublicicdad.com\/index.php?rest_route=\/wp\/v2\/posts\/8803\/revisions"}],"predecessor-version":[{"id":8804,"href":"https:\/\/ldpublicicdad.com\/index.php?rest_route=\/wp\/v2\/posts\/8803\/revisions\/8804"}],"wp:featuredmedia":[{"embeddable":true,"href":"https:\/\/ldpublicicdad.com\/index.php?rest_route=\/wp\/v2\/media\/8805"}],"wp:attachment":[{"href":"https:\/\/ldpublicicdad.com\/index.php?rest_route=%2Fwp%2Fv2%2Fmedia&parent=8803"}],"wp:term":[{"taxonomy":"category","embeddable":true,"href":"https:\/\/ldpublicicdad.com\/index.php?rest_route=%2Fwp%2Fv2%2Fcategories&post=8803"},{"taxonomy":"post_tag","embeddable":true,"href":"https:\/\/ldpublicicdad.com\/index.php?rest_route=%2Fwp%2Fv2%2Ftags&post=8803"}],"curies":[{"name":"wp","href":"https:\/\/api.w.org\/{rel}","templated":true}]}}