{"id":8602,"date":"2022-07-26T16:18:01","date_gmt":"2022-07-26T21:18:01","guid":{"rendered":"https:\/\/ldpublicicdad.com\/?p=8602"},"modified":"2022-07-26T21:18:02","modified_gmt":"2022-07-26T21:18:02","slug":"jose-angel-chavarin-se-declara-listo-para-su-debut-internacional","status":"publish","type":"post","link":"https:\/\/ldpublicicdad.com\/?p=8602","title":{"rendered":"Jos\u00e9 \u00c1ngel Chavar\u00edn se declara listo para su debut internacional"},"content":{"rendered":"<h4 class=\"subtitle\" style=\"text-align: center;\">El entrenador mazatleco ser\u00e1 parte del coacheo del equipo mexicano, que participar\u00e1 en el Mundial Sub-12<\/h4>\n<div class=\"lead-gallery \">\n<div class=\"teaser  owl-carousel owl-theme\">\n<div class=\"owl-wrapper-outer\">\n<div class=\"owl-wrapper\">\n<div class=\"owl-item\">\n<div class=\"img-container picture\">\n<div id=\"standard_1\" class=\"st-placement standard_1 inImage\">\n<div class=\"st-adunit st-adunit-tagged st-reset st-show\">\n<div class=\"st-adunit-ad st-reset\">\n<div class=\"st-display-render st-reset\">\n<div class=\"st-reset\">\n<div class=\"important-styled st-canvas-container programmatic-direct Full contextual-impact-display fssquz2\">\n<div class=\"important-styled st-canvas-el fhxwyqa\">\n<div class=\"important-styled st-canvas-container undefined fssquz2\">\n<div class=\"important-styled st-canvas-el fhxwyqa\">\n<div class=\"important-styled st-canvas-container undefined fssquz2\">\n<div class=\"important-styled st-canvas-el fhxwyqa\">\n<div class=\"important-styled f14vclaj\">\n<p>Con una larga trayectoria dentro del beisbol, y ya con grata experiencia entrenando a equipos infantiles, dentro de la\u00a0<b>Liga<\/b>\u00a0<b>Quintero Casta\u00f1eda,<\/b>\u00a0el manejador\u00a0<b>Jos\u00e9 \u00c1ngel Chavar\u00edn e<\/b>star\u00e1 fungiendo como coach de la\u00a0<b>Selecci\u00f3n Mexicana Sub-12<\/b>, que participar\u00e1 en el\u00a0<b>Campeonato Mundial en Tainan<\/b>,\u00a0<b>Taiwan<\/b>\u00a0del 29 de julio al 7 de agosto.<\/p>\n<p>Chavar\u00edn es toda una instituci\u00f3n en e<b>l ramo infanti<\/b>l: tan solo el a\u00f1o pasado se lograron dos campeonatos\u00a0<b>nacionales<\/b>\u00a0bajo su mando, lo que fue un hecho hist\u00f3rico para Sinaloa, que adem\u00e1s le vali\u00f3 para llevar al\u00a0<b>mundial<\/b>\u00a0como parte del cuerpo t\u00e9cnico.<\/p>\n<p>Esa experiencia ser\u00e1 \u00fanica para el\u00a0<b>mazatleco<\/b>, ya que tanto \u00e9l como el pelotero\u00a0<b>Alfredo<\/b>\u00a0\u201c<b>Gallito<\/b>\u201d\u00a0<b>Maga\u00f1a<\/b>, son los \u00fanicos sinaloenses que estar\u00e1n en esa justa\u00a0<b>mundialista<\/b>, en la cual se espera tener un gran resultado.<\/p>\n<p>\u00abEsta es una nueva experiencia m\u00e1s en mi carrera en asistir a un evento selectivo de clase mundial&#8217;, expres\u00f3 Chavar\u00edn, quien adem\u00e1s agradeci\u00f3 el apoyo de su familia y amigos, en esta nueva aventura.<\/p>\n<h2>La selecci\u00f3n, lista para su participaci\u00f3n<\/h2>\n<p>Tanto\u00a0<b>Chavar\u00edn<\/b>\u00a0como los peloteros que representar\u00e1n a\u00a0<b>M\u00e9xico<\/b>\u00a0salieron con rumbo a tierras asi\u00e1ticas, con el fin de estar preparados y aclimatados para los compromisos que sostendr\u00e1n este viernes, cuando debuten.<\/p>\n<p><b>M\u00e9xico<\/b>\u00a0tendr\u00e1 que ir\u00a0<b>enfocando<\/b>, ya que este tipo de competencias son r\u00e1pidas y complicadas, por lo que, de comenzar ganando, los\u00a0<b>peloteros<\/b>\u00a0tendr\u00e1n esa confianza de salir adelante, algo que saben perfectamente los manejadores a cargo de la novena tricolor.<\/p>\n<h2>Equipos definidos<\/h2>\n<p>La escuadra mexicana fue colocada en el sector A junto al cuadro local, Italia, Panam\u00e1, Sud\u00e1frica y Venezuela; en tanto que el pelot\u00f3n B est\u00e1 formado por Rep\u00fablica Checa, Rep\u00fablica Dominicana, Guam, Jap\u00f3n, Corea y Estados Unidos.<\/p>\n<\/div>\n<\/div>\n<\/div>\n<\/div>\n<\/div>\n<\/div>\n<\/div>\n<\/div>\n<\/div>\n<\/div>\n<\/div>\n<\/div>\n<\/div>\n<\/div>\n<\/div>\n<\/div>\n<\/div>\n<\/div>\n","protected":false},"excerpt":{"rendered":"<p>El entrenador mazatleco ser\u00e1 parte del coacheo del equipo mexicano, que participar\u00e1 en el Mundial Sub-12 Con una larga trayectoria dentro del beisbol, y ya con grata experiencia entrenando a&hellip;<\/p>\n","protected":false},"author":1,"featured_media":8604,"comment_status":"open","ping_status":"closed","sticky":false,"template":"","format":"standard","meta":{"footnotes":""},"categories":[3,4,5],"tags":[],"class_list":["post-8602","post","type-post","status-publish","format-standard","has-post-thumbnail","hentry","category-deportes","category-espectaculos","category-internacional"],"_links":{"self":[{"href":"https:\/\/ldpublicicdad.com\/index.php?rest_route=\/wp\/v2\/posts\/8602","targetHints":{"allow":["GET"]}}],"collection":[{"href":"https:\/\/ldpublicicdad.com\/index.php?rest_route=\/wp\/v2\/posts"}],"about":[{"href":"https:\/\/ldpublicicdad.com\/index.php?rest_route=\/wp\/v2\/types\/post"}],"author":[{"embeddable":true,"href":"https:\/\/ldpublicicdad.com\/index.php?rest_route=\/wp\/v2\/users\/1"}],"replies":[{"embeddable":true,"href":"https:\/\/ldpublicicdad.com\/index.php?rest_route=%2Fwp%2Fv2%2Fcomments&post=8602"}],"version-history":[{"count":1,"href":"https:\/\/ldpublicicdad.com\/index.php?rest_route=\/wp\/v2\/posts\/8602\/revisions"}],"predecessor-version":[{"id":8603,"href":"https:\/\/ldpublicicdad.com\/index.php?rest_route=\/wp\/v2\/posts\/8602\/revisions\/8603"}],"wp:featuredmedia":[{"embeddable":true,"href":"https:\/\/ldpublicicdad.com\/index.php?rest_route=\/wp\/v2\/media\/8604"}],"wp:attachment":[{"href":"https:\/\/ldpublicicdad.com\/index.php?rest_route=%2Fwp%2Fv2%2Fmedia&parent=8602"}],"wp:term":[{"taxonomy":"category","embeddable":true,"href":"https:\/\/ldpublicicdad.com\/index.php?rest_route=%2Fwp%2Fv2%2Fcategories&post=8602"},{"taxonomy":"post_tag","embeddable":true,"href":"https:\/\/ldpublicicdad.com\/index.php?rest_route=%2Fwp%2Fv2%2Ftags&post=8602"}],"curies":[{"name":"wp","href":"https:\/\/api.w.org\/{rel}","templated":true}]}}