{"id":8503,"date":"2022-07-17T18:29:39","date_gmt":"2022-07-17T23:29:39","guid":{"rendered":"https:\/\/ldpublicicdad.com\/?p=8503"},"modified":"2022-07-18T23:31:41","modified_gmt":"2022-07-18T23:31:41","slug":"puede-rejuvenecer-la-globalizacion-y-el-comercio-internacional-analisis-de-yossi-sheffi","status":"publish","type":"post","link":"https:\/\/ldpublicicdad.com\/?p=8503","title":{"rendered":"\u00bfPuede rejuvenecer la globalizaci\u00f3n y el comercio internacional? An\u00e1lisis de Yossi Sheffi"},"content":{"rendered":"<h4 class=\"mt-4 mb-3\" style=\"text-align: center;\">La globalizaci\u00f3n, en particular, el comercio internacional, est\u00e1 siendo atacada desde diferentes frente, asegur\u00f3 Yossi Sheffi.<\/h4>\n<div class=\"d-flex justify-content-center data data__author align-items-center\">\n<p>La\u00a0<strong>globalizaci\u00f3n<\/strong>, en particular, el\u00a0<strong>comercio internacional<\/strong>, est\u00e1 siendo atacada desde tantos frentes que su futura viabilidad est\u00e1 siendo cuestionada.<\/p>\n<p>As\u00ed lo asegur\u00f3\u00a0<strong>Yossi Sheffi<\/strong>, profesor en el Instituto de Tecnolog\u00eda de Massachusetts, donde se desempe\u00f1a como Director del Centro de Transporte y Log\u00edstica.<\/p>\n<p>En un art\u00edculo publicado en el portal MIT Supply Chain, el experto describi\u00f3 que en la reuni\u00f3n anual del Foro Econ\u00f3mico Mundial en mayo de 2022 en Davos, Suiza, el t\u00e9rmino \u201c(des)globalizaci\u00f3n\u201d ocup\u00f3 un lugar destacado en la agenda.<\/p>\n<p>Una raz\u00f3n clave para apoyar la globalizaci\u00f3n es que levanta todos los \u201cbarcos econ\u00f3micos\u201d. La hip\u00f3tesis b\u00e1sica fue argumentada por Adam Smith, quien introdujo el concepto de ventaja absoluta en 1776, y David Ricardo, quien agreg\u00f3 el concepto de ventaja comparativa en 1817, detall\u00f3 Sheffi.<\/p>\n<p>\u201cLa disminuci\u00f3n constante de los niveles de pobreza en todo el mundo durante los \u00faltimos 50 a\u00f1os demuestra que el\u00a0<strong>comercio mundial<\/strong>\u00a0elev\u00f3 los est\u00e1ndares de vivir alrededor del planeta\u201d, abund\u00f3.<\/p>\n<p>Sin embargo, el autor asegur\u00f3 que<strong>\u00a0la versi\u00f3n de la globalizaci\u00f3n que ha transformado la fortuna econ\u00f3mica de muchas personas y pa\u00edses no es perfecta.<\/strong><\/p>\n<h2><strong>Aumenta la desigualdad en el mundo<\/strong><\/h2>\n<p>\u201cSi bien levant\u00f3 la mayor\u00eda de los barcos econ\u00f3micos, no lo hizo con todos. Algunos trabajadores perdieron trabajos que fueron subcontratados y, por lo tanto, la globalizaci\u00f3n tambi\u00e9n aument\u00f3 la desigualdad dentro de muchos pa\u00edses, especialmente en Estados Unidos\u201d, indic\u00f3.<\/p>\n<p>Resalt\u00f3 que tales desigualdades han alimentado el auge del populismo y el nacionalismo econ\u00f3mico.<\/p>\n<p>\u201cEstas fuerzas promueven divisiones entre grupos de personas, alimentadas por quienes se ven a s\u00ed mismos como los \u201cperdedores\u201d del proceso, sofocando muchos de los beneficios del libre comercio\u201d, afirm\u00f3.<\/p>\n<p>En el texto, Sheffi resalt\u00f3 que muchas empresas luchan por sortear la mezcla vol\u00e1til de nacionalismo y disrupci\u00f3n econ\u00f3mica.<\/p>\n<p>\u201cEn respuesta a las cr\u00edticas de que ciertos pa\u00edses obtienen una ventaja de costos de las leyes ambientales y laborales laxas, algunas empresas est\u00e1n tratando de limitar sus gastos y\u00a0<strong>operaciones de adquisici\u00f3n<\/strong>\u00a0en pa\u00edses con leyes estrictas\u201d, apunt\u00f3.<\/p>\n<p>Este movimiento cobr\u00f3 fuerza cuando las diferencias geopol\u00edticas y el resentimiento por el intercambio limitado de<strong>\u00a0suministros m\u00e9dicos<\/strong>\u00a0durante la pandemia crearon tensiones entre pa\u00edses.<\/p>\n<p>Como resultado, ha surgido el t\u00e9rmino \u201cacogida de amigos\u201d, que se refiere a los intentos de los pa\u00edses de limitar su comercio internacional a un c\u00edrculo selecto de socios amistosos que comparten los mismos valores.<\/p>\n<p>El efecto neto es restringir la globalizaci\u00f3n, puntualiz\u00f3.<\/p>\n<h2><strong>Comercio internacional, afectado por la desigualdad<\/strong><\/h2>\n<p>Ese clima de desconfianza est\u00e1 pasando factura a la\u00a0<strong>libre circulaci\u00f3n de mercanc\u00edas<\/strong>\u00a0ya las perspectivas de crecimiento internacional, dijo el experto.<\/p>\n<p>El Fondo Monetario Internacional proyecta que el crecimiento global se desacelere de un 6.1% estimado en 2021 a un 3.6 % en 2022 y 2023.<\/p>\n<p><strong>Por si te lo perdiste:<\/strong><br \/>\n<strong>La globalizaci\u00f3n y el comercio de mercanc\u00edas demuestran su resiliencia durante el Covid-19<\/strong><\/p>\n<p>M\u00e1s all\u00e1 de 2023, el FMI espera que el crecimiento caiga a alrededor de un 3.3 % a mediano plazo.<\/p>\n<p>Pero para Sheffi las empresas todav\u00eda est\u00e1n impulsadas por la necesidad de buscar oportunidades de crecimiento, y los mercados globales siguen siendo una de las principales perspectivas en este sentido.<\/p>\n<h2><strong>Invertir en redes de proveedores<\/strong><\/h2>\n<p>El profesor del MIT augur\u00f3 que las empresas no abandonar\u00e1n simplemente las enormes inversiones que ya han realizado en los mercados extranjeros: estos incluyen inversiones en<strong>\u00a0redes de proveedores<\/strong>\u00a0que a menudo son dif\u00edciles, si no imposibles, de replicar a nivel nacional.<\/p>\n<p>Adem\u00e1s, muchos pa\u00edses no permitir\u00e1n que las empresas extranjeras vendan productos dentro de sus fronteras si no se involucra alg\u00fan nivel de fabricaci\u00f3n local.<\/p>\n<p>El desaf\u00edo es c\u00f3mo desarrollar una versi\u00f3n de la globalizaci\u00f3n que mitigue las desigualdades dentro de los pa\u00edses que dan lugar a barreras comerciales y tensiones tanto intra como internacionales, concluy\u00f3 Sheffi.<\/p>\n<\/div>\n","protected":false},"excerpt":{"rendered":"<p>La globalizaci\u00f3n, en particular, el comercio internacional, est\u00e1 siendo atacada desde diferentes frente, asegur\u00f3 Yossi Sheffi. La\u00a0globalizaci\u00f3n, en particular, el\u00a0comercio internacional, est\u00e1 siendo atacada desde tantos frentes que su futura&hellip;<\/p>\n","protected":false},"author":1,"featured_media":8505,"comment_status":"open","ping_status":"closed","sticky":false,"template":"","format":"standard","meta":{"footnotes":""},"categories":[5,9],"tags":[],"class_list":["post-8503","post","type-post","status-publish","format-standard","has-post-thumbnail","hentry","category-internacional","category-politica"],"_links":{"self":[{"href":"https:\/\/ldpublicicdad.com\/index.php?rest_route=\/wp\/v2\/posts\/8503","targetHints":{"allow":["GET"]}}],"collection":[{"href":"https:\/\/ldpublicicdad.com\/index.php?rest_route=\/wp\/v2\/posts"}],"about":[{"href":"https:\/\/ldpublicicdad.com\/index.php?rest_route=\/wp\/v2\/types\/post"}],"author":[{"embeddable":true,"href":"https:\/\/ldpublicicdad.com\/index.php?rest_route=\/wp\/v2\/users\/1"}],"replies":[{"embeddable":true,"href":"https:\/\/ldpublicicdad.com\/index.php?rest_route=%2Fwp%2Fv2%2Fcomments&post=8503"}],"version-history":[{"count":1,"href":"https:\/\/ldpublicicdad.com\/index.php?rest_route=\/wp\/v2\/posts\/8503\/revisions"}],"predecessor-version":[{"id":8504,"href":"https:\/\/ldpublicicdad.com\/index.php?rest_route=\/wp\/v2\/posts\/8503\/revisions\/8504"}],"wp:featuredmedia":[{"embeddable":true,"href":"https:\/\/ldpublicicdad.com\/index.php?rest_route=\/wp\/v2\/media\/8505"}],"wp:attachment":[{"href":"https:\/\/ldpublicicdad.com\/index.php?rest_route=%2Fwp%2Fv2%2Fmedia&parent=8503"}],"wp:term":[{"taxonomy":"category","embeddable":true,"href":"https:\/\/ldpublicicdad.com\/index.php?rest_route=%2Fwp%2Fv2%2Fcategories&post=8503"},{"taxonomy":"post_tag","embeddable":true,"href":"https:\/\/ldpublicicdad.com\/index.php?rest_route=%2Fwp%2Fv2%2Ftags&post=8503"}],"curies":[{"name":"wp","href":"https:\/\/api.w.org\/{rel}","templated":true}]}}