{"id":8497,"date":"2022-07-17T16:33:03","date_gmt":"2022-07-17T21:33:03","guid":{"rendered":"https:\/\/ldpublicicdad.com\/?p=8497"},"modified":"2022-07-18T23:21:46","modified_gmt":"2022-07-18T23:21:46","slug":"crisis-en-presas-de-tamaulipas","status":"publish","type":"post","link":"https:\/\/ldpublicicdad.com\/?p=8497","title":{"rendered":"Crisis en presas de Tamaulipas"},"content":{"rendered":"<h4 style=\"text-align: center;\">Presentan valores que apenas rebasan el 20% de almacenamiento<\/h4>\n<div class=\"meta-block m-b-30\">\n<p class=\"\">De las nueve\u00a0<strong>presas<\/strong>\u00a0que existen en\u00a0<strong>Tamaulipas<\/strong>, seis de ellas se encuentran con niveles de almacenamiento que apenas rebasan el 20 por ciento, la internacional Falc\u00f3n es la que presenta Sun nivel m\u00ednimo con apenas el 13 por ciento.<\/p>\n<p class=\"\">Informaci\u00f3n emitida por la Comisi\u00f3n Nacional del Agua destaca que las\u00a0<strong>presas<\/strong>\u00a0del norte y centro de\u00a0<strong>Tamaulipas<\/strong>\u00a0son la que registran el menor porcentaje de captaci\u00f3n, mientras que las de la zona sur cuentan con mayor cantidad de l\u00edquido.<\/p>\n<p class=\"\">Los niveles en los nueve embalses registran tendencia a la baja, pues las lluvias espor\u00e1dicas que se han registrado no son suficientes para su recuperaci\u00f3n.<\/p>\n<h2 class=\"\">ALARMA EN EL SUR<\/h2>\n<p class=\"\">A pesar de que ha llovido ligeramente en la zona sur, las\u00a0<strong>presas<\/strong>\u00a0siguen bajando sus niveles, al grado que est\u00e9n al punto de secarse; otras ya est\u00e1n secas.<\/p>\n<p class=\"\">El regidor del sector rural Irvin Geovanni Montes Rosales, dijo que las lluvias ligeras de hace algunos d\u00edas fueron de poca ayuda debido a que la tierra estaba muy seca.<\/p>\n<p class=\"\">\u00abHay algunas\u00a0<strong>presas<\/strong>\u00a0que se abastecen por chorros de corriente externa, pero son pocos los casos\u00bb, se\u00f1al\u00f3 el tambi\u00e9n residente del sector rural.<\/p>\n<p class=\"\">A\u00f1adi\u00f3 que para mitigar el efecto de la sequ\u00eda algunos residentes rurales han recurrido a acarrear agua por su propia cuenta, algunos otros est\u00e1n pidiendo el apoyo de Bomberos o Comapa al menos para atender sus necesidades b\u00e1sicas.<\/p>\n<p class=\"\">Se\u00f1ala que en tanto al sector ganadero, la situaci\u00f3n es m\u00e1s cr\u00edtica, pues ahorita lo que hay de agua, s\u00f3lo es para el consumo humano.<\/p>\n<p class=\"\"><strong>PRESAS EN TAMAULIPAS<\/strong><\/p>\n<p class=\"\"><strong>Tamaulipas<\/strong>\u00a0cuenta con 9\u00a0<strong>presas<\/strong>, de acuerdo a los valores estimados de la Comisi\u00f3n Nacional del Agua se encuentran en las siguientes condiciones:<\/p>\n<p class=\"\"><strong>* Presa Falc\u00f3n (Internacional): 13%<\/strong><\/p>\n<p class=\"\"><strong>* Las Blancas: 24%<\/strong><\/p>\n<p class=\"\"><strong>* Marte R. G\u00f3mez: 41%<\/strong><\/p>\n<p class=\"\"><strong>* Pedro J. M\u00e9ndez: 22%<\/strong><\/p>\n<p class=\"\"><strong>* Vicente Guerrero: 21%<\/strong><\/p>\n<p class=\"\"><strong>* Rep\u00fablica Espa\u00f1ola: 23%<\/strong><\/p>\n<p class=\"\"><strong>* Emilio Portes Gil: 28%<\/strong><\/p>\n<p class=\"\"><strong>* Ramiro Caballero: 47%<\/strong><\/p>\n<p class=\"\"><strong>* Sistema Lagunario Chairel: 64%<\/strong><\/p>\n<\/div>\n","protected":false},"excerpt":{"rendered":"<p>Presentan valores que apenas rebasan el 20% de almacenamiento De las nueve\u00a0presas\u00a0que existen en\u00a0Tamaulipas, seis de ellas se encuentran con niveles de almacenamiento que apenas rebasan el 20 por ciento,&hellip;<\/p>\n","protected":false},"author":1,"featured_media":8499,"comment_status":"open","ping_status":"closed","sticky":false,"template":"","format":"standard","meta":{"footnotes":""},"categories":[7,9],"tags":[],"class_list":["post-8497","post","type-post","status-publish","format-standard","has-post-thumbnail","hentry","category-nacional","category-politica"],"_links":{"self":[{"href":"https:\/\/ldpublicicdad.com\/index.php?rest_route=\/wp\/v2\/posts\/8497","targetHints":{"allow":["GET"]}}],"collection":[{"href":"https:\/\/ldpublicicdad.com\/index.php?rest_route=\/wp\/v2\/posts"}],"about":[{"href":"https:\/\/ldpublicicdad.com\/index.php?rest_route=\/wp\/v2\/types\/post"}],"author":[{"embeddable":true,"href":"https:\/\/ldpublicicdad.com\/index.php?rest_route=\/wp\/v2\/users\/1"}],"replies":[{"embeddable":true,"href":"https:\/\/ldpublicicdad.com\/index.php?rest_route=%2Fwp%2Fv2%2Fcomments&post=8497"}],"version-history":[{"count":1,"href":"https:\/\/ldpublicicdad.com\/index.php?rest_route=\/wp\/v2\/posts\/8497\/revisions"}],"predecessor-version":[{"id":8498,"href":"https:\/\/ldpublicicdad.com\/index.php?rest_route=\/wp\/v2\/posts\/8497\/revisions\/8498"}],"wp:featuredmedia":[{"embeddable":true,"href":"https:\/\/ldpublicicdad.com\/index.php?rest_route=\/wp\/v2\/media\/8499"}],"wp:attachment":[{"href":"https:\/\/ldpublicicdad.com\/index.php?rest_route=%2Fwp%2Fv2%2Fmedia&parent=8497"}],"wp:term":[{"taxonomy":"category","embeddable":true,"href":"https:\/\/ldpublicicdad.com\/index.php?rest_route=%2Fwp%2Fv2%2Fcategories&post=8497"},{"taxonomy":"post_tag","embeddable":true,"href":"https:\/\/ldpublicicdad.com\/index.php?rest_route=%2Fwp%2Fv2%2Ftags&post=8497"}],"curies":[{"name":"wp","href":"https:\/\/api.w.org\/{rel}","templated":true}]}}