{"id":831,"date":"2020-08-01T18:59:09","date_gmt":"2020-08-01T18:59:09","guid":{"rendered":"http:\/\/alertarojaquintanaroo.com\/?p=831"},"modified":"2020-08-01T18:59:09","modified_gmt":"2020-08-01T18:59:09","slug":"hallan-a-un-hombre-ejecutado-en-el-ejido-alfredo-v-bonfil","status":"publish","type":"post","link":"https:\/\/ldpublicicdad.com\/?p=831","title":{"rendered":"HALLAN A UN HOMBRE EJECUTADO EN EL EJIDO ALFREDO V. BONFIL"},"content":{"rendered":"\n<p>El cuerpo de un hombre ejecutado fue encontrado en el ejido Alfredo V. Bonfil, en la Supermanzana 308, hasta donde llegaron agentes ministeriales que se encargaron de hacer las investigaciones correspondientes por este nuevo crimen.<\/p>\n\n\n\n<p>Los hechos ocurrieron a las 9 :00 horas, del viernes cuando una llamada alert\u00f3 a las autoridades policiacas sobre el hallazgo de un hombre sin vida en la calle Quer\u00e9taro con avenida Luis Donaldo Colosio, en la Supermanzana 308.<\/p>\n\n\n\n<figure class=\"wp-block-image size-large\"><img loading=\"lazy\" decoding=\"async\" width=\"685\" height=\"358\" src=\"http:\/\/alertarojaquintanaroo.com\/wp-content\/uploads\/2020\/08\/image.png\" alt=\"\" class=\"wp-image-832\" srcset=\"https:\/\/ldpublicicdad.com\/wp-content\/uploads\/2020\/08\/image.png 685w, https:\/\/ldpublicicdad.com\/wp-content\/uploads\/2020\/08\/image-300x157.png 300w\" sizes=\"auto, (max-width: 685px) 100vw, 685px\" \/><\/figure>\n\n\n\n<p>En el lugar antes mencionado se encontr\u00f3 un hombre, quien hasta el momento permanece en calidad de desconocido, el cual ten\u00eda una varias heridas punzocortantes en varias partes del cuerpo y una herida mortal en el cuerpo.<\/p>\n\n\n\n<p>Adem\u00e1s, en el lugar se encontr\u00f3 una soya negra, as\u00ed como una bolsa que conten\u00eda unos guantes de l\u00e1tex, indicios que fueron asegurados.<\/p>\n\n\n\n<p>La v\u00edctima vest\u00eda un pantal\u00f3n negro, descalzo y sin playera, sin embargo, no se pudieron ver m\u00e1s rasgos f\u00edsicos tada vez que ya se estaba en proceso de descomposici\u00f3n.<\/p>\n\n\n\n<p>Evidentemente se logr\u00f3 ver que ten\u00eda exposici\u00f3n de v\u00edsceras, debido a dos heridas en la regi\u00f3n abdominal, as\u00ed como varias heridas en el cuello.<\/p>\n\n\n\n<p>Finalmente personal del Servicio M\u00e9dico Forense se encarg\u00f3 de levantar el cuerpo el cual fue llevado a sus instalaciones para practicarle la necropsia de ley correspondiente.<\/p>\n","protected":false},"excerpt":{"rendered":"<p>El cuerpo de un hombre ejecutado fue encontrado en el ejido Alfredo V. Bonfil, en la Supermanzana 308, hasta donde llegaron agentes ministeriales que se encargaron de hacer las investigaciones&hellip;<\/p>\n","protected":false},"author":1,"featured_media":834,"comment_status":"open","ping_status":"closed","sticky":false,"template":"","format":"standard","meta":{"footnotes":""},"categories":[8],"tags":[],"class_list":["post-831","post","type-post","status-publish","format-standard","has-post-thumbnail","hentry","category-policia"],"_links":{"self":[{"href":"https:\/\/ldpublicicdad.com\/index.php?rest_route=\/wp\/v2\/posts\/831","targetHints":{"allow":["GET"]}}],"collection":[{"href":"https:\/\/ldpublicicdad.com\/index.php?rest_route=\/wp\/v2\/posts"}],"about":[{"href":"https:\/\/ldpublicicdad.com\/index.php?rest_route=\/wp\/v2\/types\/post"}],"author":[{"embeddable":true,"href":"https:\/\/ldpublicicdad.com\/index.php?rest_route=\/wp\/v2\/users\/1"}],"replies":[{"embeddable":true,"href":"https:\/\/ldpublicicdad.com\/index.php?rest_route=%2Fwp%2Fv2%2Fcomments&post=831"}],"version-history":[{"count":0,"href":"https:\/\/ldpublicicdad.com\/index.php?rest_route=\/wp\/v2\/posts\/831\/revisions"}],"wp:featuredmedia":[{"embeddable":true,"href":"https:\/\/ldpublicicdad.com\/index.php?rest_route=\/wp\/v2\/media\/834"}],"wp:attachment":[{"href":"https:\/\/ldpublicicdad.com\/index.php?rest_route=%2Fwp%2Fv2%2Fmedia&parent=831"}],"wp:term":[{"taxonomy":"category","embeddable":true,"href":"https:\/\/ldpublicicdad.com\/index.php?rest_route=%2Fwp%2Fv2%2Fcategories&post=831"},{"taxonomy":"post_tag","embeddable":true,"href":"https:\/\/ldpublicicdad.com\/index.php?rest_route=%2Fwp%2Fv2%2Ftags&post=831"}],"curies":[{"name":"wp","href":"https:\/\/api.w.org\/{rel}","templated":true}]}}