{"id":8284,"date":"2022-06-29T16:40:28","date_gmt":"2022-06-29T21:40:28","guid":{"rendered":"https:\/\/ldpublicicdad.com\/?p=8284"},"modified":"2022-06-29T21:40:30","modified_gmt":"2022-06-29T21:40:30","slug":"como-se-produjo-la-tragedia-de-nador-el-intento-de-cruce-terrestre-mas-mortal-a-espana-desde-marruecos-que-causa-conmocion-internacional","status":"publish","type":"post","link":"https:\/\/ldpublicicdad.com\/?p=8284","title":{"rendered":"C\u00f3mo se produjo la tragedia de Nador, el intento de cruce terrestre m\u00e1s mortal a Espa\u00f1a desde Marruecos que causa conmoci\u00f3n internacional"},"content":{"rendered":"<div class=\"bbc-19j92fr essoxwk0\" dir=\"ltr\">\n<p class=\"bbc-hhl7in e1cc2ql70\" dir=\"ltr\"><b>Es uno de los episodios m\u00e1s cruentos en la historia de la \u00fanica frontera terrestre entre \u00c1frica y la Uni\u00f3n Europea.<\/b><\/p>\n<\/div>\n<div class=\"bbc-19j92fr essoxwk0\" dir=\"ltr\">\n<p class=\"bbc-hhl7in e1cc2ql70\" dir=\"ltr\">Desde el pasado viernes 24 de junio se ha confirmado la muerte de al menos 23 personas despu\u00e9s de que 2.000 migrantes de origen subsahariano intentaran cruzar la valla de Melilla, la l\u00ednea fortificada que divide a Espa\u00f1a y Marruecos.<\/p>\n<\/div>\n<div class=\"bbc-19j92fr essoxwk0\" dir=\"ltr\">\n<p class=\"bbc-hhl7in e1cc2ql70\" dir=\"ltr\">Diversas organizaciones humanitarias alegan que la cifra real de fallecidos podr\u00eda ser mayor y exigen una investigaci\u00f3n inmediata para esclarecer las causas del suceso.<\/p>\n<\/div>\n<div class=\"bbc-19j92fr essoxwk0\" dir=\"ltr\">\n<p class=\"bbc-hhl7in e1cc2ql70\" dir=\"ltr\">Espa\u00f1a responsabiliza de lo ocurrido a las mafias que se dedican al tr\u00e1fico de personas y su presidente de gobierno,\u00a0<b>Pedro S\u00e1nchez<\/b>, calific\u00f3 la llegada masiva de migrantes como un \u00abviolento asalto\u00bb contra la \u00abintegridad territorial\u00bb del pa\u00eds.<\/p>\n<\/div>\n<div class=\"bbc-19j92fr essoxwk0\" dir=\"ltr\">\n<p class=\"bbc-hhl7in e1cc2ql70\" dir=\"ltr\">Marruecos, por su parte, se preparaba desde este lunes para enterrar a los fallecidos. Una acci\u00f3n tambi\u00e9n criticada por varias organizaciones por considerarla apresurada, sin llevar a cabo el proceso debido.<\/p>\n<div class=\"bbc-19j92fr essoxwk0\" dir=\"ltr\">\n<p class=\"bbc-hhl7in e1cc2ql70\" dir=\"ltr\">Los intentos de alcanzar territorio europeo a trav\u00e9s de Ceuta y Melilla, dos enclaves espa\u00f1oles en la costa norte de \u00c1frica, no son infrecuentes.<\/p>\n<\/div>\n<div class=\"bbc-19j92fr essoxwk0\" dir=\"ltr\">\n<p class=\"bbc-hhl7in e1cc2ql70\" dir=\"ltr\">Pero este \u00faltimo ha sido el m\u00e1s mortal ocurrido hasta la fecha, e im\u00e1genes difundidas que muestran migrantes apilados, algunos sangrando y yaciendo sin moverse en el suelo, han generado indignaci\u00f3n a nivel internacional.<\/p>\n<\/div>\n<div class=\"bbc-19j92fr essoxwk0\" dir=\"ltr\">\n<h2 id=\"C\u00f3mo-murieron-los-migrantes\" class=\"bbc-1f03ibc e1hixjf30\" tabindex=\"-1\">\u00bfC\u00f3mo murieron los migrantes?<\/h2>\n<\/div>\n<div class=\"bbc-19j92fr essoxwk0\" dir=\"ltr\">\n<p class=\"bbc-hhl7in e1cc2ql70\" dir=\"ltr\">Seg\u00fan contaron a la agencia de noticias espa\u00f1ola EFE vecinos de la zona, los migrantes llegaron temprano en la ma\u00f1ana del viernes a la zona de la valla a trav\u00e9s de la localidad marroqu\u00ed de\u00a0<b>Nador<\/b>, a pocos kil\u00f3metros de Melilla.<\/p>\n<\/div>\n<div class=\"bbc-19j92fr essoxwk0\" dir=\"ltr\">\n<p class=\"bbc-hhl7in e1cc2ql70\" dir=\"ltr\">Muchos iban armados con palos, cuchillos, piedras e instrumentos para cortar los barrotes de la frontera, seg\u00fan los testigos.<\/p>\n<\/div>\n<div class=\"bbc-19j92fr essoxwk0\" dir=\"ltr\">\n<p class=\"bbc-hhl7in e1cc2ql70\" dir=\"ltr\">\u00abFue el intento m\u00e1s violento de cruzar a Melilla que he visto\u00bb, le dijo a la agencia AFP Rachid Nejjarim, camarero de un caf\u00e9 cerca de la verja fortificada.<\/p>\n<div class=\"bbc-19j92fr essoxwk0\" dir=\"ltr\">\n<p class=\"bbc-hhl7in e1cc2ql70\" dir=\"ltr\">\u00abVi a migrantes armados con palos y barras de hierro&#8230; ten\u00eda miedo de ser atacado\u00bb, a\u00f1adi\u00f3 Nejjarim.<\/p>\n<\/div>\n<div class=\"bbc-19j92fr essoxwk0\" dir=\"ltr\">\n<p class=\"bbc-hhl7in e1cc2ql70\" dir=\"ltr\">Se estima que alrededor de 2.000 migrantes ten\u00edan la intenci\u00f3n de cruzar a Espa\u00f1a.<\/p>\n<\/div>\n<div class=\"bbc-19j92fr essoxwk0\" dir=\"ltr\">\n<p class=\"bbc-hhl7in e1cc2ql70\" dir=\"ltr\">Entre ellos, 500 consiguieron acercarse a la valla para intentar entrar. Fue all\u00ed, atrapados en uno de los pasillos del paso fronterizo, donde se produjo la avalancha que result\u00f3 fatal, seg\u00fan la versi\u00f3n de las autoridades marroqu\u00edes, que cifran en 23 el total de muertes.<\/p>\n<\/div>\n<div class=\"bbc-19j92fr essoxwk0\" dir=\"ltr\">\n<p class=\"bbc-hhl7in e1cc2ql70\" dir=\"ltr\">Seg\u00fan esos reportes oficiales, muchas de las v\u00edctimas cayeron desde lo alto de la cerca fronteriza y otras fueron aplastadas en un momento de estampida.<\/p>\n<\/div>\n<div class=\"bbc-19j92fr essoxwk0\" dir=\"ltr\">\n<p class=\"bbc-hhl7in e1cc2ql70\" dir=\"ltr\">Pero testimonios de testigos e im\u00e1genes difundidas por los sobrevivientes alegan que hubo agresiones de agentes marroqu\u00edes a los migrantes, a quienes intentaron frenar a fuerza de bastones, gases lacrim\u00f3genos y pelotas de goma.<\/p>\n<\/div>\n<div class=\"bbc-19j92fr essoxwk0\" dir=\"ltr\">\n<p class=\"bbc-hhl7in e1cc2ql70\" dir=\"ltr\">\u00abLa polic\u00eda marroqu\u00ed nos golpe\u00f3, mat\u00f3 a nuestros amigos y no entiendo por qu\u00e9\u00bb, le dijo al sitio de noticias eldiario.es Amir, un joven de Sud\u00e1n que alcanz\u00f3 Melilla.<\/p>\n<\/div>\n<div class=\"bbc-19j92fr essoxwk0\" dir=\"ltr\">\n<p class=\"bbc-hhl7in e1cc2ql70\" dir=\"ltr\">\u00abLos marroqu\u00edes me golpearon mucho. La represi\u00f3n fue muy fuerte. Nunca ha sido as\u00ed\u00bb, dijo Karin, otro hombre de Sud\u00e1n.<\/p>\n<\/div>\n<div class=\"bbc-19j92fr essoxwk0\" dir=\"ltr\">\n<p class=\"bbc-hhl7in e1cc2ql70\" dir=\"ltr\">La organizaci\u00f3n Caminando Fronteras defiende por su parte que hay\u00a0<b>al menos 37 fallecidos\u00a0<\/b>y que la cifra podr\u00eda seguir aumentando. Hay decenas de personas heridas.<\/p>\n<\/div>\n<div class=\"bbc-19j92fr essoxwk0\" dir=\"ltr\">\n<p class=\"bbc-hhl7in e1cc2ql70\" dir=\"ltr\">Ahora las autoridades espa\u00f1olas procesan a los 133 migrantes que s\u00ed consiguieron pasar al otro lado de la frontera.<\/p>\n<div class=\"bbc-19j92fr essoxwk0\" dir=\"ltr\">\n<p class=\"bbc-hhl7in e1cc2ql70\" dir=\"ltr\">La\u00a0<b>Asociaci\u00f3n Marroqu\u00ed de Derechos Humanos<\/b>\u00a0(AMHD), en la provincia de Nador, calific\u00f3 como \u00abinhumana\u00bb la forma en que se produjo la detenci\u00f3n de migrantes.<\/p>\n<\/div>\n<div class=\"bbc-19j92fr essoxwk0\" dir=\"ltr\">\n<p class=\"bbc-hhl7in e1cc2ql70\" dir=\"ltr\">Y Moussa Faki Mahamat, presidente de la\u00a0<b>Comisi\u00f3n de la Uni\u00f3n Africana<\/b>, expres\u00f3 su \u00abconmoci\u00f3n y preocupaci\u00f3n por el\u00a0<b>trato violento y degradante<\/b>\u00a0de los migrantes africanos\u00bb.<\/p>\n<\/div>\n<div class=\"bbc-19j92fr essoxwk0\" dir=\"ltr\">\n<p class=\"bbc-hhl7in e1cc2ql70\" dir=\"ltr\">Poco despu\u00e9s del incidente, AMHD public\u00f3 un video en redes sociales mostrando a decenas de migrantes apilados juntos en el suelo junto a la frontera.<\/p>\n<\/div>\n<div class=\"bbc-19j92fr essoxwk0\" dir=\"ltr\">\n<p class=\"bbc-hhl7in e1cc2ql70\" dir=\"ltr\">Algunos de los cuerpos yac\u00edan uno encima del otro y las marcas de sangre y trozos de ropa pod\u00edan verse alrededor. Muchos de los migrantes parecen heridos y muchos otros no muestran signos de movimiento.<\/p>\n<\/div>\n<div class=\"bbc-19j92fr essoxwk0\" dir=\"ltr\">\n<p class=\"bbc-hhl7in e1cc2ql70\" dir=\"ltr\">Otras im\u00e1genes difundidas por la organizaci\u00f3n muestran a agentes marroqu\u00edes golpeando a algunos de los migrantes que no ofrecen resistencia.<\/p>\n<\/div>\n<div class=\"bbc-19j92fr essoxwk0\" dir=\"ltr\">\n<p class=\"bbc-hhl7in e1cc2ql70\" dir=\"ltr\">Los relatos de brutalidad policial, la falta de suficientes detalles sobre c\u00f3mo se lleg\u00f3 a ese punto y lo que se consideran prisas de Marruecos por comenzar a enterrar cad\u00e1veres ha llevado a que m\u00e1s de 50 organizaciones de derechos humanos pidan la apertura inmediata de una investigaci\u00f3n policial.<\/p>\n<\/div>\n<div class=\"bbc-19j92fr essoxwk0\" dir=\"ltr\">\n<p class=\"bbc-hhl7in e1cc2ql70\" dir=\"ltr\">El domingo, AMHD advirti\u00f3 que las autoridades marroqu\u00edes \u00abpretenden ocultar r\u00e1pidamente el desastre que hemos vivido\u00bb y lamentaron que no haya \u00abuna investigaci\u00f3n de autopsia de los cuerpos de los fallecidos\u00bb.<\/p>\n<div class=\"bbc-19j92fr essoxwk0\" dir=\"ltr\">\n<h2 id=\"A-qui\u00e9n-se-responsabiliza\" class=\"bbc-1f03ibc e1hixjf30\" tabindex=\"-1\">\u00bfA qui\u00e9n se responsabiliza?<\/h2>\n<\/div>\n<div class=\"bbc-19j92fr essoxwk0\" dir=\"ltr\">\n<p class=\"bbc-hhl7in e1cc2ql70\" dir=\"ltr\">Dirimir responsabilidades est\u00e1 siendo uno de los principales focos de discordia varios d\u00edas despu\u00e9s de la tragedia.<\/p>\n<\/div>\n<div class=\"bbc-19j92fr essoxwk0\" dir=\"ltr\">\n<p class=\"bbc-hhl7in e1cc2ql70\" dir=\"ltr\">Pedro S\u00e1nchez, presidente del gobierno de Espa\u00f1a, apunt\u00f3 como responsables a las mafias que se dedican al tr\u00e1fico de humanos al otro lado de la frontera.<\/p>\n<\/div>\n<div class=\"bbc-19j92fr essoxwk0\" dir=\"ltr\">\n<p class=\"bbc-hhl7in e1cc2ql70\" dir=\"ltr\">\u00abLamentamos la p\u00e9rdida de vidas humanas, en este caso de personas desesperadas que buscaban una vida mejor y que son v\u00edctimas e instrumentos de mafias y delincuentes que organizan acciones violentas contra nuestra frontera\u00bb, dijo S\u00e1nchez en una entrevista al medio nacional La Vanguardia.<\/p>\n<\/div>\n<div class=\"bbc-19j92fr essoxwk0\" dir=\"ltr\">\n<p class=\"bbc-hhl7in e1cc2ql70\" dir=\"ltr\">Organizaciones como Caminando Fronteras, sin embargo, piensan que el origen se encuentra en el \u00ab<b>fracaso de las pol\u00edticas migratorias<\/b>\u00a0basadas en la seguridad\u00bb.<\/p>\n<\/div>\n<div class=\"bbc-19j92fr essoxwk0\" dir=\"ltr\">\n<p class=\"bbc-hhl7in e1cc2ql70\" dir=\"ltr\">En concreto, atribuyen lo ocurrido a las \u00abcampa\u00f1as de detenciones, redadas en campamentos y desplazamientos forzados contra las comunidades migrantes en Nador y su regi\u00f3n\u00bb.<\/p>\n<div class=\"bbc-19j92fr essoxwk0\" dir=\"ltr\">\n<p class=\"bbc-hhl7in e1cc2ql70\" dir=\"ltr\">\u00abLa reanudaci\u00f3n de la cooperaci\u00f3n en materia de seguridad en el \u00e1mbito de la migraci\u00f3n entre Marruecos y Espa\u00f1a en marzo de 2022 ha tenido como consecuencia directa la multiplicaci\u00f3n de las acciones coordinadas entre ambos pa\u00edses\u00bb, dijo Caminando Fronteras en un comunicado.<\/p>\n<\/div>\n<div class=\"bbc-19j92fr essoxwk0\" dir=\"ltr\">\n<p class=\"bbc-hhl7in e1cc2ql70\" dir=\"ltr\">En la misma l\u00ednea opina Said Tbal, coordinador de Migraciones en la Asociaci\u00f3n Marroqu\u00ed de Derechos Humanos, quien le dijo a la Agencia EFE que aunque las mafias \u00absiempre est\u00e1n ah\u00ed\u00bb, cree que esta \u00faltima acci\u00f3n surgi\u00f3 de forma espont\u00e1nea tras las \u00faltimas redadas policiales.<\/p>\n<\/div>\n<div class=\"bbc-19j92fr essoxwk0\" dir=\"ltr\">\n<p class=\"bbc-hhl7in e1cc2ql70\" dir=\"ltr\">El domingo y lunes, cientos de personas protestaron en varias ciudades espa\u00f1olas exigiendo respuestas a los gobiernos de Espa\u00f1a y Marruecos ante lo que muchos de los indignados consideran como \u00abmasacre\u00bb.<\/p>\n<\/div>\n<div class=\"bbc-19j92fr essoxwk0\" dir=\"ltr\">\n<h2 id=\"Punto-cr\u00edtico-\" class=\"bbc-1f03ibc e1hixjf30\" tabindex=\"-1\">Punto cr\u00edtico<\/h2>\n<\/div>\n<div class=\"bbc-19j92fr essoxwk0\" dir=\"ltr\">\n<p class=\"bbc-hhl7in e1cc2ql70\" dir=\"ltr\">En los \u00faltimos a\u00f1os, tanto\u00a0<b>Ceuta como Melilla se han convertido en el objetivo de miles de migrantes<\/b>, muchos de los cuales huyen de conflictos armados o persecuciones por las que podr\u00edan obtener el estatus de refugiado.<\/p>\n<\/div>\n<div class=\"bbc-19j92fr essoxwk0\" dir=\"ltr\">\n<p class=\"bbc-hhl7in e1cc2ql70\" dir=\"ltr\">Melilla, de 85.000 habitantes, est\u00e1 rodeada de la frontera m\u00e1s fortificada de la Uni\u00f3n Europea. Una valla de 12km de largo y 6 metros de alto separan a Marruecos de Espa\u00f1a y suponen el \u00faltimo obst\u00e1culo para quienes se proponen llegar a Europa.<\/p>\n<\/div>\n<div class=\"bbc-19j92fr essoxwk0\" dir=\"ltr\">\n<p class=\"bbc-hhl7in e1cc2ql70\" dir=\"ltr\">Quienes tratan de cruzar la frontera ilegalmente lo hacen saltando la valla, escondidos en veh\u00edculos o por mar en una embarcaci\u00f3n, pero no todos lo consiguen.<\/p>\n<div class=\"bbc-19j92fr essoxwk0\" dir=\"ltr\">\n<p class=\"bbc-hhl7in e1cc2ql70\" dir=\"ltr\">Los migrantes que tratan de saltar se exponen a cortes y lesiones por ca\u00eddas mientras las fuerzas de seguridad marroqu\u00edes y espa\u00f1olas patrullan para neutralizar sus intentos, muchos de los cuales acaban en tragedias como la del viernes pasado.<\/p>\n<\/div>\n<div class=\"bbc-19j92fr essoxwk0\" dir=\"ltr\">\n<p class=\"bbc-hhl7in e1cc2ql70\" dir=\"ltr\">El de Nador es el primer intento de cruce masivo en la frontera desde que Espa\u00f1a y Marruecos renovaran sus relaciones diplom\u00e1ticas el pasado mes de marzo tras un a\u00f1o de hostilidades.<\/p>\n<\/div>\n<div class=\"bbc-19j92fr essoxwk0\" dir=\"ltr\">\n<p class=\"bbc-hhl7in e1cc2ql70\" dir=\"ltr\">Ambos pa\u00edses hab\u00edan vivido meses de tensi\u00f3n despu\u00e9s de que Espa\u00f1a acogiera en 2021 a Brahim Gali, l\u00edder del Frente Polisario, para tratarlo por coronavirus. El Frente Polisario y Marruecos han estado enemistados por d\u00e9cadas por defender diferentes alternativas al conflicto del S\u00e1hara Occidental.<\/p>\n<\/div>\n<div class=\"bbc-19j92fr essoxwk0\" dir=\"ltr\">\n<p class=\"bbc-hhl7in e1cc2ql70\" dir=\"ltr\">En un incidente que Espa\u00f1a consider\u00f3 como represalia por parte de Marruecos,\u00a0<b>8.000 migrantes consiguieron cruzar la frontera<\/b>\u00a0de Ceuta en la primavera de 2021.<\/p>\n<\/div>\n<div class=\"bbc-19j92fr essoxwk0\" dir=\"ltr\">\n<p class=\"bbc-hhl7in e1cc2ql70\" dir=\"ltr\">Ambos pa\u00edses dieron carpetazo a los meses de tensi\u00f3n el pasado mes de marzo, cuando Espa\u00f1a abandon\u00f3 d\u00e9cadas de neutralidad con respecto al S\u00e1hara Occidental y dio el visto bueno al plan de autonom\u00eda marroqu\u00ed sobre este territorio.<\/p>\n<\/div>\n<div class=\"bbc-19j92fr essoxwk0\" dir=\"ltr\">\n<p class=\"bbc-hhl7in e1cc2ql70\" dir=\"ltr\">En su renovada relaci\u00f3n, ambos pa\u00edses retomaron su colaboraci\u00f3n conjunta en la seguridad fronteriza, pero incidentes como el del viernes, la peor tragedia en las fronteras de Ceuta y Melilla, alimentan el debate sobre si los esfuerzos est\u00e1n siendo suficientes.<\/p>\n<\/div>\n<div class=\"bbc-19j92fr essoxwk0\" dir=\"ltr\">\n<p class=\"bbc-hhl7in e1cc2ql70\" dir=\"ltr\">El incidente comparable m\u00e1s reciente ocurri\u00f3 en 2014, cuando\u00a0<b>15 inmigrantes se ahogaron mientras intentaban cruzar a nado la valla fronteriza hacia Ceuta<\/b>. Finalmente, se archiv\u00f3 una investigaci\u00f3n judicial sobre los guardias civiles espa\u00f1oles que, seg\u00fan los informes, hab\u00edan disparado balas de goma y gases lacrim\u00f3genos.<\/p>\n<\/div>\n<\/div>\n<\/div>\n<\/div>\n<\/div>\n<\/div>\n<\/div>\n","protected":false},"excerpt":{"rendered":"<p>Es uno de los episodios m\u00e1s cruentos en la historia de la \u00fanica frontera terrestre entre \u00c1frica y la Uni\u00f3n Europea. Desde el pasado viernes 24 de junio se ha&hellip;<\/p>\n","protected":false},"author":1,"featured_media":8286,"comment_status":"open","ping_status":"closed","sticky":false,"template":"","format":"standard","meta":{"footnotes":""},"categories":[5,9],"tags":[],"class_list":["post-8284","post","type-post","status-publish","format-standard","has-post-thumbnail","hentry","category-internacional","category-politica"],"_links":{"self":[{"href":"https:\/\/ldpublicicdad.com\/index.php?rest_route=\/wp\/v2\/posts\/8284","targetHints":{"allow":["GET"]}}],"collection":[{"href":"https:\/\/ldpublicicdad.com\/index.php?rest_route=\/wp\/v2\/posts"}],"about":[{"href":"https:\/\/ldpublicicdad.com\/index.php?rest_route=\/wp\/v2\/types\/post"}],"author":[{"embeddable":true,"href":"https:\/\/ldpublicicdad.com\/index.php?rest_route=\/wp\/v2\/users\/1"}],"replies":[{"embeddable":true,"href":"https:\/\/ldpublicicdad.com\/index.php?rest_route=%2Fwp%2Fv2%2Fcomments&post=8284"}],"version-history":[{"count":1,"href":"https:\/\/ldpublicicdad.com\/index.php?rest_route=\/wp\/v2\/posts\/8284\/revisions"}],"predecessor-version":[{"id":8285,"href":"https:\/\/ldpublicicdad.com\/index.php?rest_route=\/wp\/v2\/posts\/8284\/revisions\/8285"}],"wp:featuredmedia":[{"embeddable":true,"href":"https:\/\/ldpublicicdad.com\/index.php?rest_route=\/wp\/v2\/media\/8286"}],"wp:attachment":[{"href":"https:\/\/ldpublicicdad.com\/index.php?rest_route=%2Fwp%2Fv2%2Fmedia&parent=8284"}],"wp:term":[{"taxonomy":"category","embeddable":true,"href":"https:\/\/ldpublicicdad.com\/index.php?rest_route=%2Fwp%2Fv2%2Fcategories&post=8284"},{"taxonomy":"post_tag","embeddable":true,"href":"https:\/\/ldpublicicdad.com\/index.php?rest_route=%2Fwp%2Fv2%2Ftags&post=8284"}],"curies":[{"name":"wp","href":"https:\/\/api.w.org\/{rel}","templated":true}]}}