{"id":8062,"date":"2022-06-10T16:59:44","date_gmt":"2022-06-10T21:59:44","guid":{"rendered":"https:\/\/ldpublicicdad.com\/?p=8062"},"modified":"2022-06-10T21:59:46","modified_gmt":"2022-06-10T21:59:46","slug":"festival-internacional-de-cine-en-guadalajara-regresa-en-formato-presencial","status":"publish","type":"post","link":"https:\/\/ldpublicicdad.com\/?p=8062","title":{"rendered":"Festival Internacional de Cine en Guadalajara regresa en formato presencial"},"content":{"rendered":"<h4 class=\"subtitle\" style=\"text-align: center;\">Con la proyecci\u00f3n de Elvis, de Baz Lurhman, arranca la 37 edici\u00f3n del Festival Internacional de Cine en Guadalajara<\/h4>\n<div class=\"lead-gallery \">\n<div class=\"teaser  owl-carousel owl-theme\">\n<div class=\"owl-wrapper-outer\">\n<div class=\"owl-wrapper\">\n<div class=\"owl-item\">\n<div class=\"img-container picture\">\n<div id=\"standard_6\" class=\"st-placement standard_6 inImage\">\n<div class=\"st-adunit st-reset st-show\">\n<p>Completamente presencial, y con las salas al cien por ciento de su capacidad, el 37\u00a0<b>Festival Internacional de Cine en Guadalajara<\/b>, FICG, ser\u00e1 el primero despu\u00e9s de\u00a0<b>Cannes<\/b>\u00a0en recibir la cinta biogr\u00e1fica del rey del rock. Con la proyecci\u00f3n de\u00a0<i>Elvis<\/i>, de Baz Lurhman, y Polonia como pa\u00eds invitado, inicia el certamen con la misi\u00f3n de fortalecer el amor al\u00a0<b>cine.<\/b><\/p>\n<p>Rodolfo Castillo Morales, Director de Programaci\u00f3n del\u00a0<b>FICG,<\/b>\u00a0explic\u00f3 a\u00a0<b>El Sol de M\u00e9xico<\/b>\u00a0que el festival busca fortalecer la asistencia a las salas tradicionales, y demostrar que siguen siendo espacios \u00f3ptimos para disfrutar del\u00a0<b>s\u00e9ptimo arte.<\/b>\u201cQueremos que la gente se vuelva a acercar al\u00a0<b>cine<\/b>, y sepan que es un espacio seguro, con una diversidad que nos permite llegar a muchos p\u00fablicos, y al mismo tiempo ser un referente en las \u00e1reas de industria y mercado\u201d, se\u00f1al\u00f3.<\/p>\n<p>El Director de Programaci\u00f3n del\u00a0<b>FICG<\/b>, agreg\u00f3 que si bien las funciones v\u00eda remota los acercaron a otros p\u00fablicos, ahora es momento de volver a experimentar las pel\u00edculas en comunidad, y con la calidad con la cual fueron concebidas.<\/p>\n<p>\u201cQued\u00f3 muy golpeada la industria, y las\u00a0<b>pel\u00edculas<\/b>\u00a0que se concibieron para verse en salas, es necesario que regresen. Consideramos necesario que en esta edici\u00f3n pudi\u00e9ramos ponderar el cine en la forma que casi siempre debe verse, con personas que comparten la experiencia y la catarsis de estar en una\u00a0<b>sala cinematogr\u00e1fica<\/b>\u201d.<\/p>\n<p>Sobre la elecci\u00f3n de\u00a0<i>Elvis<\/i>, recientemente aclamada en el\u00a0<b>Festival de Cannes<\/b>\u00a0como\u00a0<b>pel\u00edcula<\/b>\u00a0inaugural, precis\u00f3 que su objetivo al traer producciones de esta categor\u00eda es abrir el festival al panorama mundial.<\/p>\n<p>\u201cEn esta idea de tener cine diverso, y tener un aspecto amplio de\u00a0<b>pel\u00edculas<\/b>, estamos buscando que nuestras inauguraciones y clausuras sean especiales, muy esperadas por el p\u00fablico\u201d.<\/p>\n<p>Asimismo, buscan vivir \u201cen los dos mundos, el comercial, pero tambi\u00e9n es interesante en t\u00e9rminos de su factura y su narrativa. Quer\u00edamos abrir con una<b>\u00a0cinta\u00a0<\/b>que hiciera sentir a la gente contenta, y que en su estreno mundial le fue incre\u00edble. Para nosotros es un placer traerla en una funci\u00f3n especial para nuestra gente de Guadalajara\u201d.<\/p>\n<p>En las funciones de gala, tambi\u00e9n se presentar\u00e1n las\u00a0<b>cintas<\/b>\u00a0<i>Everything Everywhere All at Once<\/i>\u00a0de Dan Kwan y Daniel Scheinert,\u00a0<i>The Black Phone<\/i>\u00a0de Scott Derrickson,\u00a0<i>Tres tigres tristes<\/i>\u00a0de Gustavo Vinagre,\u00a0<i>Lecciones para canallas<\/i>\u00a0de Gustavo Moheno,\u00a0<i>Lightyear<\/i>\u00a0de Angus MacLane,\u00a0<i>Cold War<\/i>\u00a0de Pawe\u0142 Pawlikowsk, y\u00a0<i>Goya<\/i>\u00a0de Pablo Orta Zamora.<\/p>\n<h2><b>Buscan nuevos talentos<\/b><\/h2>\n<p>Este a\u00f1o habr\u00e1 una nueva secci\u00f3n llamada El Pitch Guadalajara, en la que casas editoriales, escuelas de\u00a0<b>cine<\/b>\u00a0y guiones especializados en g\u00e9nero se habr\u00e1n de presentar en esta novedosa secci\u00f3n de industria y mercado.<\/p>\n<p>\u201cVamos a hacer un taller peque\u00f1o para estas presentaciones, van a tener diferentes temas, de\u00a0<b>escritura<\/b>\u00a0y literatura, est\u00e1 pensado para generar nuevos guionistas y volver a repensar nuestra relaci\u00f3n entre la literatura y el\u00a0<b>cine<\/b>. Es el primer a\u00f1o, pensamos que el programa crezca en 2023 y forme parte de los programas de industria\u201d, concluy\u00f3.<\/p>\n<\/div>\n<\/div>\n<\/div>\n<\/div>\n<\/div>\n<\/div>\n<\/div>\n<\/div>\n","protected":false},"excerpt":{"rendered":"<p>Con la proyecci\u00f3n de Elvis, de Baz Lurhman, arranca la 37 edici\u00f3n del Festival Internacional de Cine en Guadalajara Completamente presencial, y con las salas al cien por ciento de&hellip;<\/p>\n","protected":false},"author":1,"featured_media":8064,"comment_status":"open","ping_status":"closed","sticky":false,"template":"","format":"standard","meta":{"footnotes":""},"categories":[2,4,6,7],"tags":[],"class_list":["post-8062","post","type-post","status-publish","format-standard","has-post-thumbnail","hentry","category-cultural","category-espectaculos","category-local","category-nacional"],"_links":{"self":[{"href":"https:\/\/ldpublicicdad.com\/index.php?rest_route=\/wp\/v2\/posts\/8062","targetHints":{"allow":["GET"]}}],"collection":[{"href":"https:\/\/ldpublicicdad.com\/index.php?rest_route=\/wp\/v2\/posts"}],"about":[{"href":"https:\/\/ldpublicicdad.com\/index.php?rest_route=\/wp\/v2\/types\/post"}],"author":[{"embeddable":true,"href":"https:\/\/ldpublicicdad.com\/index.php?rest_route=\/wp\/v2\/users\/1"}],"replies":[{"embeddable":true,"href":"https:\/\/ldpublicicdad.com\/index.php?rest_route=%2Fwp%2Fv2%2Fcomments&post=8062"}],"version-history":[{"count":1,"href":"https:\/\/ldpublicicdad.com\/index.php?rest_route=\/wp\/v2\/posts\/8062\/revisions"}],"predecessor-version":[{"id":8063,"href":"https:\/\/ldpublicicdad.com\/index.php?rest_route=\/wp\/v2\/posts\/8062\/revisions\/8063"}],"wp:featuredmedia":[{"embeddable":true,"href":"https:\/\/ldpublicicdad.com\/index.php?rest_route=\/wp\/v2\/media\/8064"}],"wp:attachment":[{"href":"https:\/\/ldpublicicdad.com\/index.php?rest_route=%2Fwp%2Fv2%2Fmedia&parent=8062"}],"wp:term":[{"taxonomy":"category","embeddable":true,"href":"https:\/\/ldpublicicdad.com\/index.php?rest_route=%2Fwp%2Fv2%2Fcategories&post=8062"},{"taxonomy":"post_tag","embeddable":true,"href":"https:\/\/ldpublicicdad.com\/index.php?rest_route=%2Fwp%2Fv2%2Ftags&post=8062"}],"curies":[{"name":"wp","href":"https:\/\/api.w.org\/{rel}","templated":true}]}}