{"id":8047,"date":"2022-06-09T16:24:22","date_gmt":"2022-06-09T21:24:22","guid":{"rendered":"https:\/\/ldpublicicdad.com\/?p=8047"},"modified":"2022-06-09T21:24:23","modified_gmt":"2022-06-09T21:24:23","slug":"dia-internacional-de-los-archivos-todo-esta-guardado-en-la-memoria","status":"publish","type":"post","link":"https:\/\/ldpublicicdad.com\/?p=8047","title":{"rendered":"D\u00eda Internacional de los Archivos. Todo est\u00e1 guardado en la memoria"},"content":{"rendered":"<div class=\"header-cuerpo-articulo\">\n<h4 style=\"text-align: center;\">El 9 de junio se conmemora el D\u00eda Internacional de los Archivos, con el objetivo de promover el resguardo de la memoria hist\u00f3rica y cultural, como tambi\u00e9n destacar su importancia para la investigaci\u00f3n.<\/h4>\n<\/div>\n<div class=\"row\">\n<div class=\"col-md-8 autor-articulo\">\n<div class=\"autor-articulo\">\n<div class=\"d-flex autor-articulo-box\">\n<p>La creaci\u00f3n de un d\u00eda internacional destinado a esta tem\u00e1tica fue una propuesta del Consejo Internacional de Archivos, presentada en 2008. Se eligi\u00f3 esta fecha porque el 9 de junio de 1948, la UNESCO estableci\u00f3 la creaci\u00f3n del Consejo Internacional de Archivos, con el objetivo de proteger y conservar el patrimonio documental.<\/p>\n<p>En nuestro pa\u00eds, hablar de \u00ablos archivos\u00bb remite, ineludiblemente, a toda la informaci\u00f3n que a\u00fan permanece no revelada de la \u00faltima dictadura militar. El reclamo persistente de las organizaciones de derechos humanos, sociales y pol\u00edtica por la \u00abapertura de los archivos\u00bb se debe a que podr\u00edan contener informaci\u00f3n muy valiosa para acelerar la b\u00fasqueda de hijas e hijos de activistas que fueron secuestrados, desaparecidos y asesinados, que hoy son adultos y siguen siendo buscados por las Abuelas de Plaza de Mayo y otros organismos.<\/p>\n<p>Lo cierto es que ning\u00fan gobierno desde 1983 hasta la fecha, se atrevi\u00f3 a ordenar la apertura de los archivos, como otros que est\u00e1n en manos de la Iglesia Cat\u00f3lica.<\/p>\n<h3 class=\"spip\">Otros archivos<\/h3>\n<p>Tambi\u00e9n hay otros archivos que no encierran una historia tan truculenta como la del genocidio, pero son importantes en la construcci\u00f3n de una memoria hist\u00f3rica del movimiento obrero, del activismo feminista, de las izquierdas, de la memoria transg\u00e9nero, de las prensas de las organizaciones trotskistas en Argentina o de las militancias l\u00e9sbicas, solo por nombrar algunos.Nuestro homenaje a la actividad infatigable de las \u00abarchiveras\u00bb y \u00abarchiveros\u00bb, aquellos que saben que la memoria del pasado es una fuente inagotable de experiencias y lecciones para construir el porvenir.<\/p>\n<\/div>\n<\/div>\n<\/div>\n<\/div>\n","protected":false},"excerpt":{"rendered":"<p>El 9 de junio se conmemora el D\u00eda Internacional de los Archivos, con el objetivo de promover el resguardo de la memoria hist\u00f3rica y cultural, como tambi\u00e9n destacar su importancia&hellip;<\/p>\n","protected":false},"author":1,"featured_media":8049,"comment_status":"open","ping_status":"closed","sticky":false,"template":"","format":"standard","meta":{"footnotes":""},"categories":[2,4,5,7],"tags":[],"class_list":["post-8047","post","type-post","status-publish","format-standard","has-post-thumbnail","hentry","category-cultural","category-espectaculos","category-internacional","category-nacional"],"_links":{"self":[{"href":"https:\/\/ldpublicicdad.com\/index.php?rest_route=\/wp\/v2\/posts\/8047","targetHints":{"allow":["GET"]}}],"collection":[{"href":"https:\/\/ldpublicicdad.com\/index.php?rest_route=\/wp\/v2\/posts"}],"about":[{"href":"https:\/\/ldpublicicdad.com\/index.php?rest_route=\/wp\/v2\/types\/post"}],"author":[{"embeddable":true,"href":"https:\/\/ldpublicicdad.com\/index.php?rest_route=\/wp\/v2\/users\/1"}],"replies":[{"embeddable":true,"href":"https:\/\/ldpublicicdad.com\/index.php?rest_route=%2Fwp%2Fv2%2Fcomments&post=8047"}],"version-history":[{"count":1,"href":"https:\/\/ldpublicicdad.com\/index.php?rest_route=\/wp\/v2\/posts\/8047\/revisions"}],"predecessor-version":[{"id":8048,"href":"https:\/\/ldpublicicdad.com\/index.php?rest_route=\/wp\/v2\/posts\/8047\/revisions\/8048"}],"wp:featuredmedia":[{"embeddable":true,"href":"https:\/\/ldpublicicdad.com\/index.php?rest_route=\/wp\/v2\/media\/8049"}],"wp:attachment":[{"href":"https:\/\/ldpublicicdad.com\/index.php?rest_route=%2Fwp%2Fv2%2Fmedia&parent=8047"}],"wp:term":[{"taxonomy":"category","embeddable":true,"href":"https:\/\/ldpublicicdad.com\/index.php?rest_route=%2Fwp%2Fv2%2Fcategories&post=8047"},{"taxonomy":"post_tag","embeddable":true,"href":"https:\/\/ldpublicicdad.com\/index.php?rest_route=%2Fwp%2Fv2%2Ftags&post=8047"}],"curies":[{"name":"wp","href":"https:\/\/api.w.org\/{rel}","templated":true}]}}