{"id":7999,"date":"2022-06-05T19:32:50","date_gmt":"2022-06-06T00:32:50","guid":{"rendered":"https:\/\/ldpublicicdad.com\/?p=7999"},"modified":"2022-06-06T00:32:52","modified_gmt":"2022-06-06T00:32:52","slug":"reconocen-expertos-que-proyectos-de-arquitectura-de-la-udec-tienen-calidad-internacional","status":"publish","type":"post","link":"https:\/\/ldpublicicdad.com\/?p=7999","title":{"rendered":"Reconocen expertos que proyectos de arquitectura de la UdeC tienen calidad internacional"},"content":{"rendered":"<p>Estimulante result\u00f3 la retroalimentaci\u00f3n que estudiantes de la\u00a0<strong>Maestr\u00eda en Arquitectura<\/strong>, del \u00e1rea de\u00a0<strong>H\u00e1bitat bioclim\u00e1tico<\/strong>\u00a0de la\u00a0<strong>Facultad de Arquitectura y Dise\u00f1o<\/strong>\u00a0de la (FAyD)\u00a0<strong>Universidad de Colima<\/strong>, recibieron de profesores internacionales invitados a una sesi\u00f3n virtual, donde presentaron avances de sus temas de investigaci\u00f3n: \u201cLos y las estudiantes quedaron emocionados con la din\u00e1mica de invitar asesores internacionales a tutorar sus investigaciones; el hecho de platicar con asesores internacionales de Brasil, Pakist\u00e1n y Reino Unido los estimul\u00f3 bastante\u201d.<\/p>\n<p>Esto lo inform\u00f3 el profesor investigador de la FAyD,\u00a0<strong>Javier Esparza L\u00f3pez<\/strong>, co-asesor de estos proyectos, quien resalt\u00f3 que la estimulaci\u00f3n despu\u00e9s de este ejercicio fue notoria. Para ello se gestion\u00f3 la participaci\u00f3n, de manera virtual, de\u00a0<strong>Alessandra Rodrigues Prata Shimomura<\/strong>, de la Facultad de Arquitectura y Urbanismo de la Universidad de Sao Paulo (Brasil); de\u00a0<strong>Rasikh Tariq<\/strong>, candidato a doctor por la Facultad de Ingenier\u00eda de la Universidad Aut\u00f3noma de Yucat\u00e1n y de\u00a0<strong>Karam M. Al-<\/strong>Obaidi, doctor de la Universidad de Sheffield Hallam, en Inglaterra.<\/p>\n<p>Los expertos hicieron comentarios y recomendaciones a los trabajos que presentaron los estudiantes del posgrado, en idioma ingl\u00e9s. Otras observaciones fueron sobre especificar t\u00edtulos, puntualizar planteamientos o a\u00f1adir fuentes de referencia.<\/p>\n<p>Esparza L\u00f3pez destac\u00f3 la sesi\u00f3n con\u00a0<strong>Karam M. Al-Obaidi<\/strong>, quien expres\u00f3 que las investigaciones de los j\u00f3venes universitarios son de alto nivel y publicables: \u201cTodas ellas, dijo Karam, est\u00e1n a la altura de un doctorado internacional y, si concluyen como ellos prometen, pueden plantearse continuar en un doctorado\u201d.<\/p>\n<p>Los proyectos de tesis revisados fueron los siguientes: \u201cDise\u00f1o de techos reflectivos y radiactivos para clima c\u00e1lido subh\u00famedo para viviendas\u201d, de\u00a0<strong>Carlos Arias Mart\u00ednez<\/strong>; \u201cEvaluaci\u00f3n de habitabilidad ambiental en aulas, caso Universidad de Colima campus Coquimatl\u00e1n\u201d, de\u00a0<strong>Isabel Verdugo Mendoza<\/strong>; \u201cAn\u00e1lisis de ventilaci\u00f3n t\u00e9rmica de la relaci\u00f3n macizo-vano en la vivienda de inter\u00e9s social para un clima c\u00e1lido sub-h\u00famedo\u201d, de\u00a0<strong>Guadalupe Jim\u00e9nez Anzar<\/strong>; \u201cAdecuaci\u00f3n geom\u00e9trica de una celos\u00eda en Colima\u201d, de\u00a0<strong>Javier Gileta Trujillo<\/strong>, y \u201cDeterminaci\u00f3n de las medidas t\u00e9cnicas bioclim\u00e1ticas para una adaptaci\u00f3n en el consumo eficiente de energ\u00eda de la Pinacoteca de la UdeC\u201d, de\u00a0<strong>Alejandro Mart\u00ednez Ortiz<\/strong>.<\/p>\n<p>Al mismo tiempo, continu\u00f3 Esparza L\u00f3pez, \u201cbuscamos publicar en revistas de alto impacto como el\u00a0<em>Journal Citation Report<\/em>\u00a0(JCR) o cercanas a \u00e9sta, a lo cual el Dr. Karam se ofreci\u00f3 para apoyarnos y lograr la publicaci\u00f3n\u201d. Tambi\u00e9n dijo que este ejercicio se gener\u00f3 para cambiar lo que se hace frecuentemente, al ser los mismos profesores locales quienes revisan avances de\u00a0<strong>investigaci\u00f3n<\/strong>.<\/p>\n<p>Al respecto, coment\u00f3 que lo estimulante del ejercicio gener\u00f3 una solicitud extraoficial de estudiantes para tener invitados internacionales en las revisiones posteriores, e inform\u00f3 que ya se planea para el siguiente semestre buscar expertos y l\u00edderes en cada\u00a0<strong>\u00e1rea de investigaci\u00f3n<\/strong>: \u201cEsto podr\u00eda posicionar a la Maestr\u00eda en Arquitectura y a la Universidad de Colima en un nivel global y que se den a conocer las investigaciones tan importantes que realizan nuestros alumnos\u201d, coment\u00f3.<\/p>\n<p>\u201cEstos hallazgos resultan de las relaciones tenidas durante las visitas a los congresos internacionales, las publicaciones en\u00a0<strong>revistas internacionales<\/strong>\u00a0que logramos los profesores investigadores, las invitaciones para co-asesorar a estudiantes de posgrado y otras colaboraciones, como las de esta clase\u201d, finaliz\u00f3.<\/p>\n","protected":false},"excerpt":{"rendered":"<p>Estimulante result\u00f3 la retroalimentaci\u00f3n que estudiantes de la\u00a0Maestr\u00eda en Arquitectura, del \u00e1rea de\u00a0H\u00e1bitat bioclim\u00e1tico\u00a0de la\u00a0Facultad de Arquitectura y Dise\u00f1o\u00a0de la (FAyD)\u00a0Universidad de Colima, recibieron de profesores internacionales invitados a una&hellip;<\/p>\n","protected":false},"author":1,"featured_media":8001,"comment_status":"open","ping_status":"closed","sticky":false,"template":"","format":"standard","meta":{"footnotes":""},"categories":[2,4,5,6],"tags":[],"class_list":["post-7999","post","type-post","status-publish","format-standard","has-post-thumbnail","hentry","category-cultural","category-espectaculos","category-internacional","category-local"],"_links":{"self":[{"href":"https:\/\/ldpublicicdad.com\/index.php?rest_route=\/wp\/v2\/posts\/7999","targetHints":{"allow":["GET"]}}],"collection":[{"href":"https:\/\/ldpublicicdad.com\/index.php?rest_route=\/wp\/v2\/posts"}],"about":[{"href":"https:\/\/ldpublicicdad.com\/index.php?rest_route=\/wp\/v2\/types\/post"}],"author":[{"embeddable":true,"href":"https:\/\/ldpublicicdad.com\/index.php?rest_route=\/wp\/v2\/users\/1"}],"replies":[{"embeddable":true,"href":"https:\/\/ldpublicicdad.com\/index.php?rest_route=%2Fwp%2Fv2%2Fcomments&post=7999"}],"version-history":[{"count":1,"href":"https:\/\/ldpublicicdad.com\/index.php?rest_route=\/wp\/v2\/posts\/7999\/revisions"}],"predecessor-version":[{"id":8000,"href":"https:\/\/ldpublicicdad.com\/index.php?rest_route=\/wp\/v2\/posts\/7999\/revisions\/8000"}],"wp:featuredmedia":[{"embeddable":true,"href":"https:\/\/ldpublicicdad.com\/index.php?rest_route=\/wp\/v2\/media\/8001"}],"wp:attachment":[{"href":"https:\/\/ldpublicicdad.com\/index.php?rest_route=%2Fwp%2Fv2%2Fmedia&parent=7999"}],"wp:term":[{"taxonomy":"category","embeddable":true,"href":"https:\/\/ldpublicicdad.com\/index.php?rest_route=%2Fwp%2Fv2%2Fcategories&post=7999"},{"taxonomy":"post_tag","embeddable":true,"href":"https:\/\/ldpublicicdad.com\/index.php?rest_route=%2Fwp%2Fv2%2Ftags&post=7999"}],"curies":[{"name":"wp","href":"https:\/\/api.w.org\/{rel}","templated":true}]}}