{"id":7331,"date":"2022-04-16T20:47:13","date_gmt":"2022-04-17T01:47:13","guid":{"rendered":"https:\/\/ldpublicicdad.com\/?p=7331"},"modified":"2022-04-17T01:47:14","modified_gmt":"2022-04-17T01:47:14","slug":"aficion-de-chivas-protesto-contra-el-equipo-en-la-ciudad-de-mexico","status":"publish","type":"post","link":"https:\/\/ldpublicicdad.com\/?p=7331","title":{"rendered":"Afici\u00f3n de Chivas protest\u00f3 contra el equipo en la Ciudad de M\u00e9xico"},"content":{"rendered":"<h2>Grupos de animaci\u00f3n de Guadalajara se manifestaron por los malos resultados del club en el Clausura 2022<\/h2>\n<p>Esta tarde elementos del grupo de animaci\u00f3n &#8216;La Insurgencia&#8217; de\u00a0<b>Chivas\u00a0<\/b>, se reunieron en las afueras del hotel de concentraci\u00f3n del equipo para\u00a0<b>protestar por los malos resultados<\/b>\u00a0en el presente campeonato.<\/p>\n<p>Con c\u00e1nticos, banderas, instrumentos, bengalas y pancartas los seguidores de\u00a0<b>Chivas<\/b>\u00a0realizaron m\u00faltiples protestas hacia el plantel y directiva del conjunto Rojiblanco, despu\u00e9s de sumar en el actual torneo un total de cuatro encuentros sin victoria.<\/p>\n<p>\u00abMucho sueldo, pocos hue[&#8230;]\u00bb, \u00abRespeten los colores\u00bb, fueron algunos de los mensajes hacia los jugadores del plantel.<\/p>\n<p>Adem\u00e1s de los mensajes en contra de los jugadores, los seguidores de\u00a0<b>Chivas<\/b>\u00a0arribaron al hotel de concentraci\u00f3n entonando c\u00e1nticos en contra de la directiva.<\/p>\n<p>\u00abJugadores a ver si ponen hue[&#8230;], que ya estamos cansados de los malos resultados\u00bb, \u00abJugadores a ver si ponen hue[&#8230;], que\u00a0<b>Chivas<\/b>\u00a0es m\u00e1s grande, la con[&#8230;] de su ma[&#8230;]\u00bb, \u00abPongan hue[&#8230;], hue[&#8230;] los de\u00a0<b>Chivas<\/b>, pongan hue[&#8230;], hue[&#8230;] a ganar, que ma\u00f1ana cueste lo que cuesta, que ma\u00f1ana tenemos que ganar\u00bb, \u00abOh que se vayan todos que no quede ni uno solo\u00bb, fueron algunos de los c\u00e1nticos en contra de la plantilla Rojiblanca.<\/p>\n<aside class=\"inline inline-photo full\">\n<figure><picture><source srcset=\"https:\/\/a2.espncdn.com\/combiner\/i?img=%2Fphoto%2F2022%2F0416%2Fr1000496_1296x729_16%2D9.jpg&amp;w=570&amp;format=jpg, https:\/\/a2.espncdn.com\/combiner\/i?img=%2Fphoto%2F2022%2F0416%2Fr1000496_1296x729_16%2D9.jpg&amp;w=1140&amp;cquality=40&amp;format=jpg 2x\" media=\"(min-width: 376px)\" data-srcset=\"https:\/\/a2.espncdn.com\/combiner\/i?img=%2Fphoto%2F2022%2F0416%2Fr1000496_1296x729_16%2D9.jpg&amp;w=570&amp;format=jpg, https:\/\/a2.espncdn.com\/combiner\/i?img=%2Fphoto%2F2022%2F0416%2Fr1000496_1296x729_16%2D9.jpg&amp;w=1140&amp;cquality=40&amp;format=jpg 2x\" \/><source srcset=\"https:\/\/a2.espncdn.com\/combiner\/i?img=%2Fphoto%2F2022%2F0416%2Fr1000496_1296x729_16%2D9.jpg&amp;w=375, https:\/\/a2.espncdn.com\/combiner\/i?img=%2Fphoto%2F2022%2F0416%2Fr1000496_1296x729_16%2D9.jpg&amp;w=750&amp;cquality=40&amp;format=jpg 2x\" media=\"(max-width: 375px)\" data-srcset=\"https:\/\/a2.espncdn.com\/combiner\/i?img=%2Fphoto%2F2022%2F0416%2Fr1000496_1296x729_16%2D9.jpg&amp;w=375, https:\/\/a2.espncdn.com\/combiner\/i?img=%2Fphoto%2F2022%2F0416%2Fr1000496_1296x729_16%2D9.jpg&amp;w=750&amp;cquality=40&amp;format=jpg 2x\" \/><\/picture>Dos de los elementos que m\u00e1s fueron se\u00f1alados durante las protestas fueron el propietario de\u00a0<b>Chivas<\/b>, Amaury Vergara y el presidente deportivo, Ricardo Pel\u00e1ez, quienes se convirtieron en los elementos que en mayor cantidad de veces apareci\u00f3 su nombre y fotograf\u00eda en diferentes pancartas.<\/p>\n<p>\u00abEl equipo con m\u00e1s historia de M\u00e9xico les queda grande, jugadores y directiva incompetentes\u00bb, \u00abFuera Pel\u00e1ez, incompetente\u00bb, \u00abFuera Amaury Vergara, c\u00e1ncer de\u00a0<b>Chivas<\/b>\u00ab, fueron algunos de los mensajes en contra de la actual directiva del\u00a0<b>Guadalajara<\/b>.<\/p>\n<p>Hasta el momento, los elementos del plantel de\u00a0<b>Guadalajara<\/b>\u00a0no han salido para atender a los seguidores Rojiblancos, por lo que se espera que al final de la cena del equipo, algunos futbolistas atiendan a los seguidores que se dieron cita en el hotel de concentraci\u00f3n.<\/figure>\n<\/aside>\n","protected":false},"excerpt":{"rendered":"<p>Grupos de animaci\u00f3n de Guadalajara se manifestaron por los malos resultados del club en el Clausura 2022 Esta tarde elementos del grupo de animaci\u00f3n &#8216;La Insurgencia&#8217; de\u00a0Chivas\u00a0, se reunieron en&hellip;<\/p>\n","protected":false},"author":1,"featured_media":7333,"comment_status":"open","ping_status":"closed","sticky":false,"template":"","format":"standard","meta":{"footnotes":""},"categories":[3,4,6,7],"tags":[],"class_list":["post-7331","post","type-post","status-publish","format-standard","has-post-thumbnail","hentry","category-deportes","category-espectaculos","category-local","category-nacional"],"_links":{"self":[{"href":"https:\/\/ldpublicicdad.com\/index.php?rest_route=\/wp\/v2\/posts\/7331","targetHints":{"allow":["GET"]}}],"collection":[{"href":"https:\/\/ldpublicicdad.com\/index.php?rest_route=\/wp\/v2\/posts"}],"about":[{"href":"https:\/\/ldpublicicdad.com\/index.php?rest_route=\/wp\/v2\/types\/post"}],"author":[{"embeddable":true,"href":"https:\/\/ldpublicicdad.com\/index.php?rest_route=\/wp\/v2\/users\/1"}],"replies":[{"embeddable":true,"href":"https:\/\/ldpublicicdad.com\/index.php?rest_route=%2Fwp%2Fv2%2Fcomments&post=7331"}],"version-history":[{"count":1,"href":"https:\/\/ldpublicicdad.com\/index.php?rest_route=\/wp\/v2\/posts\/7331\/revisions"}],"predecessor-version":[{"id":7332,"href":"https:\/\/ldpublicicdad.com\/index.php?rest_route=\/wp\/v2\/posts\/7331\/revisions\/7332"}],"wp:featuredmedia":[{"embeddable":true,"href":"https:\/\/ldpublicicdad.com\/index.php?rest_route=\/wp\/v2\/media\/7333"}],"wp:attachment":[{"href":"https:\/\/ldpublicicdad.com\/index.php?rest_route=%2Fwp%2Fv2%2Fmedia&parent=7331"}],"wp:term":[{"taxonomy":"category","embeddable":true,"href":"https:\/\/ldpublicicdad.com\/index.php?rest_route=%2Fwp%2Fv2%2Fcategories&post=7331"},{"taxonomy":"post_tag","embeddable":true,"href":"https:\/\/ldpublicicdad.com\/index.php?rest_route=%2Fwp%2Fv2%2Ftags&post=7331"}],"curies":[{"name":"wp","href":"https:\/\/api.w.org\/{rel}","templated":true}]}}