{"id":7227,"date":"2022-04-10T16:35:48","date_gmt":"2022-04-10T21:35:48","guid":{"rendered":"https:\/\/ldpublicicdad.com\/?p=7227"},"modified":"2022-04-10T21:35:50","modified_gmt":"2022-04-10T21:35:50","slug":"amlo-pone-su-cargo-en-juego-en-una-inedita-consulta-popular","status":"publish","type":"post","link":"https:\/\/ldpublicicdad.com\/?p=7227","title":{"rendered":"AMLO pone su cargo en juego en una in\u00e9dita consulta popular"},"content":{"rendered":"<h4 class=\"ue-c-article__standfirst\" style=\"text-align: center;\">La oposici\u00f3n llama a la poblaci\u00f3n a no participar de esta cita que consideran \u00abun acto propagand\u00edstico\u00bb y que el oficialismo defiende como \u00abejemplar ejercicio democr\u00e1tico\u00bb<\/h4>\n<p>M\u00e9xico\u00a0no celebra unos comicios, pero el ambiente que se respira en sus calles tiene los ingredientes propios de una gran cita electoral: voluntarios llamando a las urnas, propaganda en los buzones, grandes carteles en las carreteras, creciente crispaci\u00f3n entre rivales pol\u00edticos, eventos multitudinarios en las plazas p\u00fablicas&#8230; incluso, una &#8216;Ley Seca&#8217;.\u00a0Andr\u00e9s Manuel L\u00f3pez Obrador\u00a0(AMLO) va a cumplir hoy una de sus principales promesas electorales:\u00a0<strong>una consulta popular en la que \u00abel pueblo\u00bb decida si abandona su cargo o contin\u00faa hasta el 2024.<\/strong><\/p>\n<p>\u00ab\u00bfEst\u00e1s de acuerdo en que a Andr\u00e9s Manuel L\u00f3pez Obrador, Presidente de los Estados Unidos Mexicanos, se le revoque el mandato por p\u00e9rdida de la confianza o siga en la Presidencia de la Rep\u00fablica hasta que termine su periodo?\u00bb, esta es la pregunta que deber\u00e1n responder quienes participen en el\u00a0<strong>&#8216;refer\u00e9ndum revocatorio&#8217;<\/strong>. El resultado de la votaci\u00f3n ya estaba claro antes de que abrieran las urnas: la oposici\u00f3n ha renunciado a participar del proceso y ha llamado a los suyos a quedarse en casa, as\u00ed que el oficialismo competir\u00e1 contra s\u00ed mismo en una cita cuyo \u00fanico inter\u00e9s estar\u00e1 en\u00a0<strong>comprobar la capacidad de movilizaci\u00f3n del proyecto transformador de AMLO.<\/strong><\/p>\n<p>La consulta s\u00f3lo ser\u00e1 vinculante si participa al menos el 40% del padr\u00f3n electoral, unas 37 millones de personas. En el 2018,\u00a0<strong>m\u00e1s de 30 millones de mexicanos auparon a L\u00f3pez Obrador<\/strong>\u00a0a la Presidencia, pero su popularidad ha ido mermando con el paso del tiempo. Del 87% de aprobaci\u00f3n que lleg\u00f3 a tener en su pico m\u00e1s alto, en febrero del 2019, ha pasado al 57% que reflejan las \u00faltimas encuestas. Las estimaciones m\u00e1s optimistas del &#8216;revocatorio&#8217; dicen que la participaci\u00f3n no superar\u00e1 el 20%, lo que supondr\u00eda una importante derrota moral para el oficialismo.<\/p>\n<p>La Constituci\u00f3n mexicana s\u00f3lo contempla la destituci\u00f3n de un presidente bajo dos escenarios, muy ambiguos:\u00a0<strong>\u00abtraici\u00f3n a la patria\u00bb o \u00abdelitos graves del orden com\u00fan\u00bb<\/strong>. La figura del &#8216;juicio pol\u00edtico&#8217; se puede aplicar a otros altos funcionarios, pero no al jefe del Estado. L\u00f3pez Obrador fue siempre muy cr\u00edtico con esta situaci\u00f3n: \u00abno comparto la idea de que, si un gobernante tiene una aprobaci\u00f3n del 20%, solo porque lo eligieron por seis a\u00f1os tiene que seguir en el cargo (&#8230;) un presidente sin respaldo popular no sirve para nada, nosotros estamos llevando a cabo una transformaci\u00f3n, y el motor de ese cambio es el pueblo\u00bb.<\/p>\n<p>La consulta para destituir a un presidente es un ejercicio in\u00e9dito en M\u00e9xico, pero en Latinoam\u00e9rica existen dos precedentes preocupantes:\u00a0<strong>Evo Morales y Hugo Ch\u00e1vez<\/strong>, ambos organizaron un &#8216;revocatorio&#8217; y, posteriormente, convocaron una asamblea constituyente para legalizar su reelecci\u00f3n. En M\u00e9xico la reelecci\u00f3n est\u00e1 prohibida desde 1916, poco despu\u00e9s de que abandonara el poder Porfirio D\u00edaz, tras 35 a\u00f1os en el cargo. La tradici\u00f3n se ha respetado sin excepci\u00f3n hasta la fecha, pero el mantra de L\u00f3pez Obrador de que\u00a0<strong>\u00abel pueblo pone y el pueblo quita\u00bb<\/strong>\u00a0ha generado mucha desconfianza en la oposici\u00f3n.<\/p>\n<p>Los rumores que apuntaban a que el &#8216;revocatorio&#8217; era solo un ejercicio que buscaba legitimar la &#8216;reelecci\u00f3n&#8217; de AMLO fueron tan grandes, que el presidente se vio obligado, el 25 de julio del 2019, a firmar una carta ante los medios renunciando a esa posibilidad,\u00a0<strong>\u00ababandonar\u00e9 la Presidencia en el d\u00eda preciso que marca la m\u00e1xima ley\u00bb<\/strong>, rezaba el texto. Seg\u00fan explic\u00f3 L\u00f3pez Obrador, renovarse en el poder \u00abno s\u00f3lo significar\u00eda ir en contra de la Constituci\u00f3n, sino tambi\u00e9n traicionar mis principios y renegar de mi honestidad\u00bb.<\/p>\n<h2 class=\"ue-c-article__subheadline\">AMLO Y SU GUERRA CON EL INE<\/h2>\n<p>La organizaci\u00f3n de la consulta popular ha permitido al presidente mexicano alimentar su particular enfrentamiento con el Instituto Nacional Electoral (INE), al que acusa de preparar la cita \u00aba rega\u00f1adientes\u00bb. Inicialmente, este \u00f3rgano aut\u00f3nomo\u00a0<strong>reclam\u00f3 al Gobierno 190 millones de d\u00f3lares<\/strong>\u00a0para costear la elecci\u00f3n, pero la C\u00e1mara de Diputados, de mayor\u00eda oficialista, le concedi\u00f3 menos de la mitad. AMLO sugiri\u00f3 entonces a sus consejeros que \u00abse bajen el sueldo\u00bb. Finalmente la consulta se lleva a cabo con\u00a0<strong>57.500 casillas electorales<\/strong>, una tercera parte de las que se habilitaron en las elecciones de mitad de mandato. El presidente mexicano denuncia que el INE \u00abatenta contra la democracia\u00bb y ha prometido una reforma electoral que amenaza con terminar con la autonom\u00eda del organismo frente al gobierno de turno.<\/p>\n<p>En medio de este pulso medi\u00e1tico, el INE ha abierto una decena de investigaciones contra l\u00edderes oficialistas acusados de proselitismo, a lo que AMLO ha respondido anunciando que la pr\u00f3xima semana, su partido, Morena, presentar\u00e1 ante las C\u00e1maras una enmienda para que los responsables del INE sean designados por elecci\u00f3n popular, \u00abpara que no haya consejeros que no tienen convicci\u00f3n democr\u00e1tica\u00bb. Los colegios electorales abrir\u00e1n hoy sus puertas a las 8 de la ma\u00f1ana hora local (15.00 hrs en Espa\u00f1a), mientras que\u00a0<strong>los resultados preliminares no empezar\u00e1n a trascender hasta las 10 de la noche<\/strong>\u00a0(5 de la madrugada). La duda que todav\u00eda queda por resolver es si la sociedad mexicana prestar\u00e1 m\u00e1s atenci\u00f3n a las celebraciones del &#8216;Domingo de Ramos&#8217; o a un ejercicio de participaci\u00f3n ciudadana que, si no fallan las encuestas, va a tener nulas consecuencias, m\u00e1s all\u00e1 de su valor simb\u00f3lico.<\/p>\n<figure class=\"ue-c-article__media ue-c-article__media--image\">\n<div class=\"ue-c-article__media-img-container ue-l-article--expand-edge-right-until-tablet ue-l-article--expand-edge-left-until-tablet\"><picture><source srcset=\"https:\/\/phantom-elmundo.unidadeditorial.es\/9adda5d82040e17ed12fc9995dddd4e0\/resize\/320\/f\/webp\/assets\/multimedia\/imagenes\/2022\/04\/10\/16495978362920.jpg 320w,https:\/\/phantom-elmundo.unidadeditorial.es\/77655fb4fae204cd78f99a42129604ce\/resize\/360\/f\/webp\/assets\/multimedia\/imagenes\/2022\/04\/10\/16495978362920.jpg 360w,https:\/\/phantom-elmundo.unidadeditorial.es\/32c33122fc941aff6dab55f9b93ff011\/resize\/400\/f\/webp\/assets\/multimedia\/imagenes\/2022\/04\/10\/16495978362920.jpg 400w,https:\/\/phantom-elmundo.unidadeditorial.es\/25f302251202ace3b28d74e9769f83ff\/resize\/473\/f\/webp\/assets\/multimedia\/imagenes\/2022\/04\/10\/16495978362920.jpg 473w,https:\/\/phantom-elmundo.unidadeditorial.es\/c6750348f5c06b080470c46be01e05c2\/resize\/550\/f\/webp\/assets\/multimedia\/imagenes\/2022\/04\/10\/16495978362920.jpg 550w,https:\/\/phantom-elmundo.unidadeditorial.es\/7941bf21f85823cb10d3aa2d333b7026\/resize\/600\/f\/webp\/assets\/multimedia\/imagenes\/2022\/04\/10\/16495978362920.jpg 600w,https:\/\/phantom-elmundo.unidadeditorial.es\/75a3db0ab67ce12e55da5e7f14945d1a\/resize\/700\/f\/webp\/assets\/multimedia\/imagenes\/2022\/04\/10\/16495978362920.jpg 700w,https:\/\/phantom-elmundo.unidadeditorial.es\/6e0f06b56c2abb69270195c90be3c19c\/resize\/746\/f\/webp\/assets\/multimedia\/imagenes\/2022\/04\/10\/16495978362920.jpg 746w\" type=\"image\/webp\" sizes=\"(min-width: 1010px) 473px, (min-width: 980px) calc(100vw - 573px), (min-width: 740px) calc(100vw - 310px), 100vw\" \/><source srcset=\"https:\/\/phantom-elmundo.unidadeditorial.es\/a3f74c654099cc311b70cd6305d3f2c5\/resize\/320\/f\/jpg\/assets\/multimedia\/imagenes\/2022\/04\/10\/16495978362920.jpg 320w,https:\/\/phantom-elmundo.unidadeditorial.es\/76f2041da3a282978bffff265d8ea318\/resize\/360\/f\/jpg\/assets\/multimedia\/imagenes\/2022\/04\/10\/16495978362920.jpg 360w,https:\/\/phantom-elmundo.unidadeditorial.es\/a7f3f4639819acd9692dc0e16420f85d\/resize\/400\/f\/jpg\/assets\/multimedia\/imagenes\/2022\/04\/10\/16495978362920.jpg 400w,https:\/\/phantom-elmundo.unidadeditorial.es\/5461e31aefd5da700cbdc9112925e478\/resize\/473\/f\/jpg\/assets\/multimedia\/imagenes\/2022\/04\/10\/16495978362920.jpg 473w,https:\/\/phantom-elmundo.unidadeditorial.es\/e9b485ceff3f69f5c884080fa0d7a43e\/resize\/550\/f\/jpg\/assets\/multimedia\/imagenes\/2022\/04\/10\/16495978362920.jpg 550w,https:\/\/phantom-elmundo.unidadeditorial.es\/d694cfd3cd9dd9af13e0148a1eb3d376\/resize\/600\/f\/jpg\/assets\/multimedia\/imagenes\/2022\/04\/10\/16495978362920.jpg 600w,https:\/\/phantom-elmundo.unidadeditorial.es\/ca09a501c30b7ad4046a0d9050b392ee\/resize\/700\/f\/jpg\/assets\/multimedia\/imagenes\/2022\/04\/10\/16495978362920.jpg 700w,https:\/\/phantom-elmundo.unidadeditorial.es\/1fb527538dc36a8b587e98074b253524\/resize\/746\/f\/jpg\/assets\/multimedia\/imagenes\/2022\/04\/10\/16495978362920.jpg 746w\" type=\"image\/jpeg\" sizes=\"(min-width: 1010px) 473px, (min-width: 980px) calc(100vw - 573px), (min-width: 740px) calc(100vw - 310px), 100vw\" \/><\/picture><\/div>\n<\/figure>\n","protected":false},"excerpt":{"rendered":"<p>La oposici\u00f3n llama a la poblaci\u00f3n a no participar de esta cita que consideran \u00abun acto propagand\u00edstico\u00bb y que el oficialismo defiende como \u00abejemplar ejercicio democr\u00e1tico\u00bb M\u00e9xico\u00a0no celebra unos comicios,&hellip;<\/p>\n","protected":false},"author":1,"featured_media":7229,"comment_status":"open","ping_status":"closed","sticky":false,"template":"","format":"standard","meta":{"footnotes":""},"categories":[6,7,9],"tags":[],"class_list":["post-7227","post","type-post","status-publish","format-standard","has-post-thumbnail","hentry","category-local","category-nacional","category-politica"],"_links":{"self":[{"href":"https:\/\/ldpublicicdad.com\/index.php?rest_route=\/wp\/v2\/posts\/7227","targetHints":{"allow":["GET"]}}],"collection":[{"href":"https:\/\/ldpublicicdad.com\/index.php?rest_route=\/wp\/v2\/posts"}],"about":[{"href":"https:\/\/ldpublicicdad.com\/index.php?rest_route=\/wp\/v2\/types\/post"}],"author":[{"embeddable":true,"href":"https:\/\/ldpublicicdad.com\/index.php?rest_route=\/wp\/v2\/users\/1"}],"replies":[{"embeddable":true,"href":"https:\/\/ldpublicicdad.com\/index.php?rest_route=%2Fwp%2Fv2%2Fcomments&post=7227"}],"version-history":[{"count":1,"href":"https:\/\/ldpublicicdad.com\/index.php?rest_route=\/wp\/v2\/posts\/7227\/revisions"}],"predecessor-version":[{"id":7228,"href":"https:\/\/ldpublicicdad.com\/index.php?rest_route=\/wp\/v2\/posts\/7227\/revisions\/7228"}],"wp:featuredmedia":[{"embeddable":true,"href":"https:\/\/ldpublicicdad.com\/index.php?rest_route=\/wp\/v2\/media\/7229"}],"wp:attachment":[{"href":"https:\/\/ldpublicicdad.com\/index.php?rest_route=%2Fwp%2Fv2%2Fmedia&parent=7227"}],"wp:term":[{"taxonomy":"category","embeddable":true,"href":"https:\/\/ldpublicicdad.com\/index.php?rest_route=%2Fwp%2Fv2%2Fcategories&post=7227"},{"taxonomy":"post_tag","embeddable":true,"href":"https:\/\/ldpublicicdad.com\/index.php?rest_route=%2Fwp%2Fv2%2Ftags&post=7227"}],"curies":[{"name":"wp","href":"https:\/\/api.w.org\/{rel}","templated":true}]}}