{"id":7044,"date":"2022-03-27T18:00:29","date_gmt":"2022-03-27T23:00:29","guid":{"rendered":"https:\/\/ldpublicicdad.com\/?p=7044"},"modified":"2022-03-31T23:02:01","modified_gmt":"2022-03-31T23:02:01","slug":"congreso-de-el-salvador-decreta-regimen-de-excepcion-por-violencia","status":"publish","type":"post","link":"https:\/\/ldpublicicdad.com\/?p=7044","title":{"rendered":"Congreso de El Salvador decreta r\u00e9gimen de excepci\u00f3n por violencia"},"content":{"rendered":"<div class=\"bbc-1ka88fa e57qer20\" dir=\"ltr\">\n<figure class=\"bbc-1qdcvv9 e6bmn90\">\n<div class=\"bbc-172p16q e57qer20\" dir=\"ltr\">\n<div class=\"bbc-172p16q e57qer20\" dir=\"ltr\">\n<div class=\"bbc-3edg7g e57qer20\" dir=\"ltr\">El presidente salvadore\u00f1o Nayib Bukele le hab\u00eda solicitado al Congreso decretar el r\u00e9gimen de excepci\u00f3n para frenar la violencia.<\/div>\n<\/div>\n<\/div>\n<div class=\"bbc-172p16q e57qer20\" dir=\"ltr\">\n<div class=\"bbc-3edg7g e57qer20\" dir=\"ltr\"><\/div>\n<\/div>\n<\/figure>\n<\/div>\n<div class=\"bbc-19j92fr e57qer20\" dir=\"ltr\">\n<p class=\"bbc-bm53ic e1cc2ql70\" dir=\"ltr\"><b>El Congreso de El Salvador decret\u00f3 la madrugada de este domingo un r\u00e9gimen de excepci\u00f3n con la intenci\u00f3n de frenar un \u00abincremento desmedido\u00bb de los asesinatos, que ha puesto en jaque la estrategia gubernamental de seguridad con 76 asesinatos en dos d\u00edas.<\/b><\/p>\n<\/div>\n<div class=\"bbc-19j92fr e57qer20\" dir=\"ltr\">\n<p class=\"bbc-bm53ic e1cc2ql70\" dir=\"ltr\">La medida, que hab\u00eda sido solicitada al Congreso por el presidente, Nayib Bukele, desde su cuenta de Twitter el s\u00e1bado, fue aprobada con los votos de\u00a0<b>67 diputados<\/b>\u00a0de un total de 84 durante una sesi\u00f3n extraordinaria convocada por el l\u00edder de la Asamblea Legislativa, Ernesto Castro, a pedido de Bukele.<\/p>\n<\/div>\n<div class=\"bbc-19j92fr e57qer20\" dir=\"ltr\">\n<p class=\"bbc-bm53ic e1cc2ql70\" dir=\"ltr\">\u00ab\u00a1Estamos con usted! Cuente con ello\u00bb, respondi\u00f3 Castro en su cuenta de Twitter a la solicitud del presidente.<\/p>\n<div class=\"bbc-19j92fr e57qer20\" dir=\"ltr\">\n<p class=\"bbc-bm53ic e1cc2ql70\" dir=\"ltr\">El Salvador registr\u00f3 el viernes al menos 14 homicidios.<\/p>\n<\/div>\n<section class=\"e1j2237y7 bbc-113e14a e1e90g5r0\" role=\"region\" aria-label=\"Publicidad 2\" aria-hidden=\"true\" data-e2e=\"advertisement\">\n<div id=\"dotcom-mpu\" class=\"dotcom-ad active\" aria-hidden=\"true\">\n<div class=\"dotcom-ad-inner\">\n<div class=\"dotcom-ad-text-wrapper\">\n<div class=\"bbc-19j92fr e57qer20\" dir=\"ltr\">\n<p class=\"bbc-bm53ic e1cc2ql70\" dir=\"ltr\">Y, el s\u00e1bado, se sumaron otros 62 asesinatos en lo que constituy\u00f3\u00a0<b>el d\u00eda m\u00e1s violento<\/b>\u00a0su historia reciente.<\/p>\n<\/div>\n<div class=\"bbc-1n4f7vm e57qer20\" dir=\"ltr\">\n<section class=\"bbc-1tuvzyv ebqhneu1\" role=\"region\" data-e2e=\"recommendations-heading\" aria-labelledby=\"recommendations-heading\">\n<div class=\"bbc-bjn8wh emhm4kg2\">\n<div class=\"bbc-19j92fr e57qer20\" dir=\"ltr\">\n<p class=\"bbc-bm53ic e1cc2ql70\" dir=\"ltr\">Estos datos han sido confirmados por la Polic\u00eda la Polic\u00eda Nacional Civil (PNC).<\/p>\n<\/div>\n<div class=\"bbc-19j92fr e57qer20\" dir=\"ltr\">\n<p class=\"bbc-bm53ic e1cc2ql70\" dir=\"ltr\">La cifra m\u00e1s cercana a los 62 asesinatos del s\u00e1bado es la de 51 homicidios en un solo d\u00eda registrados en agosto de 2015, cuando el pa\u00eds vivi\u00f3 su a\u00f1o m\u00e1s mort\u00edfero tras el final de la guerra civil (1980-1992), seg\u00fan se\u00f1ala la agencia de noticias EFE.<\/p>\n<\/div>\n<div class=\"bbc-19j92fr e57qer20\" dir=\"ltr\">\n<h2 id=\"Suspensi\u00f3n-de-garant\u00edas\" class=\"bbc-l3e97o e14hemmw0\" tabindex=\"-1\">Suspensi\u00f3n de garant\u00edas<\/h2>\n<\/div>\n<div class=\"bbc-19j92fr e57qer20\" dir=\"ltr\">\n<p class=\"bbc-bm53ic e1cc2ql70\" dir=\"ltr\">El r\u00e9gimen de excepci\u00f3n comenzar\u00e1 a regir despu\u00e9s de que el presidente firme el decreto aprobado en el Congreso y se publique en el Diario Oficial.<\/p>\n<div class=\"bbc-1ka88fa e57qer20\" dir=\"ltr\">\n<figure class=\"bbc-1qdcvv9 e6bmn90\"><figcaption class=\"bbc-rhuvwm eede9f50\" dir=\"ltr\">Al menos 62 asesinatos se produjeron el s\u00e1bado 26 de marzo de 2022 en El Salvador.<\/p>\n<\/figcaption><\/figure>\n<\/div>\n<div class=\"bbc-19j92fr e57qer20\" dir=\"ltr\">\n<p class=\"bbc-bm53ic e1cc2ql70\" dir=\"ltr\">Los diputados avalaron la suspensi\u00f3n de la libertad de asociaci\u00f3n, derecho de defensa e inviolabilidad de la correspondencia.<\/p>\n<\/div>\n<div class=\"bbc-19j92fr e57qer20\" dir=\"ltr\">\n<p class=\"bbc-bm53ic e1cc2ql70\" dir=\"ltr\">Tambi\u00e9n qued\u00f3 sin efecto la prohibici\u00f3n de la intervenci\u00f3n de las telecomunicaciones sin autorizaci\u00f3n judicial y se extendi\u00f3 el plazo de detenci\u00f3n administrativa a 15 d\u00edas, cuando en tiempos normales es de 72 horas.<\/p>\n<\/div>\n<div class=\"bbc-19j92fr e57qer20\" dir=\"ltr\">\n<p class=\"bbc-bm53ic e1cc2ql70\" dir=\"ltr\">Antes de pedir el estado de excepci\u00f3n, Bukele hab\u00eda dicho que<b>\u00a0la\u00a0<\/b><b>p<\/b><b>olic\u00eda y el\u00a0<\/b><b>e<\/b><b>j\u00e9rcito<\/b>\u00a0\u00abdeben dejar que los agentes y los soldados hagan su trabajo y deben defenderlos de las acusaciones de quienes protegen a los pandilleros\u00bb.<\/p>\n<\/div>\n<div class=\"bbc-19j92fr e57qer20\" dir=\"ltr\">\n<p class=\"bbc-bm53ic e1cc2ql70\" dir=\"ltr\">Adem\u00e1s, se\u00f1al\u00f3 que la Fiscal\u00eda General de la Rep\u00fablica \u00abdebe ser eficaz con los casos\u00bb y que tambi\u00e9n \u00abestaremos pendientes de los jueces que favorezcan delincuentes\u00bb.<\/p>\n<div class=\"bbc-1ka88fa e57qer20\" dir=\"ltr\">\n<figure class=\"bbc-1qdcvv9 e6bmn90\"><figcaption class=\"bbc-rhuvwm eede9f50\" dir=\"ltr\">Bukele respald\u00f3 a los cuerpos de seguridad que se enfrentan a las pandillas.<\/p>\n<\/figcaption><\/figure>\n<\/div>\n<div class=\"bbc-19j92fr e57qer20\" dir=\"ltr\">\n<p class=\"bbc-bm53ic e1cc2ql70\" dir=\"ltr\">El presidente salvadore\u00f1o no aclar\u00f3 si este mensaje es un\u00a0<b>respaldo\u00a0<\/b>al uso de la fuerza letal por parte de los cuerpos de seguridad.<\/p>\n<\/div>\n<div class=\"bbc-19j92fr e57qer20\" dir=\"ltr\">\n<p class=\"bbc-bm53ic e1cc2ql70\" dir=\"ltr\">Las autoridades no han dado detalles de las razones del aumento, mientras que las cifras de la polic\u00eda revelan que la estad\u00edstica de los\u00a0<b>cr\u00edmenes\u00a0<\/b>ha superado el promedio durante varios d\u00edas de marzo.<\/p>\n<\/div>\n<div class=\"bbc-19j92fr e57qer20\" dir=\"ltr\">\n<p class=\"bbc-bm53ic e1cc2ql70\" dir=\"ltr\">En noviembre de 2021, el pa\u00eds tambi\u00e9n registr\u00f3 un alza repentina de los homicidios que dej\u00f3 m\u00e1s de 40 asesinatos en tres d\u00edas. En ese contexto, Bukele rechaz\u00f3 los se\u00f1alamientos de que su gobierno ten\u00eda una \u00ab<b>tregua<\/b>\u00bb con las pandillas.<\/p>\n<\/div>\n<div class=\"bbc-19j92fr e57qer20\" dir=\"ltr\">\n<p class=\"bbc-bm53ic e1cc2ql70\" dir=\"ltr\">El Departamento del Tesoro de EE.UU. sancion\u00f3 en diciembre de 2021 a dos funcionarios del gobierno de Bukele por supuestas \u00abnegociaciones secretas\u00bb con la MS-13.<\/p>\n<\/div>\n<div class=\"bbc-19j92fr e57qer20\" dir=\"ltr\">\n<h2 id=\"Violencia\" class=\"bbc-l3e97o e14hemmw0\" tabindex=\"-1\">Violencia<\/h2>\n<\/div>\n<div class=\"bbc-19j92fr e57qer20\" dir=\"ltr\">\n<p class=\"bbc-bm53ic e1cc2ql70\" dir=\"ltr\">Seg\u00fan las autoridades, La Mara Salvatrucha y Barrio 18, entre otras pandillas, tienen cerca de 70.000 integrantes en el pa\u00eds.<\/p>\n<\/div>\n<div class=\"bbc-19j92fr e57qer20\" dir=\"ltr\">\n<p class=\"bbc-bm53ic e1cc2ql70\" dir=\"ltr\">El Salvador ha sido durante a\u00f1os uno de los pa\u00edses m\u00e1s violentos del mundo, debido en buena parte a las actividades de estas pandillas, cuyos miembros se dedican a la extorsi\u00f3n y el narcotr\u00e1fico, entre otras actividades delictivas.<\/p>\n<div class=\"bbc-19j92fr e57qer20\" dir=\"ltr\">\n<p class=\"bbc-bm53ic e1cc2ql70\" dir=\"ltr\">Cuando Bukele lleg\u00f3 al poder, en 2019, lo hizo con la promesa de luchar contra el crimen organizado y reducir la tasa de homicidios.<\/p>\n<\/div>\n<div class=\"bbc-19j92fr e57qer20\" dir=\"ltr\">\n<p class=\"bbc-bm53ic e1cc2ql70\" dir=\"ltr\">En 2021 la cifra de asesinatos se situ\u00f3 en 1.140, menor que la registrada el a\u00f1o anterior (1.341), y la m\u00e1s baja desde el final de la guerra civid en 1192, seg\u00fan cifras oficiales.<\/p>\n<\/div>\n<div class=\"bbc-19j92fr e57qer20\" dir=\"ltr\">\n<p class=\"bbc-bm53ic e1cc2ql70\" dir=\"ltr\">Sin embargo -y pese a que parece contar a\u00fan con un fuerte apoyo popular- Bukele ha sido objeto de numerosas cr\u00edticas por sus decisiones tanto dentro del pa\u00eds como de parte de organismos internacionales, que lo acusan de autoritarismo por intentar controlar los tres poderes del Estado: ejecutivo, legislativo y judicial.<\/p>\n<\/div>\n<\/div>\n<\/div>\n<\/div>\n<\/div>\n<\/section>\n<\/div>\n<\/div>\n<\/div>\n<\/div>\n<\/section>\n<\/div>\n","protected":false},"excerpt":{"rendered":"<p>El presidente salvadore\u00f1o Nayib Bukele le hab\u00eda solicitado al Congreso decretar el r\u00e9gimen de excepci\u00f3n para frenar la violencia. El Congreso de El Salvador decret\u00f3 la madrugada de este domingo&hellip;<\/p>\n","protected":false},"author":1,"featured_media":7046,"comment_status":"open","ping_status":"closed","sticky":false,"template":"","format":"standard","meta":{"footnotes":""},"categories":[4,5,9],"tags":[],"class_list":["post-7044","post","type-post","status-publish","format-standard","has-post-thumbnail","hentry","category-espectaculos","category-internacional","category-politica"],"_links":{"self":[{"href":"https:\/\/ldpublicicdad.com\/index.php?rest_route=\/wp\/v2\/posts\/7044","targetHints":{"allow":["GET"]}}],"collection":[{"href":"https:\/\/ldpublicicdad.com\/index.php?rest_route=\/wp\/v2\/posts"}],"about":[{"href":"https:\/\/ldpublicicdad.com\/index.php?rest_route=\/wp\/v2\/types\/post"}],"author":[{"embeddable":true,"href":"https:\/\/ldpublicicdad.com\/index.php?rest_route=\/wp\/v2\/users\/1"}],"replies":[{"embeddable":true,"href":"https:\/\/ldpublicicdad.com\/index.php?rest_route=%2Fwp%2Fv2%2Fcomments&post=7044"}],"version-history":[{"count":1,"href":"https:\/\/ldpublicicdad.com\/index.php?rest_route=\/wp\/v2\/posts\/7044\/revisions"}],"predecessor-version":[{"id":7045,"href":"https:\/\/ldpublicicdad.com\/index.php?rest_route=\/wp\/v2\/posts\/7044\/revisions\/7045"}],"wp:featuredmedia":[{"embeddable":true,"href":"https:\/\/ldpublicicdad.com\/index.php?rest_route=\/wp\/v2\/media\/7046"}],"wp:attachment":[{"href":"https:\/\/ldpublicicdad.com\/index.php?rest_route=%2Fwp%2Fv2%2Fmedia&parent=7044"}],"wp:term":[{"taxonomy":"category","embeddable":true,"href":"https:\/\/ldpublicicdad.com\/index.php?rest_route=%2Fwp%2Fv2%2Fcategories&post=7044"},{"taxonomy":"post_tag","embeddable":true,"href":"https:\/\/ldpublicicdad.com\/index.php?rest_route=%2Fwp%2Fv2%2Ftags&post=7044"}],"curies":[{"name":"wp","href":"https:\/\/api.w.org\/{rel}","templated":true}]}}