{"id":41871,"date":"2026-08-31T08:00:40","date_gmt":"2026-08-31T13:00:40","guid":{"rendered":"https:\/\/ldpublicicdad.com\/?p=41871"},"modified":"2026-08-31T13:52:19","modified_gmt":"2026-08-31T13:52:19","slug":"ricardo-monreal-morena-llega-unido-y-con-rumbo-claro-al-nuevo-periodo-legislativo","status":"publish","type":"post","link":"https:\/\/ldpublicicdad.com\/?p=41871","title":{"rendered":"Ricardo Monreal: Morena llega unido y con rumbo claro al nuevo periodo legislativo"},"content":{"rendered":"<p>\ud83d\udd38 El coordinador parlamentario afirm\u00f3 que las y los legisladores de Morena llegan al nuevo periodo con \u00e1nimo de privilegiar y priorizar las iniciativas que beneficien al pa\u00eds y al pueblo de M\u00e9xico.<\/p>\n<p>#CDMX | El presidente de la Junta de Coordinaci\u00f3n Pol\u00edtica y coordinador del Grupo Parlamentario de Morena, diputado Ricardo Monreal \u00c1vila, inform\u00f3 que concluyeron los trabajos de la reuni\u00f3n plenaria de su bancada, en la que se analizaron los principales programas, planes, propuestas y avances del Gobierno Federal en materia econ\u00f3mica, pol\u00edtica exterior, gobernabilidad y desarrollo nacional, as\u00ed como aspectos relacionados con el Paquete Econ\u00f3mico.<\/p>\n<p>Durante una conferencia de prensa ofrecida a representantes de los medios de comunicaci\u00f3n en el Palacio Legislativo de San L\u00e1zaro, el legislador destac\u00f3 que la reuni\u00f3n se desarroll\u00f3 con apertura y transparencia, al transmitirse en vivo los trabajos, incluidas las intervenciones, preguntas y respuestas entre diputadas, diputados y las y los integrantes del gabinete federal.<\/p>\n<p>Monreal \u00c1vila inform\u00f3 que, como parte de los acuerdos adoptados por el grupo parlamentario, se ratific\u00f3 al diputado Sergio Guti\u00e9rrez Luna como vicepresidente de la Mesa Directiva y a Julieta como secretaria. Asimismo, se\u00f1al\u00f3 que por unanimidad se aprob\u00f3 respaldar la propuesta del Partido Verde para que el diputado Ra\u00fal Bola\u00f1os Cacho presida la Mesa Directiva.<\/p>\n<p>De igual manera, dio a conocer que fue aprobada por mayor\u00eda la designaci\u00f3n del diputado Eduardo Castillo como presidente de la Comisi\u00f3n Jurisdiccional, as\u00ed como la de la diputada Ferr\u00e1ez, de Veracruz, al frente de la Comisi\u00f3n de Cambio Clim\u00e1tico y Sostenibilidad, con lo que, dijo, quedaron atendidos los trabajos pendientes para iniciar formalmente el periodo legislativo.<\/p>\n<p>El coordinador parlamentario resalt\u00f3 el ambiente de respeto y unidad que prevaleci\u00f3 durante la reuni\u00f3n plenaria y afirm\u00f3 que las y los legisladores de Morena llegan al nuevo periodo con \u00e1nimo de privilegiar y priorizar las iniciativas que beneficien al pa\u00eds y al pueblo de M\u00e9xico.<\/p>\n<p>Asimismo, refrend\u00f3 el respaldo de su grupo parlamentario a las pol\u00edticas p\u00fablicas de la Presidenta Claudia Sheinbaum Pardo y al proceso de transformaci\u00f3n que vive el pa\u00eds.<\/p>\n<p>Monreal \u00c1vila adelant\u00f3 que este lunes se llevar\u00e1 a cabo la reuni\u00f3n preparatoria para la elecci\u00f3n de la Mesa Directiva y que, posteriormente, la Junta de Coordinaci\u00f3n Pol\u00edtica revisar\u00e1 las minutas y dict\u00e1menes que se encuentren listos para determinar las prioridades de la agenda legislativa y los asuntos que podr\u00edan ser llevados al Pleno.<\/p>\n<p>Respecto al paquete de reformas en materia anticorrupci\u00f3n anunciado por el Gobierno Federal, el coordinador de Morena manifest\u00f3 el respaldo de su bancada a esta pol\u00edtica p\u00fablica y a la definici\u00f3n de la dirigencia nacional del partido para establecer filtros que impidan la postulaci\u00f3n de perfiles vinculados con el crimen organizado, con asuntos pendientes ante la ley, deudores alimentarios o conductas antijur\u00eddicas que puedan afectar al movimiento.<\/p>\n<p>Explic\u00f3 que, de acuerdo con la presentaci\u00f3n realizada durante la plenaria, el paquete anticorrupci\u00f3n contempla modificaciones a 19 leyes y la creaci\u00f3n de dos nuevos ordenamientos, por lo que anticip\u00f3 que se tratar\u00e1 de un conjunto normativo amplio que ser\u00e1 analizado y, en su momento, respaldado por el Grupo Parlamentario de Morena.<\/p>\n<p>Sobre las iniciativas prioritarias presentadas por la Consejer\u00eda Jur\u00eddica del Ejecutivo Federal, Monreal \u00c1vila se\u00f1al\u00f3 que los proyectos ser\u00e1n turnados a las comisiones correspondientes para su an\u00e1lisis, discusi\u00f3n y dictaminaci\u00f3n. Entre los temas mencion\u00f3 la propuesta relacionada con la doble ciudadan\u00eda, las reformas en materia de feminicidio y las relativas a cambio clim\u00e1tico y sostenibilidad.<\/p>\n<p>Finalmente, el coordinador parlamentario agradeci\u00f3 a los medios de comunicaci\u00f3n su cobertura de los trabajos legislativos y destac\u00f3 la disposici\u00f3n del Grupo Parlamentario de Morena para mantener una relaci\u00f3n de respeto y apertura con representantes de la prensa durante el nuevo periodo de sesiones.<\/p>\n<p>#Morena #Llega #Unido #Con #Rumbo #Claro #Nuevo #Periodo #Legislativo #Ricardo Monreal<\/p>\n","protected":false},"excerpt":{"rendered":"<p>\ud83d\udd38 El coordinador parlamentario afirm\u00f3 que las y los legisladores de Morena llegan al nuevo periodo con \u00e1nimo de privilegiar y priorizar las iniciativas que beneficien al pa\u00eds y al&hellip;<\/p>\n","protected":false},"author":1,"featured_media":41873,"comment_status":"open","ping_status":"closed","sticky":false,"template":"","format":"standard","meta":{"footnotes":""},"categories":[27,7],"tags":[],"class_list":["post-41871","post","type-post","status-publish","format-standard","has-post-thumbnail","hentry","category-cdmx","category-nacional"],"_links":{"self":[{"href":"https:\/\/ldpublicicdad.com\/index.php?rest_route=\/wp\/v2\/posts\/41871","targetHints":{"allow":["GET"]}}],"collection":[{"href":"https:\/\/ldpublicicdad.com\/index.php?rest_route=\/wp\/v2\/posts"}],"about":[{"href":"https:\/\/ldpublicicdad.com\/index.php?rest_route=\/wp\/v2\/types\/post"}],"author":[{"embeddable":true,"href":"https:\/\/ldpublicicdad.com\/index.php?rest_route=\/wp\/v2\/users\/1"}],"replies":[{"embeddable":true,"href":"https:\/\/ldpublicicdad.com\/index.php?rest_route=%2Fwp%2Fv2%2Fcomments&post=41871"}],"version-history":[{"count":1,"href":"https:\/\/ldpublicicdad.com\/index.php?rest_route=\/wp\/v2\/posts\/41871\/revisions"}],"predecessor-version":[{"id":41872,"href":"https:\/\/ldpublicicdad.com\/index.php?rest_route=\/wp\/v2\/posts\/41871\/revisions\/41872"}],"wp:featuredmedia":[{"embeddable":true,"href":"https:\/\/ldpublicicdad.com\/index.php?rest_route=\/wp\/v2\/media\/41873"}],"wp:attachment":[{"href":"https:\/\/ldpublicicdad.com\/index.php?rest_route=%2Fwp%2Fv2%2Fmedia&parent=41871"}],"wp:term":[{"taxonomy":"category","embeddable":true,"href":"https:\/\/ldpublicicdad.com\/index.php?rest_route=%2Fwp%2Fv2%2Fcategories&post=41871"},{"taxonomy":"post_tag","embeddable":true,"href":"https:\/\/ldpublicicdad.com\/index.php?rest_route=%2Fwp%2Fv2%2Ftags&post=41871"}],"curies":[{"name":"wp","href":"https:\/\/api.w.org\/{rel}","templated":true}]}}