{"id":41832,"date":"2026-08-29T09:00:18","date_gmt":"2026-08-29T14:00:18","guid":{"rendered":"https:\/\/ldpublicicdad.com\/?p=41832"},"modified":"2026-08-31T13:05:56","modified_gmt":"2026-08-31T13:05:56","slug":"diputado-ricardo-monreal-llamo-a-mantener-la-unidad-y-la-cohesion-frente-al-proceso-interno-de-morena","status":"publish","type":"post","link":"https:\/\/ldpublicicdad.com\/?p=41832","title":{"rendered":"Diputado Ricardo Monreal llam\u00f3 a mantener la unidad y la cohesi\u00f3n frente al proceso interno de Morena"},"content":{"rendered":"<p>\ud83d\udd38 Pidi\u00f3 nombrar a los coordinadores en los estados donde faltan, ante las descalificaciones, acusaciones e incluso guerra sucia.<\/p>\n<p>#CDMX | El diputado Ricardo Monreal \u00c1vila, coordinador del grupo parlamentario de Morena y presidente de la Junta de Coordinaci\u00f3n Pol\u00edtica, llam\u00f3 a mantener la unidad y la cohesi\u00f3n frente al proceso interno de su movimiento, as\u00ed como poner al servicio del mismo nuestra aspiraci\u00f3n personal y nuestra posici\u00f3n pol\u00edtica.<\/p>\n<p>En un mensaje en sus redes sociales, coment\u00f3 que \u201cnadie puede estar por encima del movimiento y no puedes acudir a ambiciones vulgares que fueron las que combatimos desde un principio. Nadie por encima del inter\u00e9s colectivo y es el momento en el que no debemos permitir esta guerra intestina que puede generar una ruptura, que puede generar que se ahuyente y se ausente nuestra voluntad mayoritaria\u201d.<\/p>\n<p>Record\u00f3 que todos los partidos han iniciado sus procesos internos y, aprovechando la laguna que existe en la legislaci\u00f3n, han comenzado a nombrar coordinadores, enlaces, representantes de los propios partidos, pero tendientes a la selecci\u00f3n de candidatos del 2027.<\/p>\n<p>En el caso de su movimiento, record\u00f3 que esta semana se han designado coordinadores en cinco estados del pa\u00eds, faltan 12; sin embargo, como militante y simpatizante de nuestro movimiento, es importante prevenir y destacar que debe de resolverse el resto.<\/p>\n<p>Ricardo Monreal precis\u00f3 que en los estados donde falta de nombrarse est\u00e1n present\u00e1ndose descalificaciones, acusaciones e incluso guerra sucia, \u201cfake news\u201d, noticias falsas en detrimento del propio movimiento y de las personas que integran el movimiento.<\/p>\n<p>Se manifest\u00f3 para que la propia dirigencia nacional ordene evitar este tipo de manifestaciones en contra de los compa\u00f1eros y compa\u00f1eras. \u201cNo lo merecen, quienes est\u00e1n aspirando lo est\u00e1n haciendo leg\u00edtimamente y los que acuden a este tipo de estrategias sucias no merecen que nuestro movimiento los cobije\u201d.<\/p>\n<p>Por esa raz\u00f3n\u2014abund\u00f3\u2014estamos a tiempo de que no se permita contaminar al movimiento y que resulten los m\u00e1s honestos, las m\u00e1s honestas, pero que se apresure la decisi\u00f3n para no lastimar m\u00e1s nuestra organizaci\u00f3n.<\/p>\n<p>\u201cEs una llamada de atenci\u00f3n porque en todos los estados donde falta nombrar al coordinador se est\u00e1n incrementando d\u00eda con d\u00eda los ataques, las descalificaciones y las acusaciones mutuas. Lo importante es la unidad y la cohesi\u00f3n. Pon al servicio del movimiento tu posici\u00f3n pol\u00edtica y tu aspiraci\u00f3n. Yo lo hago con mucha convicci\u00f3n\u201d, finaliz\u00f3.<\/p>\n<p>#Diputado #RicardoMonreal #Llam\u00f3 #Mantener #Unidad #Cohesi\u00f3n #Frente #Proceso #Interno #Morena<\/p>\n","protected":false},"excerpt":{"rendered":"<p>\ud83d\udd38 Pidi\u00f3 nombrar a los coordinadores en los estados donde faltan, ante las descalificaciones, acusaciones e incluso guerra sucia. #CDMX | El diputado Ricardo Monreal \u00c1vila, coordinador del grupo parlamentario&hellip;<\/p>\n","protected":false},"author":1,"featured_media":41834,"comment_status":"open","ping_status":"closed","sticky":false,"template":"","format":"standard","meta":{"footnotes":""},"categories":[27,7],"tags":[],"class_list":["post-41832","post","type-post","status-publish","format-standard","has-post-thumbnail","hentry","category-cdmx","category-nacional"],"_links":{"self":[{"href":"https:\/\/ldpublicicdad.com\/index.php?rest_route=\/wp\/v2\/posts\/41832","targetHints":{"allow":["GET"]}}],"collection":[{"href":"https:\/\/ldpublicicdad.com\/index.php?rest_route=\/wp\/v2\/posts"}],"about":[{"href":"https:\/\/ldpublicicdad.com\/index.php?rest_route=\/wp\/v2\/types\/post"}],"author":[{"embeddable":true,"href":"https:\/\/ldpublicicdad.com\/index.php?rest_route=\/wp\/v2\/users\/1"}],"replies":[{"embeddable":true,"href":"https:\/\/ldpublicicdad.com\/index.php?rest_route=%2Fwp%2Fv2%2Fcomments&post=41832"}],"version-history":[{"count":1,"href":"https:\/\/ldpublicicdad.com\/index.php?rest_route=\/wp\/v2\/posts\/41832\/revisions"}],"predecessor-version":[{"id":41833,"href":"https:\/\/ldpublicicdad.com\/index.php?rest_route=\/wp\/v2\/posts\/41832\/revisions\/41833"}],"wp:featuredmedia":[{"embeddable":true,"href":"https:\/\/ldpublicicdad.com\/index.php?rest_route=\/wp\/v2\/media\/41834"}],"wp:attachment":[{"href":"https:\/\/ldpublicicdad.com\/index.php?rest_route=%2Fwp%2Fv2%2Fmedia&parent=41832"}],"wp:term":[{"taxonomy":"category","embeddable":true,"href":"https:\/\/ldpublicicdad.com\/index.php?rest_route=%2Fwp%2Fv2%2Fcategories&post=41832"},{"taxonomy":"post_tag","embeddable":true,"href":"https:\/\/ldpublicicdad.com\/index.php?rest_route=%2Fwp%2Fv2%2Ftags&post=41832"}],"curies":[{"name":"wp","href":"https:\/\/api.w.org\/{rel}","templated":true}]}}