{"id":4047,"date":"2021-05-09T11:32:53","date_gmt":"2021-05-09T11:32:53","guid":{"rendered":"https:\/\/alertarojaquintanaroo.com\/?p=4047"},"modified":"2021-05-09T11:32:53","modified_gmt":"2021-05-09T11:32:53","slug":"tiktok-red-social-usada-en-colombia-para-burlar-la-censura-en-protesta","status":"publish","type":"post","link":"https:\/\/ldpublicicdad.com\/?p=4047","title":{"rendered":"TikTok: Red Social usada en Colombia para burlar la censura en protesta"},"content":{"rendered":"<header id=\"mvp-post-head\" class=\"left relative\"><\/header>\n<section id=\"mvp-content-main\" class=\"post-136527 post type-post status-publish format-standard has-post-thumbnail hentry category-mundo tag-colombia tag-ivan-duque tag-protestas tag-tiktok\">\n<div id=\"horas-68c132c0343c447120d42d2a17f324f8\" class=\"horas-68c132c0343c447120d42d2a17f324f8 horas-before-content_2\">Luego de que colombianos denunciaran que el gobierno de <strong>Colombia<\/strong>\u00a0est\u00e1 censurando sus videos, la red social de\u00a0<strong>Tik Tok<\/strong>\u00a0se est\u00e1 convirtiendo en la plataforma para difundir las violaciones a derechos humanos en las manifestaciones en contra de la reforma tributaria que promueve el gobierno de<strong>\u00a0Iv\u00e1n Duque<\/strong>.<\/div>\n<div id=\"tps_slideContainer_136527\" class=\"theiaPostSlider_slides\">\n<div class=\"theiaPostSlider_preloadedSlide\">\n<p>En las redes sociales abundan las denuncias en contra del gobierno por la censura de contenidos en las plataformas de Facebook, Instagram y Twitter.<\/p>\n<p>Por medio de hashtags como #Cali, #ColombiaAlertaRoja , #CensuraColombia, #ColombiaSOSDDHH, #soscolombia, #noalareformatributaria o #28A los internautas han compartido videos en Tik Tok donde se observa c\u00f3mo la polic\u00eda dispara contra manifestantes desarmados.<\/p>\n<p>En las im\u00e1genes tambi\u00e9n se escuchan explosiones mientras tanques recorren las calles, y en una grabaci\u00f3n, uno de estos veh\u00edculos se abalanza contra los ciudadanos.<\/p>\n<p>Parte de las denuncias incluyen un \u201capag\u00f3n\u201d generalizado en el servicio de internet en Cali, as\u00ed como el corte de luz en la ciudad.<\/p>\n<p>Hasta el momento el director para las Am\u00e9ricas de Human Rights Watch, Jos\u00e9 Miguel Vivanco, inform\u00f3 que han podido confirmar la muerte de 11 personas durante las protestas en Colombia que empezaron el pasado 28 de abril.<\/p>\n<p>Sin embargo la cifra podr\u00eda ser mucho mayor, pues apunt\u00f3 que han recibido denuncias sobre 31 muertes y cientos de heridos.<\/p>\n<p>Cabe mencionar que los ciudadanos decidieron salir a las calles para manifestarse contra una reforma tributaria destinada a llenar un d\u00e9ficit presupuestal relacionado con la pandemia.<\/p>\n<p>El presidente Iv\u00e1n Duque anunci\u00f3 que el pr\u00f3ximo lunes 10 de mayo se reunir\u00e1 con el Comit\u00e9 Nacional del Paro, por lo que se prev\u00e9 que contin\u00faen las movilizaciones este fin de semana.<\/p>\n<\/div>\n<\/div>\n<\/section>\n","protected":false},"excerpt":{"rendered":"<p>Luego de que colombianos denunciaran que el gobierno de Colombia\u00a0est\u00e1 censurando sus videos, la red social de\u00a0Tik Tok\u00a0se est\u00e1 convirtiendo en la plataforma para difundir las violaciones a derechos humanos&hellip;<\/p>\n","protected":false},"author":1,"featured_media":4048,"comment_status":"open","ping_status":"closed","sticky":false,"template":"","format":"standard","meta":{"footnotes":""},"categories":[5],"tags":[],"class_list":["post-4047","post","type-post","status-publish","format-standard","has-post-thumbnail","hentry","category-internacional"],"_links":{"self":[{"href":"https:\/\/ldpublicicdad.com\/index.php?rest_route=\/wp\/v2\/posts\/4047","targetHints":{"allow":["GET"]}}],"collection":[{"href":"https:\/\/ldpublicicdad.com\/index.php?rest_route=\/wp\/v2\/posts"}],"about":[{"href":"https:\/\/ldpublicicdad.com\/index.php?rest_route=\/wp\/v2\/types\/post"}],"author":[{"embeddable":true,"href":"https:\/\/ldpublicicdad.com\/index.php?rest_route=\/wp\/v2\/users\/1"}],"replies":[{"embeddable":true,"href":"https:\/\/ldpublicicdad.com\/index.php?rest_route=%2Fwp%2Fv2%2Fcomments&post=4047"}],"version-history":[{"count":0,"href":"https:\/\/ldpublicicdad.com\/index.php?rest_route=\/wp\/v2\/posts\/4047\/revisions"}],"wp:featuredmedia":[{"embeddable":true,"href":"https:\/\/ldpublicicdad.com\/index.php?rest_route=\/wp\/v2\/media\/4048"}],"wp:attachment":[{"href":"https:\/\/ldpublicicdad.com\/index.php?rest_route=%2Fwp%2Fv2%2Fmedia&parent=4047"}],"wp:term":[{"taxonomy":"category","embeddable":true,"href":"https:\/\/ldpublicicdad.com\/index.php?rest_route=%2Fwp%2Fv2%2Fcategories&post=4047"},{"taxonomy":"post_tag","embeddable":true,"href":"https:\/\/ldpublicicdad.com\/index.php?rest_route=%2Fwp%2Fv2%2Ftags&post=4047"}],"curies":[{"name":"wp","href":"https:\/\/api.w.org\/{rel}","templated":true}]}}