{"id":2887,"date":"2021-02-20T11:49:06","date_gmt":"2021-02-20T11:49:06","guid":{"rendered":"https:\/\/alertarojaquintanaroo.com\/?p=2887"},"modified":"2021-02-20T11:49:06","modified_gmt":"2021-02-20T11:49:06","slug":"incendio-en-metro-de-cdmx-fue-provocado-por-corto-fiscalia","status":"publish","type":"post","link":"https:\/\/ldpublicicdad.com\/?p=2887","title":{"rendered":"Incendio en metro de CDMX fue provocado por corto: Fiscal\u00eda"},"content":{"rendered":"<p><strong>CIUDAD DE M\u00c9XICO.-<\/strong>\u00a0El incendio del pasado 9 de enero en el Centro de Control de Metro en la Ciudad de M\u00e9xico fue ocasionado por un cortocircuito en uno de los transformadores ubicado en la planta baja, inform\u00f3 este viernes la Fiscal\u00eda General de Justicia de la Ciudad de M\u00e9xico.<\/p>\n<p>Con lo anterior, se descart\u00f3 la hip\u00f3tesis de un posible sabotaje, como se hab\u00eda sugerido.<br \/>\n\u201cEl incendio en el transformador TA-1 se debi\u00f3 a un cortocircuito en sus componentes, fue un evento accidental, fortuito y no previsible\u201d, inform\u00f3 la coordinadora general de<\/p>\n<h3>Investigaci\u00f3n Forense, Seberina Ortega<\/h3>\n<p>Adem\u00e1s, las autoridades aseguraron que la falla no fue causada por la falta de mantenimiento a las instalaciones.<\/p>\n<p>Sin embargo, a\u00fan se analiza si el inmueble ser\u00e1 reparado o demolido en su totalidad.<br \/>\nEn conferencia de prensa, las autoridades destacaron que, en menos de 15 minutos, el \u00e1rea del transformador se encontraba completamente acosado por las llamas, por lo que la magnitud de la expansi\u00f3n del incendio provoc\u00f3 temperaturas entre mil y mil 500 grados cent\u00edgrados.<\/p>\n<p>Con base en los estudios realizados en el trabajo pericial, se sugiri\u00f3 cambios en los transformadores del inmueble.<\/p>\n<p>Se espera que en las pr\u00f3ximas semanas con los resultados de estudios se determine si el edificio de Delicias 67, ubicado en la colonia Doctores puede ser rehabilitado o debe ser demolido.<\/p>\n<p>Se realizaron 11 distintos peritajes, con especialidades de las ciencias forenses, destacando criminal\u00edstica de campo en el lugar del incendio.<\/p>\n<p>El incendio dej\u00f3 un muerto, varios trabajadores atrapados y seis l\u00edneas de transporte sin servicio que se restablecieron paulatinamente.<br \/>\nCon informaci\u00f3n de Animal Pol\u00edtico<\/p>\n","protected":false},"excerpt":{"rendered":"<p>CIUDAD DE M\u00c9XICO.-\u00a0El incendio del pasado 9 de enero en el Centro de Control de Metro en la Ciudad de M\u00e9xico fue ocasionado por un cortocircuito en uno de los&hellip;<\/p>\n","protected":false},"author":1,"featured_media":2888,"comment_status":"open","ping_status":"closed","sticky":false,"template":"","format":"standard","meta":{"footnotes":""},"categories":[7],"tags":[],"class_list":["post-2887","post","type-post","status-publish","format-standard","has-post-thumbnail","hentry","category-nacional"],"_links":{"self":[{"href":"https:\/\/ldpublicicdad.com\/index.php?rest_route=\/wp\/v2\/posts\/2887","targetHints":{"allow":["GET"]}}],"collection":[{"href":"https:\/\/ldpublicicdad.com\/index.php?rest_route=\/wp\/v2\/posts"}],"about":[{"href":"https:\/\/ldpublicicdad.com\/index.php?rest_route=\/wp\/v2\/types\/post"}],"author":[{"embeddable":true,"href":"https:\/\/ldpublicicdad.com\/index.php?rest_route=\/wp\/v2\/users\/1"}],"replies":[{"embeddable":true,"href":"https:\/\/ldpublicicdad.com\/index.php?rest_route=%2Fwp%2Fv2%2Fcomments&post=2887"}],"version-history":[{"count":0,"href":"https:\/\/ldpublicicdad.com\/index.php?rest_route=\/wp\/v2\/posts\/2887\/revisions"}],"wp:featuredmedia":[{"embeddable":true,"href":"https:\/\/ldpublicicdad.com\/index.php?rest_route=\/wp\/v2\/media\/2888"}],"wp:attachment":[{"href":"https:\/\/ldpublicicdad.com\/index.php?rest_route=%2Fwp%2Fv2%2Fmedia&parent=2887"}],"wp:term":[{"taxonomy":"category","embeddable":true,"href":"https:\/\/ldpublicicdad.com\/index.php?rest_route=%2Fwp%2Fv2%2Fcategories&post=2887"},{"taxonomy":"post_tag","embeddable":true,"href":"https:\/\/ldpublicicdad.com\/index.php?rest_route=%2Fwp%2Fv2%2Ftags&post=2887"}],"curies":[{"name":"wp","href":"https:\/\/api.w.org\/{rel}","templated":true}]}}