{"id":2839,"date":"2021-02-17T11:44:25","date_gmt":"2021-02-17T11:44:25","guid":{"rendered":"http:\/\/alertarojaquintanaroo.com\/?p=2839"},"modified":"2021-02-17T11:44:25","modified_gmt":"2021-02-17T11:44:25","slug":"sujeto-apunalo-a-su-pareja-dentro-del-transporte-publico-de-culiacan","status":"publish","type":"post","link":"https:\/\/ldpublicicdad.com\/?p=2839","title":{"rendered":"Sujeto apu\u00f1al\u00f3 a su pareja dentro del transporte p\u00fablico de Culiac\u00e1n"},"content":{"rendered":"<p><strong>Culiac\u00e1n.-<\/strong>\u00a0Un hombre apu\u00f1al\u00f3 a su pareja la ma\u00f1ana de este lunes 15 de febrero abordo de un transporte p\u00fablico de la ruta Buenos Aires Centro, en Culiac\u00e1n, Sinaloa, lo cual tambi\u00e9n qued\u00f3 registrado en video por las c\u00e1maras de seguridad del cami\u00f3n.<\/p>\n<p>El hombre fue identificado como Jos\u00e9 Francisco \u201cN\u201d, de 36 a\u00f1os de edad, quien apu\u00f1al\u00f3 a su pareja llamada Mar\u00eda Candelaria \u201cN\u201d, de 33 a\u00f1os, con un cuchillo al interior del transporte p\u00fablico.<\/p>\n<p><iframe loading=\"lazy\" src=\"https:\/\/www.facebook.com\/plugins\/video.php?height=476&amp;href=https%3A%2F%2Fwww.facebook.com%2F1746896705608283%2Fvideos%2F334835014511715%2F&amp;show_text=false&amp;width=476\" width=\"476\" height=\"476\" frameborder=\"0\" scrolling=\"no\" allowfullscreen=\"allowfullscreen\" data-mce-fragment=\"1\"><\/iframe><\/p>\n<p>De acuerdo con los reportes de los medios locales, fue alrededor de las 7:45 de la ma\u00f1ana cuando un sujeto atac\u00f3 con un cuchillo a su pareja mientras viajaban a bordo de un cami\u00f3n urbano en Culiac\u00e1n.<\/p>\n<p>Ah\u00ed, el sujeto discuti\u00f3 con su pareja y, minutos m\u00e1s tarde, a la altura de la avenida \u00c1lvaro Obreg\u00f3n, a un costado del Tecnol\u00f3gico de Culiac\u00e1n, comenz\u00f3 a atacarla con un arma blanca.<\/p>\n<p>Fue al tomar la curva por el templo de La Lomita que el chofer de la unidad de transporte p\u00fablico escuch\u00f3 gritos y not\u00f3 la desesperaci\u00f3n de los pasajeros, por lo que detuvo el cami\u00f3n.<\/p>\n<p>Al instante el chofer de la unidad abri\u00f3 las puertas cuando se dio cuenta del ataque, para que se bajaran los pasajeros y no resultar\u00e1n heridos.<\/p>\n<p>El sujeto intent\u00f3 huir, pero los pasajeros lo detuvieron y entregaron a la Polic\u00eda Municipal que primero lo llev\u00f3 a la Cruz Roja para curarle las heridas y despu\u00e9s a los separos.<\/p>\n","protected":false},"excerpt":{"rendered":"<p>Culiac\u00e1n.-\u00a0Un hombre apu\u00f1al\u00f3 a su pareja la ma\u00f1ana de este lunes 15 de febrero abordo de un transporte p\u00fablico de la ruta Buenos Aires Centro, en Culiac\u00e1n, Sinaloa, lo cual&hellip;<\/p>\n","protected":false},"author":1,"featured_media":2840,"comment_status":"open","ping_status":"closed","sticky":false,"template":"","format":"standard","meta":{"footnotes":""},"categories":[7],"tags":[],"class_list":["post-2839","post","type-post","status-publish","format-standard","has-post-thumbnail","hentry","category-nacional"],"_links":{"self":[{"href":"https:\/\/ldpublicicdad.com\/index.php?rest_route=\/wp\/v2\/posts\/2839","targetHints":{"allow":["GET"]}}],"collection":[{"href":"https:\/\/ldpublicicdad.com\/index.php?rest_route=\/wp\/v2\/posts"}],"about":[{"href":"https:\/\/ldpublicicdad.com\/index.php?rest_route=\/wp\/v2\/types\/post"}],"author":[{"embeddable":true,"href":"https:\/\/ldpublicicdad.com\/index.php?rest_route=\/wp\/v2\/users\/1"}],"replies":[{"embeddable":true,"href":"https:\/\/ldpublicicdad.com\/index.php?rest_route=%2Fwp%2Fv2%2Fcomments&post=2839"}],"version-history":[{"count":0,"href":"https:\/\/ldpublicicdad.com\/index.php?rest_route=\/wp\/v2\/posts\/2839\/revisions"}],"wp:featuredmedia":[{"embeddable":true,"href":"https:\/\/ldpublicicdad.com\/index.php?rest_route=\/wp\/v2\/media\/2840"}],"wp:attachment":[{"href":"https:\/\/ldpublicicdad.com\/index.php?rest_route=%2Fwp%2Fv2%2Fmedia&parent=2839"}],"wp:term":[{"taxonomy":"category","embeddable":true,"href":"https:\/\/ldpublicicdad.com\/index.php?rest_route=%2Fwp%2Fv2%2Fcategories&post=2839"},{"taxonomy":"post_tag","embeddable":true,"href":"https:\/\/ldpublicicdad.com\/index.php?rest_route=%2Fwp%2Fv2%2Ftags&post=2839"}],"curies":[{"name":"wp","href":"https:\/\/api.w.org\/{rel}","templated":true}]}}