{"id":24247,"date":"2025-03-06T10:18:05","date_gmt":"2025-03-06T15:18:05","guid":{"rendered":"https:\/\/ldpublicicdad.com\/?p=24247"},"modified":"2025-03-06T15:18:05","modified_gmt":"2025-03-06T15:18:05","slug":"neymar-regresa-para-liderar-a-brasil-contra-colombia-y-argentina","status":"publish","type":"post","link":"https:\/\/ldpublicicdad.com\/?p=24247","title":{"rendered":"Neymar regresa para liderar a Brasil contra Colombia y Argentina"},"content":{"rendered":"<p>\ud83d\udd38 El astro del Santos encabeza una convocatoria llena de talento ofensivo, con Vin\u00edcius Jr, Rodrygo y Raphinha, mientras la verdeamarela busca recuperar el rumbo en el camino al Mundial de 2026.<\/p>\n<p>#DEPORTES | Tras casi un a\u00f1o y medio de ausencia por lesi\u00f3n, el astro Neymar retornar\u00e1 a la selecci\u00f3n de Brasil para los partidos de marzo de la clasificatoria sudamericana para el Mundial de 2026 contra la Colombia de James Rodr\u00edguez y la Argentina de Lionel Messi.<\/p>\n<p>El goleador hist\u00f3rico de la &#8216;Sele\u00e7\u00e3o&#8217;, de 33 a\u00f1os, encabeza la convocatoria de 23 jugadores divulgada este jueves por el seleccionador Dorival J\u00fanior en Rio de Janeiro para los juegos contra los cafeteros el 20 de marzo en Brasilia y frente a los campeones del mundo cinco d\u00edas despu\u00e9s en Buenos Aires.<\/p>\n<p>\u00abNadie necesita hablar de lo que Neymar representa. El momento que atraviesa es un proceso de recuperaci\u00f3n, lo entendemos, somos conscientes de ello\u00bb, dijo el seleccionador en una rueda de prensa.<\/p>\n<p>\u00abPero tambi\u00e9n entendemos que la capacidad y las cualidades de un jugador como \u00e9l acaban siendo un condicionante para superar todas las situaciones que surgen en un partido\u00bb, agreg\u00f3.<\/p>\n<p>Es la primera vez que &#8216;Ney&#8217; aparece entre los pentacampeones del mundo desde el 17 de octubre de 2023, cuando sufri\u00f3 una grave lesi\u00f3n en la rodilla izquierda en la derrota 2-0 contra Uruguay en Montevideo.<\/p>\n<p>El &#8217;10&#8217; tuvo una rotura de ligamento cruzado anterior y de menisco, unas dolencias que lo tuvieron un a\u00f1o por fuera de las canchas y afectaron su paso por el Al-Hilal de Arabia Saudita, donde jug\u00f3 s\u00f3lo siete partidos en 17 meses.<\/p>\n<p>En busca de recuperar su forma y su ritmo futbol\u00edstico, el atacante rescindi\u00f3 su contrato con los \u00e1rabes y retorn\u00f3 en enero al Santos de Brasil, el club que lo form\u00f3 y que dej\u00f3 en 2013 con rumbo al FC Barcelona.<\/p>\n<p>&#8211; Enderezar el camino &#8211;<\/p>\n<p>Aunque tuvo un comienzo poco brillante en su reestreno, Neymar ha sido determinante en los cuatro \u00faltimos partidos del &#8216;Peixe&#8217;, el cuadro donde Pel\u00e9 desarroll\u00f3 la mayor parte de su carrera (1956-1974).<\/p>\n<p>Anot\u00f3 tres goles, uno de ellos ol\u00edmpico, y dio tres asistencias para los albinegros, que el domingo luchar\u00e1n con el Corinthians del neerland\u00e9s Memphis Depay por el pase a la final del torneo del estado de Sao Paulo (Campeonato Paulista).<\/p>\n<p>\u00abQuiero regresar a la selecci\u00f3n brasile\u00f1a. Todav\u00eda tengo algo que conquistar (el Mundial), tengo una misi\u00f3n que, creo, es mi \u00faltima y voy por ella de cualquier forma\u00bb, dijo durante su presentaci\u00f3n como jugador del Santos.<\/p>\n<p>Neymar liderar\u00e1 a una &#8216;Sele\u00e7\u00e3o&#8217; que, sin \u00e9l, ha tenido un andar atropellado en la eliminatoria sudamericana para el Mundial que Estados Unidos, Canad\u00e1 y M\u00e9xico albergar\u00e1n a mediados del pr\u00f3ximo a\u00f1o.<\/p>\n<p>Brasil marcha en la quinta de diez posiciones, con 18 puntos en 12 partidos, una casilla indigna para su historia pero que, sin embargo, le garantiza el boleto a la m\u00e1xima cita del f\u00fatbol a falta de seis partidos para el final de la clasificatoria.<\/p>\n<p>Tras empatar 1-1 en sus dos \u00faltimos juegos, contra Venezuela y Uruguay en noviembre, la &#8216;Canarinha buscar\u00e1 reencontrarse con la victoria frente a dos rivales de alta exigencia: Colombia (4\u00b0) y Argentina (1\u00b0).<\/p>\n<p>\u00abNo pongamos las expectativas demasiado altas (sobre Neymar), carg\u00e1ndole toda la responsabilidad en este regreso. Esperamos tener equilibrio y regularidad en estos dos partidos, que ser\u00e1n muy dif\u00edciles\u00bb, afirm\u00f3 Dorival J\u00fanior.<\/p>\n<p>&#8211; Ataque poderoso &#8211;<\/p>\n<p>Neymar comanda la convocatoria junto a otros nombres destacados, como los atacantes Vin\u00edcius Jr y Rodrygo, del Real Madrid, y Raphinha, del Barcelona.<\/p>\n<p>La &#8216;Canarinha&#8217; volver\u00e1 a contar con la perla ofensiva del Palmeiras, Estevao, de 17 a\u00f1os, pero la otra gran novedad es la primera convocatoria del destacado lateral derecho del Flamengo, Wesley, de 21.<\/p>\n<p>Convocados de Brasil:<\/p>\n<p>Arqueros: Alisson (Liverpool, ENG), Bento (Al-Nassr, KSA), Ederson (Manchester City, ENG).<\/p>\n<p>Defensas: Danilo (Flamengo), Gabriel Magalhaes (Arsenal, ENG), Guilherme Arana (Atl\u00e9tico Mineiro), L\u00e9o Ortiz (Flamengo), Marquinhos (Par\u00eds St. Germain, FRA), Murillo (Nottingham Forest, ENG), Vanderson (M\u00f3naco, FRA), Wesley (Flamengo).<\/p>\n<p>Mediocampistas: Andr\u00e9 (Wolverhampton, ENG), Bruno Guimaraes (Newscastle, ENG), Gerson (Flamengo), Joelinton (Newscastle, ENG), Matheus Cunha (Wolverhampton, ENG), Neymar (Santos).<\/p>\n<p>Atacantes: Estevao (Palmeiras), Joao Pedro (Brighton, ENG), Raphinha (Barcelona, ESP), Rodrygo (Real Madrid, ESP), Savinho (Manchester City, ENG), Vin\u00edcius Jr (Real Madrid, ESP).<\/p>\n","protected":false},"excerpt":{"rendered":"<p>\ud83d\udd38 El astro del Santos encabeza una convocatoria llena de talento ofensivo, con Vin\u00edcius Jr, Rodrygo y Raphinha, mientras la verdeamarela busca recuperar el rumbo en el camino al Mundial&hellip;<\/p>\n","protected":false},"author":1,"featured_media":24249,"comment_status":"open","ping_status":"closed","sticky":false,"template":"","format":"standard","meta":{"footnotes":""},"categories":[3],"tags":[],"class_list":["post-24247","post","type-post","status-publish","format-standard","has-post-thumbnail","hentry","category-deportes"],"_links":{"self":[{"href":"https:\/\/ldpublicicdad.com\/index.php?rest_route=\/wp\/v2\/posts\/24247","targetHints":{"allow":["GET"]}}],"collection":[{"href":"https:\/\/ldpublicicdad.com\/index.php?rest_route=\/wp\/v2\/posts"}],"about":[{"href":"https:\/\/ldpublicicdad.com\/index.php?rest_route=\/wp\/v2\/types\/post"}],"author":[{"embeddable":true,"href":"https:\/\/ldpublicicdad.com\/index.php?rest_route=\/wp\/v2\/users\/1"}],"replies":[{"embeddable":true,"href":"https:\/\/ldpublicicdad.com\/index.php?rest_route=%2Fwp%2Fv2%2Fcomments&post=24247"}],"version-history":[{"count":1,"href":"https:\/\/ldpublicicdad.com\/index.php?rest_route=\/wp\/v2\/posts\/24247\/revisions"}],"predecessor-version":[{"id":24248,"href":"https:\/\/ldpublicicdad.com\/index.php?rest_route=\/wp\/v2\/posts\/24247\/revisions\/24248"}],"wp:featuredmedia":[{"embeddable":true,"href":"https:\/\/ldpublicicdad.com\/index.php?rest_route=\/wp\/v2\/media\/24249"}],"wp:attachment":[{"href":"https:\/\/ldpublicicdad.com\/index.php?rest_route=%2Fwp%2Fv2%2Fmedia&parent=24247"}],"wp:term":[{"taxonomy":"category","embeddable":true,"href":"https:\/\/ldpublicicdad.com\/index.php?rest_route=%2Fwp%2Fv2%2Fcategories&post=24247"},{"taxonomy":"post_tag","embeddable":true,"href":"https:\/\/ldpublicicdad.com\/index.php?rest_route=%2Fwp%2Fv2%2Ftags&post=24247"}],"curies":[{"name":"wp","href":"https:\/\/api.w.org\/{rel}","templated":true}]}}