{"id":24063,"date":"2025-02-26T10:18:46","date_gmt":"2025-02-26T15:18:46","guid":{"rendered":"https:\/\/ldpublicicdad.com\/?p=24063"},"modified":"2025-02-26T15:18:49","modified_gmt":"2025-02-26T15:18:49","slug":"harfuch-sedena-y-marina-se-reuniran-con-secretario-de-estado-de-eu","status":"publish","type":"post","link":"https:\/\/ldpublicicdad.com\/?p=24063","title":{"rendered":"Harfuch, Sedena y Marina se reunir\u00e1n con secretario de Estado de EU"},"content":{"rendered":"<p>\ud83d\udd38 El viaje de la delegaci\u00f3n mexicana se da a pocos d\u00edas de que se cumpla, a inicios de la pr\u00f3xima semana, el plazo otorgado por Trump para no imponer aranceles<\/p>\n<p>#NACIONAL | Los principales miembros del gabinete de seguridad del Gobierno mexicano se reunir\u00e1n el jueves en Washington con el secretario de Estado estadounidense, Marco Rubio, para buscar un acuerdo de coordinaci\u00f3n en esa \u00e1rea, dijo el mi\u00e9rcoles la presidenta Claudia Sheinbaum.<\/p>\n<p>El viaje de la delegaci\u00f3n mexicana se da a pocos d\u00edas de que se cumpla, a inicios de la pr\u00f3xima semana, el plazo otorgado por el presidente Donald Trump a M\u00e9xico y Canad\u00e1 para que den resultados en la lucha contra el tr\u00e1fico de droga, especialmente el fentanilo, para no imponer aranceles a sus productos.<\/p>\n<p>\u00abHan estado trabajando estos \u00faltimos d\u00edas para la comunicaci\u00f3n que estaba habiendo entre Estados Unidos y M\u00e9xico para buscar cerrar el acuerdo de coordinaci\u00f3n en el marco de nuestra soberan\u00eda\u00bb, dijo la mandataria.<\/p>\n<p>Sheinbaum detall\u00f3 que, con excepci\u00f3n de la secretaria de Gobernaci\u00f3n (Interior), en la delegaci\u00f3n estar\u00e1n el titular de Seguridad, Omar Garc\u00eda; de Relaciones Exteriores, Juan Ram\u00f3n de la Fuente; de Marina, Raymundo Morales; y de Defensa, Ricardo Trevilla; adem\u00e1s del fiscal general, Alejandro Gertz.<\/p>\n<p>Reuniones con EU se han intensificado: Sheinbaum<br \/>\nLos contactos entre autoridades de los dos pa\u00edses se han intensificado durante la semana, dijo la presidenta, que detall\u00f3 que est\u00e1 prevista tambi\u00e9n una reuni\u00f3n entre el secretario de Hacienda de M\u00e9xico, Rogelio Ram\u00edrez de la O, con el secretario de Comercio de Estados Unidos, Howard Lutnick, aunque no aclar\u00f3 si ser\u00eda presencial o virtual.<\/p>\n<p>La semana pasada, Lutnick recibi\u00f3 al secretario de Econom\u00eda mexicano, Marcelo Ebrard, para discutir sobre el plan arancelario de Trump, rechazado por M\u00e9xico, que ha advertido con imponer medidas espejo si se concreta.<\/p>\n","protected":false},"excerpt":{"rendered":"<p>\ud83d\udd38 El viaje de la delegaci\u00f3n mexicana se da a pocos d\u00edas de que se cumpla, a inicios de la pr\u00f3xima semana, el plazo otorgado por Trump para no imponer&hellip;<\/p>\n","protected":false},"author":1,"featured_media":24065,"comment_status":"open","ping_status":"closed","sticky":false,"template":"","format":"standard","meta":{"footnotes":""},"categories":[7],"tags":[],"class_list":["post-24063","post","type-post","status-publish","format-standard","has-post-thumbnail","hentry","category-nacional"],"_links":{"self":[{"href":"https:\/\/ldpublicicdad.com\/index.php?rest_route=\/wp\/v2\/posts\/24063","targetHints":{"allow":["GET"]}}],"collection":[{"href":"https:\/\/ldpublicicdad.com\/index.php?rest_route=\/wp\/v2\/posts"}],"about":[{"href":"https:\/\/ldpublicicdad.com\/index.php?rest_route=\/wp\/v2\/types\/post"}],"author":[{"embeddable":true,"href":"https:\/\/ldpublicicdad.com\/index.php?rest_route=\/wp\/v2\/users\/1"}],"replies":[{"embeddable":true,"href":"https:\/\/ldpublicicdad.com\/index.php?rest_route=%2Fwp%2Fv2%2Fcomments&post=24063"}],"version-history":[{"count":1,"href":"https:\/\/ldpublicicdad.com\/index.php?rest_route=\/wp\/v2\/posts\/24063\/revisions"}],"predecessor-version":[{"id":24064,"href":"https:\/\/ldpublicicdad.com\/index.php?rest_route=\/wp\/v2\/posts\/24063\/revisions\/24064"}],"wp:featuredmedia":[{"embeddable":true,"href":"https:\/\/ldpublicicdad.com\/index.php?rest_route=\/wp\/v2\/media\/24065"}],"wp:attachment":[{"href":"https:\/\/ldpublicicdad.com\/index.php?rest_route=%2Fwp%2Fv2%2Fmedia&parent=24063"}],"wp:term":[{"taxonomy":"category","embeddable":true,"href":"https:\/\/ldpublicicdad.com\/index.php?rest_route=%2Fwp%2Fv2%2Fcategories&post=24063"},{"taxonomy":"post_tag","embeddable":true,"href":"https:\/\/ldpublicicdad.com\/index.php?rest_route=%2Fwp%2Fv2%2Ftags&post=24063"}],"curies":[{"name":"wp","href":"https:\/\/api.w.org\/{rel}","templated":true}]}}