{"id":23711,"date":"2025-02-11T10:18:44","date_gmt":"2025-02-11T15:18:44","guid":{"rendered":"https:\/\/ldpublicicdad.com\/?p=23711"},"modified":"2025-02-11T15:18:46","modified_gmt":"2025-02-11T15:18:46","slug":"fernando-mercado-impulsa-la-red-de-productores-contrerenses-para-fortalecer-la-economia-local","status":"publish","type":"post","link":"https:\/\/ldpublicicdad.com\/?p=23711","title":{"rendered":"Fernando Mercado impulsa la Red de Productores Contrerenses para fortalecer la econom\u00eda local"},"content":{"rendered":"<p>\ud83d\udd38 El alcalde de Magdalena Contreras present\u00f3 una iniciativa para vincular a los productores locales con mercados clave de la CDMX, promoviendo pr\u00e1cticas regenerativas y apoyo de expertos<\/p>\n<p>#CDMX | El alcalde de la Magdalena Contreras, Fernando Mercado, present\u00f3 la Red de Productores Contrerenses, una iniciativa que busca fortalecer la producci\u00f3n local mediante el uso de pr\u00e1cticas regenerativas y la gesti\u00f3n empresarial.<\/p>\n<p>La red tiene como objetivo conectar a los productores de la demarcaci\u00f3n con mercados clave, incluyendo la industria restaurantera de la Ciudad de M\u00e9xico, lo que permitir\u00e1 mejorar el acceso a nuevos canales de distribuci\u00f3n y aumentar la demanda de productos locales.<\/p>\n<p>Durante su intervenci\u00f3n, Mercado destac\u00f3 la importancia de la sostenibilidad como motor de cambio y progreso para la econom\u00eda contrerense. \u00abLa transformaci\u00f3n lleg\u00f3 para impulsar la sustentabilidad y potenciar la econom\u00eda contrerense\u00bb, afirm\u00f3 el alcalde, quien destac\u00f3 que la implementaci\u00f3n de pr\u00e1cticas responsables con el medio ambiente es crucial para el desarrollo de la regi\u00f3n.<\/p>\n<p>En este proceso, la colaboraci\u00f3n con instituciones especializadas jugar\u00e1 un papel fundamental. El apoyo de Ect\u00e1gono, dirigido por Erica Valencia, y BIOS, liderado por Arnoldo Matus, ser\u00e1 clave para optimizar la cadena de suministro y reducir las emisiones de carbono. Ambas organizaciones brindar\u00e1n asesor\u00eda t\u00e9cnica y estrat\u00e9gica a los productores locales, con el fin de mejorar la eficiencia y minimizar el impacto ambiental de sus actividades.<\/p>\n<p>Con esta iniciativa, Fernando Mercado no solo busca apoyar a los productores de la Magdalena Contreras, sino tambi\u00e9n posicionar a la alcald\u00eda como un modelo de sostenibilidad y buenas pr\u00e1cticas empresariales dentro de la Ciudad de M\u00e9xico.<\/p>\n","protected":false},"excerpt":{"rendered":"<p>\ud83d\udd38 El alcalde de Magdalena Contreras present\u00f3 una iniciativa para vincular a los productores locales con mercados clave de la CDMX, promoviendo pr\u00e1cticas regenerativas y apoyo de expertos #CDMX |&hellip;<\/p>\n","protected":false},"author":1,"featured_media":23713,"comment_status":"open","ping_status":"closed","sticky":false,"template":"","format":"standard","meta":{"footnotes":""},"categories":[27],"tags":[],"class_list":["post-23711","post","type-post","status-publish","format-standard","has-post-thumbnail","hentry","category-cdmx"],"_links":{"self":[{"href":"https:\/\/ldpublicicdad.com\/index.php?rest_route=\/wp\/v2\/posts\/23711","targetHints":{"allow":["GET"]}}],"collection":[{"href":"https:\/\/ldpublicicdad.com\/index.php?rest_route=\/wp\/v2\/posts"}],"about":[{"href":"https:\/\/ldpublicicdad.com\/index.php?rest_route=\/wp\/v2\/types\/post"}],"author":[{"embeddable":true,"href":"https:\/\/ldpublicicdad.com\/index.php?rest_route=\/wp\/v2\/users\/1"}],"replies":[{"embeddable":true,"href":"https:\/\/ldpublicicdad.com\/index.php?rest_route=%2Fwp%2Fv2%2Fcomments&post=23711"}],"version-history":[{"count":1,"href":"https:\/\/ldpublicicdad.com\/index.php?rest_route=\/wp\/v2\/posts\/23711\/revisions"}],"predecessor-version":[{"id":23712,"href":"https:\/\/ldpublicicdad.com\/index.php?rest_route=\/wp\/v2\/posts\/23711\/revisions\/23712"}],"wp:featuredmedia":[{"embeddable":true,"href":"https:\/\/ldpublicicdad.com\/index.php?rest_route=\/wp\/v2\/media\/23713"}],"wp:attachment":[{"href":"https:\/\/ldpublicicdad.com\/index.php?rest_route=%2Fwp%2Fv2%2Fmedia&parent=23711"}],"wp:term":[{"taxonomy":"category","embeddable":true,"href":"https:\/\/ldpublicicdad.com\/index.php?rest_route=%2Fwp%2Fv2%2Fcategories&post=23711"},{"taxonomy":"post_tag","embeddable":true,"href":"https:\/\/ldpublicicdad.com\/index.php?rest_route=%2Fwp%2Fv2%2Ftags&post=23711"}],"curies":[{"name":"wp","href":"https:\/\/api.w.org\/{rel}","templated":true}]}}