{"id":2310,"date":"2020-11-27T01:05:03","date_gmt":"2020-11-27T01:05:03","guid":{"rendered":"http:\/\/alertarojaquintanaroo.com\/?p=2310"},"modified":"2020-11-27T01:05:03","modified_gmt":"2020-11-27T01:05:03","slug":"mujeres-exigen-fin-a-violencia-y-activan-planton-proaborto-en-quintana-roo","status":"publish","type":"post","link":"https:\/\/ldpublicicdad.com\/?p=2310","title":{"rendered":"Mujeres exigen fin a violencia y activan plant\u00f3n proaborto en Quintana Roo"},"content":{"rendered":"\n<p>Feministas volvieron a las calles de Canc\u00fan, Chetumal, Cozumel, Playa del Carmen y Felipe Carrillo Puerto de manera pac\u00edfica y separatista.<\/p>\n\n\n\n<p>Por tercera ocasi\u00f3n en menos de 30 d\u00edas y bajo un estricto \u201cprotocolo anti-infiltraci\u00f3n\u201d, miles de mujeres volvieron a salir a las principales calles de Canc\u00fan, Chetumal, Cozumel y Felipe Carrillo Puerto para exigir&nbsp;la aprobaci\u00f3n del aborto y el cese a los feminicidios en Quintana Roo. En 2020, 12 familias han sido v\u00edctimas de este flagelo. La mayor\u00eda acusa que no ha encontrado justicia en las instituciones de la entidad.<\/p>\n\n\n\n<p>A las 16:15 horas, las manifestantes comenzaron a congregarse frente al balc\u00f3n principal del Ayuntamiento de Benito Ju\u00e1rez. En ese lugar, las asistentes instalaron sobre la plancha de cemento una galer\u00eda de mujeres desaparecidas violentamente en los 11 municipios. Una guardia de Derechos Humanos y un grupo de mujeres polic\u00edas garantizaron su seguridad desde el primer momento.&nbsp;<\/p>\n\n\n\n<p>La marcha inici\u00f3 45 minutos despu\u00e9s sobre la vertebral Av. Tulum. La vanguardia extendi\u00f3 un bander\u00edn color violeta con la consigna \u201cQuintana Roo Feminicida\u201d para abrirse paso.&nbsp;<\/p>\n\n\n\n<p>Tras un breve trayecto, las inconformes tomaron la emblem\u00e1tica Glorieta del Ceviche. Al igual que en otras ocasiones, su fuente fue grafiteada con consignas feministas, nombres de v\u00edctimas y, esta vez, un centenar de zapatos rojos, mu\u00f1ecas y peluches fueron desplegados en el monumento en referencia a la violencia sexual y a las infancias.&nbsp;<\/p>\n\n\n\n<h2 class=\"wp-block-heading\"><strong>In\u00e9dito \u201cprotocolo anti-infiltraci\u00f3n\u201d<\/strong><\/h2>\n\n\n\n<p>All\u00ed ocurri\u00f3 un desencuentro con los periodistas que cubr\u00edan el evento. Tuvo que intervenir Derechos Humanos para desactivar un&nbsp;conato de violencia.<\/p>\n\n\n\n<p>\u201cEst\u00e1n poniendo reglas que no deben ser\u201d, expres\u00f3 la periodista Mar\u00eda Cristina de la Cruz al ver bloqueada la lente de su tel\u00e9fono celular al hacer su transmisi\u00f3n en vivo. \u201cQuieren poner l\u00edmites al ejercicio period\u00edstico. \u00bfDesde cuando se ponen l\u00edmites? Quieren pluralidad, libertad, pues que la practiquen\u201d.&nbsp;<\/p>\n\n\n\n<p>Sobre esta marcha pes\u00f3 la violencia y los heridos de bala que provocaron polic\u00edas estatales y anarquistas en las marchas del 9 y 15 de noviembre en Canc\u00fan, y cuyas im\u00e1genes dieron la vuelta al mundo.<\/p>\n\n\n\n<p>Por tal motivo, la Red Feminista Quintanarroense decidi\u00f3 acordonar con cintas amarillas al contigente e inform\u00f3 previamente que la identidad de las manifestantes deb\u00eda anonimizarse en fotos y videos si no daban su consentimiento para que su rostro sea captado por las c\u00e1maras.&nbsp;<\/p>\n\n\n\n<p>Adem\u00e1s, como parte de sus medidas de seguridad:<\/p>\n\n\n\n<ul class=\"wp-block-list\"><li>Sugiri\u00f3 trabajar en equipo al momento de registrar en foto y v\u00eddeo los acontecimientos.<\/li><li>Aclar\u00f3 que ninguna necesitaba \u201cacreditaci\u00f3n de un medio\u201d para videograbar y fotografiar<\/li><li>Solicit\u00f3 desactivar la geolocalizaci\u00f3n en videos y fotos<\/li><li>Pidi\u00f3 a todas no revelar su identidad o apariencia durante la marcha.<\/li><\/ul>\n\n\n\n<p>La movilizaci\u00f3n se dio en sentido inverso: parti\u00f3 de la Plaza de la Reforma, frente al Palacio Municipal, con direcci\u00f3n al malec\u00f3n Tajamar, el epicentro de la lucha ecologista cancunense en enero de 2016.<\/p>\n\n\n\n<p>De la Glorieta del Ceviche, la multitud se traslad\u00f3 hacia la Glorieta a Kukulk\u00e1n. Llegaron ah\u00ed a las 17:50 horas para sembrar en la jardiner\u00eda cruces rosas y letreros con frases machistas que se reproducen en los medios y la sociedad.&nbsp;<\/p>\n\n\n\n<p>El bloqueo de las actividades de periodistas contin\u00fao en esa parada.&nbsp;<\/p>\n\n\n\n<p>Paola Chiomante, fotoperiodista de Novedades, report\u00f3 en v\u00eddeo el acoso de una manifestante.<\/p>\n\n\n\n<p>\u201cEntre nosotras, entre mujeres, las cosas no se permiten. Estoy grabando algo que es hist\u00f3rico, estamos luchando por nuestra libertad, por nuestros derechos y, entre mujeres, me tapan la imagen que estoy grabando, que es mi trabajo\u201d, inform\u00f3 mientras una participante bloqueaba su lente con un botell\u00f3n de agua.&nbsp;<\/p>\n\n\n\n<p>Tras varios episodios de este tipo, las organizadoras y los medios de comunicaci\u00f3n llegaron a un acuerdo para que la cobertura del acto se diera sin violencia ni presiones.<\/p>\n\n\n\n<h2 class=\"wp-block-heading\"><strong>Inicia plant\u00f3n feminista para despenalizar el aborto<\/strong><\/h2>\n\n\n\n<p>Del Kil\u00f3metro Cero de la zona hotelera de Canc\u00fan, la movilizaci\u00f3n pac\u00edfica y separatista parti\u00f3 sobre la avenida Bonampak hacia Malec\u00f3n Tajamar, \u00faltima estaci\u00f3n de hoy, D\u00eda Internacional de la Eliminaci\u00f3n de la Violencia contra la Mujer.<\/p>\n\n\n\n<p>En el epicentro de la lucha ecologista local, las mujeres instalaron un \u201ctendedero de denuncias\u201d a la voz de \u201cacciones, no simulaciones\u201d.<\/p>\n\n\n\n<p>En ese momento se inform\u00f3 que la noche de hoy iniciar\u00eda en Chetumal un plant\u00f3n feminista para despenalizar el aborto en Quintana Roo.<\/p>\n\n\n\n<p>\u201cUna de las formas con la que el estado sigue oprimi\u00e9ndonos, ejerciendo violencia, es a partir de no garantizar nuestro derecho a decidir. Si no tenemos derecho a decidir sobre nuestro cuerpo, que es nuestro primer territorio, \u00bfsobre qu\u00e9 podemos decidir?\u201d, expres\u00f3 Yunitzilim Rodriguez, integrante de la Red Feminista Quintanarroense.&nbsp;<\/p>\n\n\n\n<p>Seg\u00fan la activista, la ocupaci\u00f3n de la plazoleta del Congreso del Estado no cesar\u00e1 hasta que sea despenalizado el aborto en el estado. A esta acci\u00f3n, todas las feministas del estado, M\u00e9xico y otros pa\u00edses est\u00e1n invitadas. \u201cHemos hecho de todo. Ya estamos hartas\u201d.<\/p>\n\n\n\n<p>En la \u00faltima estaci\u00f3n de la movilizaci\u00f3n pac\u00edfica y separatista de hoy, la&nbsp; Red Feminista Quintanarroense socializ\u00f3 el Pliego Petitorio que entreg\u00f3 por escrito al gobernador Carlos Joaqu\u00edn el pasado 17 de noviembre. En \u00e9l, destacan:<\/p>\n\n\n\n<ul class=\"wp-block-list\"><li>Investigar a Alberto Capella Ibarra, ex secretario de Seguridad P\u00fablica de Quintana Roo<\/li><li>Destituci\u00f3n de Guadalupe Reyes Pinz\u00f3n, Fiscal Especializada en Delitos Sexuales<\/li><li>Capacitar a los medios de comunicaci\u00f3n en materia de perspectiva de g\u00e9nero<\/li><li>Creaci\u00f3n del tipo penal de Feminicidio Infantil y Trans Feminicidio<\/li><li>Despenalizar el aborto<\/li><li>Publicar un padr\u00f3n de agresores sexuales en Quintana Roo<\/li><li>Penalizar el acoso callejero y crear la ley para la autodefensa feminista<\/li><li>Alto a la criminalizaci\u00f3n de las protestas feministas&nbsp;<\/li><li>Transparentar y fiscalizar en 2021 el presupuesto con perspectiva de g\u00e9nero<\/li><li>D\u00eda Internacional de la Eliminaci\u00f3n de la Violencia contra la Mujer<\/li><li>Crear un \u00f3rgano aut\u00f3nomo para evaluar a la Fiscal\u00eda General de Justicia<\/li><li>Reestructuraci\u00f3n org\u00e1nica de los Centros de Justicias para las mujeres<\/li><\/ul>\n\n\n\n<p>La marcha de este 25 de noviembre concluy\u00f3 con un concierto masivo en Tajamar a cargo del grupo Voces con Causa, los que interpretaron canciones de lucha que la audiencia.<\/p>\n\n\n\n<p>Seg\u00fan la informaci\u00f3n oficial, en la jornada no se reportaron actos de violencia, da\u00f1os a propiedad privada y acoso contra las manifestantes.&nbsp;<\/p>\n\n\n\n<h2 class=\"wp-block-heading\"><strong>Protestan en Felipe Carrillo Puerto, Chetumal, Cozumel, Playa del Carmen&nbsp;<\/strong><\/h2>\n\n\n\n<p>Las protestas de hoy se reprodujeron tambi\u00e9n en las principales ciudades de Quintana Roo. Estas son las im\u00e1genes de su lucha:&nbsp;<\/p>\n","protected":false},"excerpt":{"rendered":"<p>Feministas volvieron a las calles de Canc\u00fan, Chetumal, Cozumel, Playa del Carmen y Felipe Carrillo Puerto de manera pac\u00edfica y separatista. Por tercera ocasi\u00f3n en menos de 30 d\u00edas y&hellip;<\/p>\n","protected":false},"author":1,"featured_media":2311,"comment_status":"open","ping_status":"closed","sticky":false,"template":"","format":"standard","meta":{"footnotes":""},"categories":[3],"tags":[],"class_list":["post-2310","post","type-post","status-publish","format-standard","has-post-thumbnail","hentry","category-deportes"],"_links":{"self":[{"href":"https:\/\/ldpublicicdad.com\/index.php?rest_route=\/wp\/v2\/posts\/2310","targetHints":{"allow":["GET"]}}],"collection":[{"href":"https:\/\/ldpublicicdad.com\/index.php?rest_route=\/wp\/v2\/posts"}],"about":[{"href":"https:\/\/ldpublicicdad.com\/index.php?rest_route=\/wp\/v2\/types\/post"}],"author":[{"embeddable":true,"href":"https:\/\/ldpublicicdad.com\/index.php?rest_route=\/wp\/v2\/users\/1"}],"replies":[{"embeddable":true,"href":"https:\/\/ldpublicicdad.com\/index.php?rest_route=%2Fwp%2Fv2%2Fcomments&post=2310"}],"version-history":[{"count":0,"href":"https:\/\/ldpublicicdad.com\/index.php?rest_route=\/wp\/v2\/posts\/2310\/revisions"}],"wp:featuredmedia":[{"embeddable":true,"href":"https:\/\/ldpublicicdad.com\/index.php?rest_route=\/wp\/v2\/media\/2311"}],"wp:attachment":[{"href":"https:\/\/ldpublicicdad.com\/index.php?rest_route=%2Fwp%2Fv2%2Fmedia&parent=2310"}],"wp:term":[{"taxonomy":"category","embeddable":true,"href":"https:\/\/ldpublicicdad.com\/index.php?rest_route=%2Fwp%2Fv2%2Fcategories&post=2310"},{"taxonomy":"post_tag","embeddable":true,"href":"https:\/\/ldpublicicdad.com\/index.php?rest_route=%2Fwp%2Fv2%2Ftags&post=2310"}],"curies":[{"name":"wp","href":"https:\/\/api.w.org\/{rel}","templated":true}]}}