{"id":22672,"date":"2024-12-10T11:45:31","date_gmt":"2024-12-10T16:45:31","guid":{"rendered":"https:\/\/ldpublicicdad.com\/?p=22672"},"modified":"2024-12-10T16:45:33","modified_gmt":"2024-12-10T16:45:33","slug":"julio-cesar-chavez-manda-mensaje-a-los-carteles-de-sinaloa-con-todo-respeto-paren-las-masacres","status":"publish","type":"post","link":"https:\/\/ldpublicicdad.com\/?p=22672","title":{"rendered":"Julio C\u00e9sar Ch\u00e1vez manda mensaje a los c\u00e1rteles de Sinaloa; \u00abCon todo respeto, paren las masacres\u00bb"},"content":{"rendered":"<p>\ud83d\udd38 El hist\u00f3rico boxeador lament\u00f3 que la gente de Culiac\u00e1n sufra por los conflictos entre grupos armados<\/p>\n<p>#DEPORTES | Culiac\u00e1n, Sinaloa se encuentra con momentos complicados, ya que desde hace meses se han registrado distintos hechos violentos tras la detenci\u00f3n de Ismael &#8216;Mayo&#8217; Zambada por autoridades estadounidense, al respecto el exboxeador Julio C\u00e9sar Ch\u00e1vez hizo una petici\u00f3n.<\/p>\n<p>El &#8216;Gran Campe\u00f3n Mexicano&#8217; mand\u00f3 un mensaje a los grupos que han protagonizado balaceras en aquella zona del pa\u00eds.<\/p>\n<p>\u00abLe pido a todos los c\u00e1rteles, que ya paren por favor, porque est\u00e1 entrenando mucha gente de otros estados a robar, a saquear y a cometer cosas il\u00edcitas, entonces le pido a todos los c\u00e1rteles, con todo respeto, a los dos c\u00e1rteles que se est\u00e1n peleando, por favor, que lo hagan por Sinaloa\u00bb, mencion\u00f3 en una charla con los medios.<\/p>\n<p>Ch\u00e1vez es uno de las figuras m\u00e1s conocidas de Sinaloa, pese a se originario de Ciudad Obreg\u00f3n, Sonora, su carrera deportiva se desarroll\u00f3 m\u00e1s en Culiac\u00e1n.<\/p>\n<p>Justo en esa ciudad existe un conflicto armado entre los grupos denominados Chapitos y Mayiza, Julio C\u00e9sar Ch\u00e1vez no mencion\u00f3 ninguno de estos nombres, les reiter\u00f3 la petici\u00f3n.<\/p>\n<p>\u00abLe pido a todos, a todo Culiac\u00e1n, que por favor que paren, que paren estas masacres, que paren porque Sinaloa es un estado muy bonito, la gente es muy bonita, muy buena y muy trabajadora\u00bb, a\u00f1adi\u00f3 el excampe\u00f3n mundial.<\/p>\n<p>Julio recientemente particip\u00f3 en el programa Hoy para apoyar a su hija, quien forma parte de un concurso en el matutino de Televisa, mientras que el fin de semana estuvo con Azteca Deportes analizando la pelea entre \u00d3scar Valdez y Emanuel Navarrete.<\/p>\n","protected":false},"excerpt":{"rendered":"<p>\ud83d\udd38 El hist\u00f3rico boxeador lament\u00f3 que la gente de Culiac\u00e1n sufra por los conflictos entre grupos armados #DEPORTES | Culiac\u00e1n, Sinaloa se encuentra con momentos complicados, ya que desde hace&hellip;<\/p>\n","protected":false},"author":1,"featured_media":22674,"comment_status":"open","ping_status":"closed","sticky":false,"template":"","format":"standard","meta":{"footnotes":""},"categories":[3],"tags":[],"class_list":["post-22672","post","type-post","status-publish","format-standard","has-post-thumbnail","hentry","category-deportes"],"_links":{"self":[{"href":"https:\/\/ldpublicicdad.com\/index.php?rest_route=\/wp\/v2\/posts\/22672","targetHints":{"allow":["GET"]}}],"collection":[{"href":"https:\/\/ldpublicicdad.com\/index.php?rest_route=\/wp\/v2\/posts"}],"about":[{"href":"https:\/\/ldpublicicdad.com\/index.php?rest_route=\/wp\/v2\/types\/post"}],"author":[{"embeddable":true,"href":"https:\/\/ldpublicicdad.com\/index.php?rest_route=\/wp\/v2\/users\/1"}],"replies":[{"embeddable":true,"href":"https:\/\/ldpublicicdad.com\/index.php?rest_route=%2Fwp%2Fv2%2Fcomments&post=22672"}],"version-history":[{"count":1,"href":"https:\/\/ldpublicicdad.com\/index.php?rest_route=\/wp\/v2\/posts\/22672\/revisions"}],"predecessor-version":[{"id":22673,"href":"https:\/\/ldpublicicdad.com\/index.php?rest_route=\/wp\/v2\/posts\/22672\/revisions\/22673"}],"wp:featuredmedia":[{"embeddable":true,"href":"https:\/\/ldpublicicdad.com\/index.php?rest_route=\/wp\/v2\/media\/22674"}],"wp:attachment":[{"href":"https:\/\/ldpublicicdad.com\/index.php?rest_route=%2Fwp%2Fv2%2Fmedia&parent=22672"}],"wp:term":[{"taxonomy":"category","embeddable":true,"href":"https:\/\/ldpublicicdad.com\/index.php?rest_route=%2Fwp%2Fv2%2Fcategories&post=22672"},{"taxonomy":"post_tag","embeddable":true,"href":"https:\/\/ldpublicicdad.com\/index.php?rest_route=%2Fwp%2Fv2%2Ftags&post=22672"}],"curies":[{"name":"wp","href":"https:\/\/api.w.org\/{rel}","templated":true}]}}