{"id":22614,"date":"2024-12-07T23:25:11","date_gmt":"2024-12-08T04:25:11","guid":{"rendered":"https:\/\/ldpublicicdad.com\/?p=22614"},"modified":"2024-12-08T04:25:24","modified_gmt":"2024-12-08T04:25:24","slug":"eugenio-derbez-lanza-fuertes-criticas-a-selena-gomez-por-su-actuacion-y-causa-polemica","status":"publish","type":"post","link":"https:\/\/ldpublicicdad.com\/?p=22614","title":{"rendered":"Eugenio Derbez lanza fuertes cr\u00edticas a Selena G\u00f3mez por su actuaci\u00f3n y causa pol\u00e9mica"},"content":{"rendered":"<p>\ud83d\udd38 Los usuarios tachan de hip\u00f3crita a Derbez por criticar a la actriz por no hablar bien espa\u00f1ol.<\/p>\n<p>#ESPECT\u00c1CULOS | Eugenio Derbez se encuentra en el ojo del hurac\u00e1n tras criticar a una de las celebridades m\u00e1s queridas, Selena G\u00f3mez. Pues recientemente la actriz particip\u00f3 en la pel\u00edcula Emilia P\u00e9rez, donde interpreta el papel de una latina.<\/p>\n<p>El filme fue dirigido por\u00a0Jacques Audiard y relata, a modo de m\u00fasical, la historia de un narcotraficante mexicano que transiciona al sexo femenino. Selena G\u00f3mez le dio vida a Jessi del Monte. Sin embargo, eso no puso feliz al comediante mexicano.<\/p>\n<p>De acuerdo con Derbez, la actuaci\u00f3n de Selena no refleja de manera adecuada la cultura latina y a pesar de que la actriz tiene ascendencia mexicana y hondure\u00f1a por parte de su padre, no da el talle para interpretar el papel.<\/p>\n<p>Recientemente, Eugenio Derbez particip\u00f3 en una entrevista con Gaby Meza, una youtuber conocida por su canal\u00a0Fuera de Foco, en donde comparte su opini\u00f3n sobre tomas relacionados con la cinematograf\u00eda.<\/p>\n<p>El actor comenz\u00f3 a hablar de la actuaci\u00f3n de la cantante de Who Says, y a pesar de que dijeron varios puntos a favor de la pel\u00edcula y comentaron que la actuaci\u00f3n de Zoe Salda\u00f1a era \u00abpasable\u00bb, el actor describi\u00f3 la actualizaci\u00f3n de Selena como \u00abindefendible\u00bb.<\/p>\n<p>\u00abYo estaba ah\u00ed con gente que, nos volteamos a ver cada vez que ven\u00eda una escena nos volte\u00e1bamos a ver, como a decir wow, \u00bfqu\u00e9 es esto?\u00bb, expres\u00f3.<\/p>\n<p>Al parecer, al comediante no le pareci\u00f3 apropiado la selecci\u00f3n de cast para la pel\u00edcula, pues no cree que solo porque una gran actriz tenga sangre latina, significa que puede interpretar de manera correcta al personaje. Y que esto representar\u00eda la falta de conocimiento cultural por parte del director (franc\u00e9s) al momento de crear la pel\u00edcula.<\/p>\n<p>Al respecto, Meza estuvo de acuerdo con Derbez y agreg\u00f3 que la actuaci\u00f3n de Selena carec\u00eda de matices debido a que la actriz no tiene el espa\u00f1ol como segunda lengua, por lo que no puede interpretar bien su papel.<\/p>\n","protected":false},"excerpt":{"rendered":"<p>\ud83d\udd38 Los usuarios tachan de hip\u00f3crita a Derbez por criticar a la actriz por no hablar bien espa\u00f1ol. #ESPECT\u00c1CULOS | Eugenio Derbez se encuentra en el ojo del hurac\u00e1n tras&hellip;<\/p>\n","protected":false},"author":1,"featured_media":22616,"comment_status":"open","ping_status":"closed","sticky":false,"template":"","format":"standard","meta":{"footnotes":""},"categories":[4],"tags":[],"class_list":["post-22614","post","type-post","status-publish","format-standard","has-post-thumbnail","hentry","category-espectaculos"],"_links":{"self":[{"href":"https:\/\/ldpublicicdad.com\/index.php?rest_route=\/wp\/v2\/posts\/22614","targetHints":{"allow":["GET"]}}],"collection":[{"href":"https:\/\/ldpublicicdad.com\/index.php?rest_route=\/wp\/v2\/posts"}],"about":[{"href":"https:\/\/ldpublicicdad.com\/index.php?rest_route=\/wp\/v2\/types\/post"}],"author":[{"embeddable":true,"href":"https:\/\/ldpublicicdad.com\/index.php?rest_route=\/wp\/v2\/users\/1"}],"replies":[{"embeddable":true,"href":"https:\/\/ldpublicicdad.com\/index.php?rest_route=%2Fwp%2Fv2%2Fcomments&post=22614"}],"version-history":[{"count":1,"href":"https:\/\/ldpublicicdad.com\/index.php?rest_route=\/wp\/v2\/posts\/22614\/revisions"}],"predecessor-version":[{"id":22615,"href":"https:\/\/ldpublicicdad.com\/index.php?rest_route=\/wp\/v2\/posts\/22614\/revisions\/22615"}],"wp:featuredmedia":[{"embeddable":true,"href":"https:\/\/ldpublicicdad.com\/index.php?rest_route=\/wp\/v2\/media\/22616"}],"wp:attachment":[{"href":"https:\/\/ldpublicicdad.com\/index.php?rest_route=%2Fwp%2Fv2%2Fmedia&parent=22614"}],"wp:term":[{"taxonomy":"category","embeddable":true,"href":"https:\/\/ldpublicicdad.com\/index.php?rest_route=%2Fwp%2Fv2%2Fcategories&post=22614"},{"taxonomy":"post_tag","embeddable":true,"href":"https:\/\/ldpublicicdad.com\/index.php?rest_route=%2Fwp%2Fv2%2Ftags&post=22614"}],"curies":[{"name":"wp","href":"https:\/\/api.w.org\/{rel}","templated":true}]}}