{"id":22069,"date":"2024-11-11T11:10:09","date_gmt":"2024-11-11T16:10:09","guid":{"rendered":"https:\/\/ldpublicicdad.com\/?p=22069"},"modified":"2024-11-11T16:10:11","modified_gmt":"2024-11-11T16:10:11","slug":"ale-capetillo-hija-de-eduardo-capetillo-y-biby-gaytan-revela-fecha-y-donde-sera-su-boda-con-nader-shoueiry","status":"publish","type":"post","link":"https:\/\/ldpublicicdad.com\/?p=22069","title":{"rendered":"Ale Capetillo, hija de Eduardo Capetillo y Biby Gayt\u00e1n, revela fecha y d\u00f3nde ser\u00e1 su boda con Nader Shoueiry"},"content":{"rendered":"<p>\ud83d\udd38 La noticia ha despertado emoci\u00f3n en su c\u00edrculo cercano y entre sus seguidores, quienes han acompa\u00f1ado de cerca la historia de amor que surgi\u00f3 en la capital espa\u00f1ola<\/p>\n<p>#ESPECT\u00c1CULOS | En julio de este a\u00f1o, la influencer y modelo Alejandra Capetillo Gayt\u00e1n, hija de Eduardo Capetillo y Biby Gayt\u00e1n, comparti\u00f3 que se hab\u00eda comprometido con Nader Shoueiry. La pareja hizo p\u00fablica la noticia en redes sociales, donde Alejandra expres\u00f3 su emoci\u00f3n con un breve mensaje: \u201ccorta en palabras, pero con el s\u00ed en grande\u201d, junto a un video del momento.<\/p>\n<p>Al estar residiendo en Madrid, Espa\u00f1a, Ale recibi\u00f3 las felicitaciones de su familia a distancia. Su hermano, Eduardo Capetillo Gayt\u00e1n, fue de los primeros en celebrar la ocasi\u00f3n con el mensaje \u201cse viene bodorrio\u201d.<\/p>\n<p>Los padres de Ale, a pesar de la distancia, tambi\u00e9n compartieron la alegr\u00eda de su hija. En historias de Instagram, la influencer mostr\u00f3 c\u00f3mo su familia fue testigo de la propuesta a trav\u00e9s de una videollamada, publicando una imagen en la que aparece con sus padres y la frase \u201cMom and dad\u201d.<\/p>\n<p>Por su parte, en algunas entrevistas los exintegrantes de Timbiriche mencionaron que estaban emocionados por el compromiso de su hija y Biby Gayt\u00e1n asegur\u00f3 que est\u00e1 lista para ser abuela.<\/p>\n<p>Despu\u00e9s de casi cinco meses de compromiso, Alejandra y Nader confirmaron el d\u00eda en que celebrar\u00e1n su matrimonio. En un video compartido en redes sociales, la pareja inform\u00f3 que su boda tendr\u00e1 lugar el 24 de mayo de 2025 en M\u00e9xico.<\/p>\n<p>Te recomendamos: Eduardo Capetillo llora al hablar del compromiso de su hija; Biby Gayt\u00e1n est\u00e1 lista para ser abuela<\/p>\n<p>La noticia ha generado expectativa entre los seguidores de Alejandra, quienes han estado atentos a los avances de su relaci\u00f3n y los detalles de su pr\u00f3xima boda.<\/p>\n<p>Hasta hace unas horas se desconoc\u00eda si Ale Capetillo se casar\u00eda en Madrid, ciudad en la que reside desde hace m\u00e1s de tresa\u00f1os, o viajar\u00eda a M\u00e9xico para dar el s\u00ed frente al altar.<\/p>\n<p>Nader Shoueiry, de 36 a\u00f1os y con ra\u00edces libanesas, es un profesional en econom\u00eda y finanzas que ha construido una destacada carrera. Se gradu\u00f3 en 2006 en Comercio y Econom\u00eda por la Universidad de Concordia en Canad\u00e1.<\/p>\n<p>Actualmente, Nader desempe\u00f1a el rol de gerente de desarrollo de socios en Amazon, con sede en Madrid, una posici\u00f3n que refleja su experiencia en el \u00e1mbito de negocios y tecnolog\u00eda.<\/p>\n<p>Adem\u00e1s de su faceta profesional, Nader destaca por su compromiso con diversas causas sociales. Es un defensor de iniciativas como la protecci\u00f3n animal, el acceso a la educaci\u00f3n, la promoci\u00f3n de la salud, y el desarrollo tecnol\u00f3gico y cient\u00edfico.<\/p>\n<p>A nivel personal, Nader es triling\u00fce y domina el ingl\u00e9s, franc\u00e9s y \u00e1rabe, aunque no habla espa\u00f1ol.<\/p>\n<p>La relaci\u00f3n entre Ale Capetillo y Nader<br \/>\nAlejandra, quien reside en Madrid desde hace m\u00e1s de tres a\u00f1os para continuar con sus estudios, conoci\u00f3 a Nader en esta ciudad. En 2022, ambos se encontraron en un bar, y posteriormente, comenzaron a coincidir en reuniones con amigos.<\/p>\n<p>Con el tiempo, y a pesar de la diferencia de edad de 12 a\u00f1os entre ambos, la relaci\u00f3n creci\u00f3 y se fortaleci\u00f3. Alejandra ha compartido algunos detalles de su historia en redes sociales, permitiendo a sus seguidores ver c\u00f3mo esta conexi\u00f3n fue evolucionando hasta llegar al compromiso en julio.<\/p>\n","protected":false},"excerpt":{"rendered":"<p>\ud83d\udd38 La noticia ha despertado emoci\u00f3n en su c\u00edrculo cercano y entre sus seguidores, quienes han acompa\u00f1ado de cerca la historia de amor que surgi\u00f3 en la capital espa\u00f1ola #ESPECT\u00c1CULOS&hellip;<\/p>\n","protected":false},"author":1,"featured_media":22071,"comment_status":"open","ping_status":"closed","sticky":false,"template":"","format":"standard","meta":{"footnotes":""},"categories":[4],"tags":[],"class_list":["post-22069","post","type-post","status-publish","format-standard","has-post-thumbnail","hentry","category-espectaculos"],"_links":{"self":[{"href":"https:\/\/ldpublicicdad.com\/index.php?rest_route=\/wp\/v2\/posts\/22069","targetHints":{"allow":["GET"]}}],"collection":[{"href":"https:\/\/ldpublicicdad.com\/index.php?rest_route=\/wp\/v2\/posts"}],"about":[{"href":"https:\/\/ldpublicicdad.com\/index.php?rest_route=\/wp\/v2\/types\/post"}],"author":[{"embeddable":true,"href":"https:\/\/ldpublicicdad.com\/index.php?rest_route=\/wp\/v2\/users\/1"}],"replies":[{"embeddable":true,"href":"https:\/\/ldpublicicdad.com\/index.php?rest_route=%2Fwp%2Fv2%2Fcomments&post=22069"}],"version-history":[{"count":1,"href":"https:\/\/ldpublicicdad.com\/index.php?rest_route=\/wp\/v2\/posts\/22069\/revisions"}],"predecessor-version":[{"id":22070,"href":"https:\/\/ldpublicicdad.com\/index.php?rest_route=\/wp\/v2\/posts\/22069\/revisions\/22070"}],"wp:featuredmedia":[{"embeddable":true,"href":"https:\/\/ldpublicicdad.com\/index.php?rest_route=\/wp\/v2\/media\/22071"}],"wp:attachment":[{"href":"https:\/\/ldpublicicdad.com\/index.php?rest_route=%2Fwp%2Fv2%2Fmedia&parent=22069"}],"wp:term":[{"taxonomy":"category","embeddable":true,"href":"https:\/\/ldpublicicdad.com\/index.php?rest_route=%2Fwp%2Fv2%2Fcategories&post=22069"},{"taxonomy":"post_tag","embeddable":true,"href":"https:\/\/ldpublicicdad.com\/index.php?rest_route=%2Fwp%2Fv2%2Ftags&post=22069"}],"curies":[{"name":"wp","href":"https:\/\/api.w.org\/{rel}","templated":true}]}}