{"id":21827,"date":"2024-10-29T12:37:08","date_gmt":"2024-10-29T17:37:08","guid":{"rendered":"https:\/\/ldpublicicdad.com\/?p=21827"},"modified":"2024-10-29T17:37:10","modified_gmt":"2024-10-29T17:37:10","slug":"el-vaticano-pide-agilizar-destituciones-de-sacerdotes-acusados-de-abuso","status":"publish","type":"post","link":"https:\/\/ldpublicicdad.com\/?p=21827","title":{"rendered":"El Vaticano pide agilizar destituciones de sacerdotes acusados de abuso"},"content":{"rendered":"<p>\ud83d\udd38 En abril de 2022, el papa Francisco pidi\u00f3 un informe a esta comisi\u00f3n para tener informaci\u00f3n \u00abfiable de lo que ocurre y de lo que debe cambiar\u00bb<\/p>\n<p>El Vaticano public\u00f3 este martes su primer informe sobre la protecci\u00f3n de menores en la Iglesia, en el que pide agilizar la destituci\u00f3n de sacerdotes acusados de abusos sexuales y mejorar el acompa\u00f1amiento de las v\u00edctimas. La Comisi\u00f3n Pontificia para la Protecci\u00f3n de Menores, \u00f3rgano consultivo creado en 2014 por Francisco, debe en principio presentar cada a\u00f1o un informe sobre el tema.<\/p>\n<p>Presentado como una \u00abprimera etapa\u00bb, este esperado informe \u00abdocumenta los riesgos que sigue habiendo y los avances que se pueden hacer en los esfuerzos de la Iglesia para proteger a los ni\u00f1os y a los adultos vulnerables\u00bb, indic\u00f3 la Comisi\u00f3n el viernes. En abril de 2022, el papa, al frente de una comunidad de mil 400 millones de cat\u00f3licos, pidi\u00f3 un informe a esta comisi\u00f3n para tener informaci\u00f3n \u00abfiable de lo que ocurre y de lo que debe cambiar\u00bb.<\/p>\n<p>Los miembros de la comisi\u00f3n, nombrados directamente por el papa, son expertos religiosos y laicos en diversos \u00e1mbitos relacionados con la protecci\u00f3n de las personas, como la educaci\u00f3n, el derecho, la psicolog\u00eda, la psiquiatr\u00eda o los Derechos Humanos. La instancia fue integrada en 2022 en la Curia, pero ha sido objeto de duras cr\u00edticas.<\/p>\n<p>\u00abVerdad, justicia, reparaciones y reformas institucionales deben servir como punto de referencia y fundamento de nuestro trabajo\u00bb, indic\u00f3 en el informe el presidente de la comisi\u00f3n, el cardenal Sean O&#8217;Malley.<\/p>\n<p>Tras consultar a l\u00edderes religiosos y fieles en varios continentes, la comisi\u00f3n constat\u00f3 que la m\u00e1xima prioridad es la exigencia de las v\u00edctimas de acceder a \u00abla verdad\u00bb. La Iglesia debe \u00abestudiar medidas que garanticen a todos el derecho a la informaci\u00f3n\u00bb, en particular \u00absobre las circunstancias y responsabilidades\u00bb, indic\u00f3 el \u00f3rgano.<\/p>\n<p>La v\u00edctima necesita saber, por ejemplo, qu\u00e9 ha sido de su agresor, si no se lo va a encontrar en su parroquia local, en misa o en clases de catequesis. Para ello, la comisi\u00f3n sugiere crear una suerte de defensor del pueblo. Tambi\u00e9n propone crear una \u00abdefinici\u00f3n m\u00e1s uniforme de la vulnerabilidad\u00bb extrayendo ense\u00f1anzas de los testimonios de las v\u00edctimas.<\/p>\n<p>En el marco de las auditor\u00edas, una de las v\u00edctimas se mostr\u00f3 sorprendida de que \u00abla parte menos extenuante de todo el proceso fuera la agresi\u00f3n\u00bb. \u00abLo realmente terrible es cuando te atreves a denunciar, momento en el que el mundo empieza a derrumbarse sobre ti\u00bb, lament\u00f3.<\/p>\n<p>La comisi\u00f3n tambi\u00e9n considera necesario agilizar \u00ablos procedimientos de destituci\u00f3n\u00bb de los responsables eclesi\u00e1sticos acusados en casos de pedocriminalidad. El informe indica que el proceso debe realizarse \u00abcuando est\u00e9 justificado\u00bb, pero no precisa si tiene que abrirse en caso de sospechas y denuncias o al final de un proceso judicial, sea can\u00f3nico o civil.<\/p>\n<p>Todos estos esfuerzos, resalt\u00f3 la comisi\u00f3n, con importantes disparidades en las percepciones culturales dentro de las sociedades y dentro de la propia instituci\u00f3n, obst\u00e1culos administrativos y falta de formaci\u00f3n. En \u00c1frica, por ejemplo, la comisi\u00f3n constat\u00f3 que \u00abla cultura de la protecci\u00f3n es un concepto nuevo\u00bb, que requiere \u00absensibilizaci\u00f3n, informaci\u00f3n, formaci\u00f3n y desarrollo de competencias\u00bb.<\/p>\n<p>En M\u00e9xico, en cambio, \u00abimportantes barreras culturales\u00bb se interponen al imperativo de denunciar la violencia sexual y, por tanto, \u00abconstituyen un claro obst\u00e1culo al proceso de justicia\u00bb.<\/p>\n<p>Desde que fue nombrado en 2013, Francisco ha impulsado varias medidas contra la lacra de las violencias sexuales: eliminaci\u00f3n del secreto pontificio, obligaci\u00f3n de comunicar cualquier sospecha de agresi\u00f3n sexual o acoso, cualquier intento de tapar un incidente por parte de la jerarqu\u00eda, enmienda de las sanciones penales.<\/p>\n<p>Pero las asociaciones de v\u00edctimas consideran que las acciones emprendidas siguen siendo insuficientes, y critican que el clero no est\u00e9 obligado a denunciar eventuales delitos ante la justicia civil, salvo si las leyes del pa\u00eds as\u00ed lo estipulan. En cualquier caso, el secreto de confesi\u00f3n sigue siendo total.<\/p>\n<p>\u00abSe debe poner en marcha una verdadera tolerancia cero en todo el mundo\u00bb, dijo en abril a AFP Anne Barret Doyle, codirectora de la oeneg\u00e9 estadounidense Bishop Accountability, que documenta casos de violencia sexual dentro de la Iglesia. Seg\u00fan ella, cualquier cura \u00abacusado de forma cre\u00edble de haber agredido a un ni\u00f1o o a un adulto debe ser excluido definitivamente del ministerio p\u00fablico\u00bb.<\/p>\n<p>Otra prioridad ser\u00eda, afirma, \u00abpublicar los nombres y los detalles de los casos de sacerdotes que la Comisi\u00f3n juzgue culpables de agresi\u00f3n sexual\u00bb.<\/p>\n<p>\u00abLa responsabilidad empieza por divulgar la informaci\u00f3n\u00bb, agreg\u00f3, considerando que \u00abel papa Francisco demostr\u00f3 una aversi\u00f3n total por la transparencia\u00bb.<\/p>\n","protected":false},"excerpt":{"rendered":"<p>\ud83d\udd38 En abril de 2022, el papa Francisco pidi\u00f3 un informe a esta comisi\u00f3n para tener informaci\u00f3n \u00abfiable de lo que ocurre y de lo que debe cambiar\u00bb El Vaticano&hellip;<\/p>\n","protected":false},"author":1,"featured_media":21829,"comment_status":"open","ping_status":"closed","sticky":false,"template":"","format":"standard","meta":{"footnotes":""},"categories":[5],"tags":[],"class_list":["post-21827","post","type-post","status-publish","format-standard","has-post-thumbnail","hentry","category-internacional"],"_links":{"self":[{"href":"https:\/\/ldpublicicdad.com\/index.php?rest_route=\/wp\/v2\/posts\/21827","targetHints":{"allow":["GET"]}}],"collection":[{"href":"https:\/\/ldpublicicdad.com\/index.php?rest_route=\/wp\/v2\/posts"}],"about":[{"href":"https:\/\/ldpublicicdad.com\/index.php?rest_route=\/wp\/v2\/types\/post"}],"author":[{"embeddable":true,"href":"https:\/\/ldpublicicdad.com\/index.php?rest_route=\/wp\/v2\/users\/1"}],"replies":[{"embeddable":true,"href":"https:\/\/ldpublicicdad.com\/index.php?rest_route=%2Fwp%2Fv2%2Fcomments&post=21827"}],"version-history":[{"count":1,"href":"https:\/\/ldpublicicdad.com\/index.php?rest_route=\/wp\/v2\/posts\/21827\/revisions"}],"predecessor-version":[{"id":21828,"href":"https:\/\/ldpublicicdad.com\/index.php?rest_route=\/wp\/v2\/posts\/21827\/revisions\/21828"}],"wp:featuredmedia":[{"embeddable":true,"href":"https:\/\/ldpublicicdad.com\/index.php?rest_route=\/wp\/v2\/media\/21829"}],"wp:attachment":[{"href":"https:\/\/ldpublicicdad.com\/index.php?rest_route=%2Fwp%2Fv2%2Fmedia&parent=21827"}],"wp:term":[{"taxonomy":"category","embeddable":true,"href":"https:\/\/ldpublicicdad.com\/index.php?rest_route=%2Fwp%2Fv2%2Fcategories&post=21827"},{"taxonomy":"post_tag","embeddable":true,"href":"https:\/\/ldpublicicdad.com\/index.php?rest_route=%2Fwp%2Fv2%2Ftags&post=21827"}],"curies":[{"name":"wp","href":"https:\/\/api.w.org\/{rel}","templated":true}]}}