{"id":21553,"date":"2024-10-15T11:58:22","date_gmt":"2024-10-15T16:58:22","guid":{"rendered":"https:\/\/ldpublicicdad.com\/?p=21553"},"modified":"2024-10-15T16:58:23","modified_gmt":"2024-10-15T16:58:23","slug":"maria-leon-y-yahir-reviven-su-magia-con-dame-tu-amor-y-prenden-el-fuego","status":"publish","type":"post","link":"https:\/\/ldpublicicdad.com\/?p=21553","title":{"rendered":"Mar\u00eda Le\u00f3n y Yahir reviven su magia con \u201cDame tu amor\u201d y prenden el \u201cFuego\u201d"},"content":{"rendered":"<p>\ud83d\udd38 La canci\u00f3n mezcla cumbia latina con letras seductoras y marca el inicio de una gira que promete narrar una historia musical en conjunto<\/p>\n<p>#ESPECT\u00c1CULOS | Mar\u00eda Le\u00f3n y Yahir han vuelto a unir sus talentos con el lanzamiento de \u201cDame tu amor\u201d, un tema que marca su reencuentro tras 15 a\u00f1os desde su primera colaboraci\u00f3n. Este nuevo sencillo forma parte de su proyecto conjunto, titulado \u201cFuego\u201d, que promete una experiencia musical \u00fanica.<\/p>\n<p>En una entrevista con Unotv.com, Yahir comparti\u00f3 su entusiasmo: \u201cHemos trabajado juntos muchas veces, pero sent\u00edamos que este era el momento correcto para crear algo que realmente destacara nuestras fortalezas como artistas.\u201d Por su parte, Mar\u00eda Le\u00f3n, quien coescribi\u00f3 la canci\u00f3n junto a Juan Solo y Mauro Mu\u00f1oz, destac\u00f3 la fusi\u00f3n de g\u00e9neros: \u201cEsta canci\u00f3n es especial. La cumbia latina, con una letra que seduce y un arreglo muy fino, creo que va a encantar.\u201d<\/p>\n<p>La qu\u00edmica entre los artistas se traduce no solo en la canci\u00f3n, sino tambi\u00e9n en el videoclip, donde ambos se aventuran en coreograf\u00edas y elementos visuales que enriquecen su propuesta. Yahir coment\u00f3 sobre el proceso: \u201cEstamos experimentando con elementos de nuestras bandas y eso se va a ver reflejado.\u201d<\/p>\n<p>El proyecto \u201cFuego\u201d no solo abarca esta canci\u00f3n, sino tambi\u00e9n una gira que promete contar una historia completa sobre una relaci\u00f3n a trav\u00e9s de sus \u00e9xitos y canciones in\u00e9ditas. \u201cQueremos que el p\u00fablico viva esa experiencia con nosotros\u201d, concluy\u00f3 Mar\u00eda Le\u00f3n.<\/p>\n<p>&nbsp;<\/p>\n","protected":false},"excerpt":{"rendered":"<p>\ud83d\udd38 La canci\u00f3n mezcla cumbia latina con letras seductoras y marca el inicio de una gira que promete narrar una historia musical en conjunto #ESPECT\u00c1CULOS | Mar\u00eda Le\u00f3n y Yahir&hellip;<\/p>\n","protected":false},"author":1,"featured_media":21555,"comment_status":"open","ping_status":"closed","sticky":false,"template":"","format":"standard","meta":{"footnotes":""},"categories":[4],"tags":[],"class_list":["post-21553","post","type-post","status-publish","format-standard","has-post-thumbnail","hentry","category-espectaculos"],"_links":{"self":[{"href":"https:\/\/ldpublicicdad.com\/index.php?rest_route=\/wp\/v2\/posts\/21553","targetHints":{"allow":["GET"]}}],"collection":[{"href":"https:\/\/ldpublicicdad.com\/index.php?rest_route=\/wp\/v2\/posts"}],"about":[{"href":"https:\/\/ldpublicicdad.com\/index.php?rest_route=\/wp\/v2\/types\/post"}],"author":[{"embeddable":true,"href":"https:\/\/ldpublicicdad.com\/index.php?rest_route=\/wp\/v2\/users\/1"}],"replies":[{"embeddable":true,"href":"https:\/\/ldpublicicdad.com\/index.php?rest_route=%2Fwp%2Fv2%2Fcomments&post=21553"}],"version-history":[{"count":1,"href":"https:\/\/ldpublicicdad.com\/index.php?rest_route=\/wp\/v2\/posts\/21553\/revisions"}],"predecessor-version":[{"id":21554,"href":"https:\/\/ldpublicicdad.com\/index.php?rest_route=\/wp\/v2\/posts\/21553\/revisions\/21554"}],"wp:featuredmedia":[{"embeddable":true,"href":"https:\/\/ldpublicicdad.com\/index.php?rest_route=\/wp\/v2\/media\/21555"}],"wp:attachment":[{"href":"https:\/\/ldpublicicdad.com\/index.php?rest_route=%2Fwp%2Fv2%2Fmedia&parent=21553"}],"wp:term":[{"taxonomy":"category","embeddable":true,"href":"https:\/\/ldpublicicdad.com\/index.php?rest_route=%2Fwp%2Fv2%2Fcategories&post=21553"},{"taxonomy":"post_tag","embeddable":true,"href":"https:\/\/ldpublicicdad.com\/index.php?rest_route=%2Fwp%2Fv2%2Ftags&post=21553"}],"curies":[{"name":"wp","href":"https:\/\/api.w.org\/{rel}","templated":true}]}}