{"id":21541,"date":"2024-10-15T10:49:04","date_gmt":"2024-10-15T15:49:04","guid":{"rendered":"https:\/\/ldpublicicdad.com\/?p=21541"},"modified":"2024-10-15T15:49:22","modified_gmt":"2024-10-15T15:49:22","slug":"el-calor-cierra-temporada-regular-recibiendo-a-los-mineros","status":"publish","type":"post","link":"https:\/\/ldpublicicdad.com\/?p=21541","title":{"rendered":"El Calor cierra temporada regular recibiendo a los Mineros"},"content":{"rendered":"<p>\ud83d\udd38 Con el boleto asegurado al Play In, El Calor disputar\u00e1 los dos compromisos de la fecha 16, este martes 15 y mi\u00e9rcoles 16 de octubre en el Poliforum Canc\u00fan<\/p>\n<p>#DEPORTES | Ya con el boleto al Play In asegurado, El Calor de Canc\u00fan se report\u00f3 listo para disputar la Serie 16 y \u00faltima de la campa\u00f1a regular en la Liga Caliente.Mx LNBP, esto cuando reciba la visita de los Mineros de Zacatecas, en duelos pactados para este martes 15 y mi\u00e9rcoles 16 de octubre en el Poliforum Canc\u00fan.<\/p>\n<p>Ambos cotejos est\u00e1n previstos para jugarse a partir de las 20:00 horas y para el equipo que comanda Pepe Pidal, estos dos duelos ser\u00e1n importantes, ya que buscar\u00e1n cerrar con victoria la Temporada regular de la competencia; adem\u00e1s, de que se espera el debut del nuevo refuerzo cancunense, Vander Blue, el ex NBA que ya report\u00f3 y entren\u00f3 con el equipo.<\/p>\n<p>El Calor llega con la motivaci\u00f3n al tope y es que hay que recordar que recientemente se agenci\u00f3 su primera serie en casa y lo hizo superando en los dos enfrentamientos a Lobos Plateados de Puebla (68-65 y 90-76), por lo que buscar\u00e1n repetir este logro ante su gente en el Poliforum Canc\u00fan.<\/p>\n<p>Al momento, El Calor aparece en la novena posici\u00f3n de la tabla general, sumando un total de 45 unidades, producto de 15 victorias y 15 descalabros.<\/p>\n<p>Por otro lado, los Mineros, que llegan con la necesidad de triunfo a estos compromisos luego de que, en la pasada serie como visitante, cay\u00f3 en las dos ocasiones con marcadores de 91-57 y 96-55 ante los Soles de Mexicali.<\/p>\n<p>Con esto el conjunto zacatecano aparece en la posici\u00f3n 13 de la tabla general con 40 puntos, de 10 triunfos y 20 derrotas.<\/p>\n<p>El antecedente entre estos dos equipos fue en la Jornada 1 de esta Temporada, cuando se jug\u00f3 en Zacatecas, en aquella ocasi\u00f3n, dividieron triunfos, recordando que el primer duelo fue para Mineros y el segundo para El Calor.<\/p>\n","protected":false},"excerpt":{"rendered":"<p>\ud83d\udd38 Con el boleto asegurado al Play In, El Calor disputar\u00e1 los dos compromisos de la fecha 16, este martes 15 y mi\u00e9rcoles 16 de octubre en el Poliforum Canc\u00fan&hellip;<\/p>\n","protected":false},"author":1,"featured_media":21543,"comment_status":"open","ping_status":"closed","sticky":false,"template":"","format":"standard","meta":{"footnotes":""},"categories":[3],"tags":[],"class_list":["post-21541","post","type-post","status-publish","format-standard","has-post-thumbnail","hentry","category-deportes"],"_links":{"self":[{"href":"https:\/\/ldpublicicdad.com\/index.php?rest_route=\/wp\/v2\/posts\/21541","targetHints":{"allow":["GET"]}}],"collection":[{"href":"https:\/\/ldpublicicdad.com\/index.php?rest_route=\/wp\/v2\/posts"}],"about":[{"href":"https:\/\/ldpublicicdad.com\/index.php?rest_route=\/wp\/v2\/types\/post"}],"author":[{"embeddable":true,"href":"https:\/\/ldpublicicdad.com\/index.php?rest_route=\/wp\/v2\/users\/1"}],"replies":[{"embeddable":true,"href":"https:\/\/ldpublicicdad.com\/index.php?rest_route=%2Fwp%2Fv2%2Fcomments&post=21541"}],"version-history":[{"count":1,"href":"https:\/\/ldpublicicdad.com\/index.php?rest_route=\/wp\/v2\/posts\/21541\/revisions"}],"predecessor-version":[{"id":21542,"href":"https:\/\/ldpublicicdad.com\/index.php?rest_route=\/wp\/v2\/posts\/21541\/revisions\/21542"}],"wp:featuredmedia":[{"embeddable":true,"href":"https:\/\/ldpublicicdad.com\/index.php?rest_route=\/wp\/v2\/media\/21543"}],"wp:attachment":[{"href":"https:\/\/ldpublicicdad.com\/index.php?rest_route=%2Fwp%2Fv2%2Fmedia&parent=21541"}],"wp:term":[{"taxonomy":"category","embeddable":true,"href":"https:\/\/ldpublicicdad.com\/index.php?rest_route=%2Fwp%2Fv2%2Fcategories&post=21541"},{"taxonomy":"post_tag","embeddable":true,"href":"https:\/\/ldpublicicdad.com\/index.php?rest_route=%2Fwp%2Fv2%2Ftags&post=21541"}],"curies":[{"name":"wp","href":"https:\/\/api.w.org\/{rel}","templated":true}]}}