{"id":20886,"date":"2024-09-12T08:20:07","date_gmt":"2024-09-12T13:20:07","guid":{"rendered":"https:\/\/ldpublicicdad.com\/?p=20886"},"modified":"2024-09-12T13:20:19","modified_gmt":"2024-09-12T13:20:19","slug":"se-formaria-ciclon-tropical-en-el-pacifico","status":"publish","type":"post","link":"https:\/\/ldpublicicdad.com\/?p=20886","title":{"rendered":"Se formar\u00eda cicl\u00f3n tropical en el Pac\u00edfico"},"content":{"rendered":"<p>\ud83d\udd38 Se desarrollar\u00eda frente a las costas de Jalisco y Nayarit, con trayectoria a Baja California Sur.<\/p>\n<p>#NACIONAL. Buenos d\u00edas \ud83c\udf1e. De acuerdo con el pron\u00f3stico del Servicio Meteorol\u00f3gico Nacional, este d\u00eda una baja presi\u00f3n en el oc\u00e9ano Pac\u00edfico podr\u00eda evolucionar a un cicl\u00f3n tropical frente a las costas de Jalisco y Nayarit, con trayectoria hacia Baja California Sur, su circulaci\u00f3n ocasionar\u00e1 el ingreso de humedad, originando lluvias muy fuertes a puntuales intensas en el occidente del pa\u00eds y en Baja California Sur, adem\u00e1s de rachas fuertes de viento, oleaje elevado y posible formaci\u00f3n de trombas marinas en las costas de Baja California Sur, Sinaloa, Nayarit, Jalisco y Colima.<\/p>\n<p>Por otra parte, canales de baja presi\u00f3n sobre el norte, centro y sureste del pa\u00eds, en combinaci\u00f3n con el ingreso de humedad del oc\u00e9ano Pac\u00edfico, golfo de M\u00e9xico y mar Caribe, generar\u00e1n chubascos y lluvias fuertes a puntuales muy fuertes en las regiones mencionadas, adem\u00e1s del noroeste, noreste, oriente y sur del territorio nacional.<\/p>\n<p>Asimismo, la nueva onda tropical n\u00famero 22 recorrer\u00e1 el sur de la pen\u00ednsula de Yucat\u00e1n, generando lluvias y chubascos en dicha pen\u00ednsula. Se mantendr\u00e1 ambiente caluroso a muy caluroso en el noroeste de M\u00e9xico, con temperaturas superiores a 40 grados en zonas de Baja California y Sonora.<\/p>\n","protected":false},"excerpt":{"rendered":"<p>\ud83d\udd38 Se desarrollar\u00eda frente a las costas de Jalisco y Nayarit, con trayectoria a Baja California Sur. #NACIONAL. Buenos d\u00edas \ud83c\udf1e. De acuerdo con el pron\u00f3stico del Servicio Meteorol\u00f3gico Nacional,&hellip;<\/p>\n","protected":false},"author":1,"featured_media":20888,"comment_status":"open","ping_status":"closed","sticky":false,"template":"","format":"standard","meta":{"footnotes":""},"categories":[7],"tags":[],"class_list":["post-20886","post","type-post","status-publish","format-standard","has-post-thumbnail","hentry","category-nacional"],"_links":{"self":[{"href":"https:\/\/ldpublicicdad.com\/index.php?rest_route=\/wp\/v2\/posts\/20886","targetHints":{"allow":["GET"]}}],"collection":[{"href":"https:\/\/ldpublicicdad.com\/index.php?rest_route=\/wp\/v2\/posts"}],"about":[{"href":"https:\/\/ldpublicicdad.com\/index.php?rest_route=\/wp\/v2\/types\/post"}],"author":[{"embeddable":true,"href":"https:\/\/ldpublicicdad.com\/index.php?rest_route=\/wp\/v2\/users\/1"}],"replies":[{"embeddable":true,"href":"https:\/\/ldpublicicdad.com\/index.php?rest_route=%2Fwp%2Fv2%2Fcomments&post=20886"}],"version-history":[{"count":1,"href":"https:\/\/ldpublicicdad.com\/index.php?rest_route=\/wp\/v2\/posts\/20886\/revisions"}],"predecessor-version":[{"id":20887,"href":"https:\/\/ldpublicicdad.com\/index.php?rest_route=\/wp\/v2\/posts\/20886\/revisions\/20887"}],"wp:featuredmedia":[{"embeddable":true,"href":"https:\/\/ldpublicicdad.com\/index.php?rest_route=\/wp\/v2\/media\/20888"}],"wp:attachment":[{"href":"https:\/\/ldpublicicdad.com\/index.php?rest_route=%2Fwp%2Fv2%2Fmedia&parent=20886"}],"wp:term":[{"taxonomy":"category","embeddable":true,"href":"https:\/\/ldpublicicdad.com\/index.php?rest_route=%2Fwp%2Fv2%2Fcategories&post=20886"},{"taxonomy":"post_tag","embeddable":true,"href":"https:\/\/ldpublicicdad.com\/index.php?rest_route=%2Fwp%2Fv2%2Ftags&post=20886"}],"curies":[{"name":"wp","href":"https:\/\/api.w.org\/{rel}","templated":true}]}}