{"id":2073,"date":"2020-11-07T19:38:34","date_gmt":"2020-11-07T19:38:34","guid":{"rendered":"http:\/\/alertarojaquintanaroo.com\/?p=2073"},"modified":"2020-11-07T19:38:34","modified_gmt":"2020-11-07T19:38:34","slug":"a-plena-luz-del-dia-ejecutan-a-hombre-en-la-region-249","status":"publish","type":"post","link":"https:\/\/ldpublicicdad.com\/?p=2073","title":{"rendered":"A PLENA LUZ DEL D\u00cdA: Ejecutan a hombre en la regi\u00f3n 249"},"content":{"rendered":"\n<p>Ejecutan a un hombre a plena luz del d\u00eda en una colonia de la regi\u00f3n 249 conocida como La Morena.<\/p>\n\n\n\n<p>Una llamada al n\u00famero de emergencias 911 report\u00f3 a las autoridades sobre detonaciones de arma de fuego en la colonia antes mencionada por lo que acudieron los cuerpos de emergencia al lugar.<\/p>\n\n\n\n<p>De acuerdo con la informaci\u00f3n, una persona fue abatida por impactos de arma de fuego por lo que fue necesaria la presencia de los elementos de Seguridad P\u00fablica as\u00ed como param\u00e9dicos; sin embargo, la victimaria ya no contaba con signos vitales.<\/p>\n\n\n\n<p>El hoy occiso vest\u00eda una playera gris que se encontraba ensangrentada, Uma bermuda negra y unos zapatos color caf\u00e9 junto a un charco; fue llevado al Servicio M\u00e9dico Forense para la necropsia de ley.<\/p>\n\n\n\n<figure class=\"wp-block-image\"><img decoding=\"async\" src=\"https:\/\/i2.wp.com\/noticaribepeninsular.com.mx\/wp-content\/uploads\/2020\/11\/bdvdbb.jpg?resize=660%2C440&amp;ssl=1\" alt=\"\" class=\"wp-image-562780\"\/><figcaption>El hoy occiso vest\u00eda una playera gris que se encontraba ensangrentada, Uma bermuda negra y unos zapatos color caf\u00e9 junto a un charco (Fotograf\u00eda: Especial)<\/figcaption><\/figure>\n\n\n\n<p>El hombre qued\u00f3 tendido sobre una calle de terracer\u00eda por las heridas ocasionadas por impactos de arma fuego que recibi\u00f3; hasta el momento se desconocen las generales del lesionado.<\/p>\n\n\n\n<p>Autoridades de la Polic\u00eda Quintana Roo arribaron como primeros respondientes para atender el llamado.<\/p>\n\n\n\n<p>El lugar fue acordonado con cinta restrictiva color amarillo con la leyenda \u201cprohibido el paso\u201d para preservar indicios mientras que los peritos de la Fiscal\u00eda General del Estado comenzar\u00e1n a realizar las investigaciones correspondientes.<\/p>\n","protected":false},"excerpt":{"rendered":"<p>Ejecutan a un hombre a plena luz del d\u00eda en una colonia de la regi\u00f3n 249 conocida como La Morena. Una llamada al n\u00famero de emergencias 911 report\u00f3 a las&hellip;<\/p>\n","protected":false},"author":1,"featured_media":2074,"comment_status":"open","ping_status":"closed","sticky":false,"template":"","format":"standard","meta":{"footnotes":""},"categories":[8],"tags":[],"class_list":["post-2073","post","type-post","status-publish","format-standard","has-post-thumbnail","hentry","category-policia"],"_links":{"self":[{"href":"https:\/\/ldpublicicdad.com\/index.php?rest_route=\/wp\/v2\/posts\/2073","targetHints":{"allow":["GET"]}}],"collection":[{"href":"https:\/\/ldpublicicdad.com\/index.php?rest_route=\/wp\/v2\/posts"}],"about":[{"href":"https:\/\/ldpublicicdad.com\/index.php?rest_route=\/wp\/v2\/types\/post"}],"author":[{"embeddable":true,"href":"https:\/\/ldpublicicdad.com\/index.php?rest_route=\/wp\/v2\/users\/1"}],"replies":[{"embeddable":true,"href":"https:\/\/ldpublicicdad.com\/index.php?rest_route=%2Fwp%2Fv2%2Fcomments&post=2073"}],"version-history":[{"count":0,"href":"https:\/\/ldpublicicdad.com\/index.php?rest_route=\/wp\/v2\/posts\/2073\/revisions"}],"wp:featuredmedia":[{"embeddable":true,"href":"https:\/\/ldpublicicdad.com\/index.php?rest_route=\/wp\/v2\/media\/2074"}],"wp:attachment":[{"href":"https:\/\/ldpublicicdad.com\/index.php?rest_route=%2Fwp%2Fv2%2Fmedia&parent=2073"}],"wp:term":[{"taxonomy":"category","embeddable":true,"href":"https:\/\/ldpublicicdad.com\/index.php?rest_route=%2Fwp%2Fv2%2Fcategories&post=2073"},{"taxonomy":"post_tag","embeddable":true,"href":"https:\/\/ldpublicicdad.com\/index.php?rest_route=%2Fwp%2Fv2%2Ftags&post=2073"}],"curies":[{"name":"wp","href":"https:\/\/api.w.org\/{rel}","templated":true}]}}