{"id":19524,"date":"2024-05-10T07:48:13","date_gmt":"2024-05-10T12:48:13","guid":{"rendered":"https:\/\/ldpublicicdad.com\/?p=19524"},"modified":"2024-05-10T12:48:23","modified_gmt":"2024-05-10T12:48:23","slug":"se-pronostica-cielo-medio-nublado-durante-el-dia","status":"publish","type":"post","link":"https:\/\/ldpublicicdad.com\/?p=19524","title":{"rendered":"SE PRONOSTICA CIELO MEDIO NUBLADO DURANTE EL D\u00cdA"},"content":{"rendered":"<div class=\"\" data-block=\"true\" data-editor=\"2nvcu\" data-offset-key=\"2ma3k-0-0\">\n<div class=\"_1mf _1mj\" data-offset-key=\"2ma3k-0-0\">Durante este viernes, el frente fr\u00edo No. 50 se posicionar\u00e1 sobre el norte y noreste de M\u00e9xico, interactuando con un canal de baja presi\u00f3n en el noreste del pa\u00eds y la corriente en chorro subtropical.<\/div>\n<div data-offset-key=\"2ma3k-0-0\"><\/div>\n<div class=\"_1mf _1mj\" data-offset-key=\"2ma3k-0-0\">Esta combinaci\u00f3n dar\u00e1 lugar a condiciones clim\u00e1ticas adversas, con la probabilidad de lluvias puntuales fuertes, descargas el\u00e9ctricas y posible ca\u00edda de granizo.<\/div>\n<div data-offset-key=\"2ma3k-0-0\"><\/div>\n<div class=\"_1mf _1mj\" data-offset-key=\"2ma3k-0-0\">Adem\u00e1s, se esperan vientos con r\u00e1fagas fuertes y la posibilidad de formaci\u00f3n de torbellinos o tornados en las regiones de Coahuila, Nuevo Le\u00f3n y Tamaulipas.<\/div>\n<\/div>\n<div class=\"\" data-block=\"true\" data-editor=\"2nvcu\" data-offset-key=\"a01um-0-0\">\n<div class=\"_1mf _1mj\" data-offset-key=\"a01um-0-0\"><span data-offset-key=\"a01um-0-0\">\u00a0<\/span><\/div>\n<\/div>\n<div class=\"\" data-block=\"true\" data-editor=\"2nvcu\" data-offset-key=\"1snbl-0-0\">\n<div class=\"_1mf _1mj\" data-offset-key=\"1snbl-0-0\"><span data-offset-key=\"1snbl-0-0\">La entrada de una masa de aire fr\u00edo asociada al sistema frontal ocasionar\u00e1 un descenso en las temperaturas en el norte y noreste del territorio nacional.<\/span><\/div>\n<\/div>\n<div class=\"\" data-block=\"true\" data-editor=\"2nvcu\" data-offset-key=\"6o97d-0-0\">\n<div class=\"_1mf _1mj\" data-offset-key=\"6o97d-0-0\"><span data-offset-key=\"6o97d-0-0\">\u00a0<\/span><\/div>\n<\/div>\n<div class=\"\" data-block=\"true\" data-editor=\"2nvcu\" data-offset-key=\"tjte-0-0\">\n<div class=\"_1mf _1mj\" data-offset-key=\"tjte-0-0\"><span data-offset-key=\"tjte-0-0\">Chubascos y tormentas en el centro, sureste y Pen\u00ednsula de Yucat\u00e1n<\/span><\/div>\n<\/div>\n<div class=\"\" data-block=\"true\" data-editor=\"2nvcu\" data-offset-key=\"81n0j-0-0\">\n<div class=\"_1mf _1mj\" data-offset-key=\"81n0j-0-0\"><span data-offset-key=\"81n0j-0-0\">\u00a0<\/span><\/div>\n<\/div>\n<div class=\"\" data-block=\"true\" data-editor=\"2nvcu\" data-offset-key=\"4d62j-0-0\">\n<div class=\"_1mf _1mj\" data-offset-key=\"4d62j-0-0\"><span data-offset-key=\"4d62j-0-0\">Por otro lado, canales de baja presi\u00f3n sobre el centro, sureste y Pen\u00ednsula de Yucat\u00e1n, junto con la humedad proveniente del Oc\u00e9ano Pac\u00edfico y el Golfo de M\u00e9xico, generar\u00e1n lluvias y chubascos, acompa\u00f1ados de descargas el\u00e9ctricas y la posible ca\u00edda de granizo en estas \u00e1reas.<\/span><\/div>\n<\/div>\n<div class=\"\" data-block=\"true\" data-editor=\"2nvcu\" data-offset-key=\"a1obo-0-0\">\n<div class=\"_1mf _1mj\" data-offset-key=\"a1obo-0-0\"><span data-offset-key=\"a1obo-0-0\">\u00a0<\/span><\/div>\n<\/div>\n<div class=\"\" data-block=\"true\" data-editor=\"2nvcu\" data-offset-key=\"41lqn-0-0\">\n<div class=\"_1mf _1mj\" data-offset-key=\"41lqn-0-0\"><span data-offset-key=\"41lqn-0-0\">En particular, para la Pen\u00ednsula de Yucat\u00e1n se pronostica cielo medio nublado durante el d\u00eda, con lluvias aisladas en Campeche y Quintana Roo, mientras que Yucat\u00e1n permanecer\u00e1 sin precipitaciones. Las temperaturas ser\u00e1n templadas a c\u00e1lidas por la ma\u00f1ana y muy calurosas a extremadamente calurosas durante la tarde en la regi\u00f3n. Se espera viento del este y sureste de 10 a 25 km\/h con r\u00e1fagas de 40 a 60 km\/h.<\/span><\/div>\n<\/div>\n<div class=\"\" data-block=\"true\" data-editor=\"2nvcu\" data-offset-key=\"6fui3-0-0\">\n<div class=\"_1mf _1mj\" data-offset-key=\"6fui3-0-0\"><span data-offset-key=\"6fui3-0-0\">\u00a0<\/span><\/div>\n<\/div>\n<div class=\"\" data-block=\"true\" data-editor=\"2nvcu\" data-offset-key=\"8d8lf-0-0\">\n<div class=\"_1mf _1mj\" data-offset-key=\"8d8lf-0-0\"><span data-offset-key=\"8d8lf-0-0\">Persiste la segunda onda de calor en varias regiones<\/span><\/div>\n<\/div>\n<div class=\"\" data-block=\"true\" data-editor=\"2nvcu\" data-offset-key=\"5pt4d-0-0\">\n<div class=\"_1mf _1mj\" data-offset-key=\"5pt4d-0-0\"><span data-offset-key=\"5pt4d-0-0\">\u00a0<\/span><\/div>\n<\/div>\n<div class=\"\" data-block=\"true\" data-editor=\"2nvcu\" data-offset-key=\"9se56-0-0\">\n<div class=\"_1mf _1mj\" data-offset-key=\"9se56-0-0\"><span data-offset-key=\"9se56-0-0\">Finalmente, una circulaci\u00f3n anticicl\u00f3nica en niveles medios de la atm\u00f3sfera continuar\u00e1 manteniendo la segunda onda de calor de la temporada sobre la Rep\u00fablica Mexicana. Se esperan temperaturas superiores a 45 \u00b0C en estados como Sinaloa, Michoac\u00e1n, Guerrero, Oaxaca, Chiapas, Tamaulipas, San Luis Potos\u00ed, Veracruz, Tabasco, Campeche y Yucat\u00e1n.<\/span><\/div>\n<\/div>\n","protected":false},"excerpt":{"rendered":"<p>Durante este viernes, el frente fr\u00edo No. 50 se posicionar\u00e1 sobre el norte y noreste de M\u00e9xico, interactuando con un canal de baja presi\u00f3n en el noreste del pa\u00eds y&hellip;<\/p>\n","protected":false},"author":1,"featured_media":19526,"comment_status":"open","ping_status":"closed","sticky":false,"template":"","format":"standard","meta":{"footnotes":""},"categories":[6],"tags":[],"class_list":["post-19524","post","type-post","status-publish","format-standard","has-post-thumbnail","hentry","category-local"],"_links":{"self":[{"href":"https:\/\/ldpublicicdad.com\/index.php?rest_route=\/wp\/v2\/posts\/19524","targetHints":{"allow":["GET"]}}],"collection":[{"href":"https:\/\/ldpublicicdad.com\/index.php?rest_route=\/wp\/v2\/posts"}],"about":[{"href":"https:\/\/ldpublicicdad.com\/index.php?rest_route=\/wp\/v2\/types\/post"}],"author":[{"embeddable":true,"href":"https:\/\/ldpublicicdad.com\/index.php?rest_route=\/wp\/v2\/users\/1"}],"replies":[{"embeddable":true,"href":"https:\/\/ldpublicicdad.com\/index.php?rest_route=%2Fwp%2Fv2%2Fcomments&post=19524"}],"version-history":[{"count":1,"href":"https:\/\/ldpublicicdad.com\/index.php?rest_route=\/wp\/v2\/posts\/19524\/revisions"}],"predecessor-version":[{"id":19525,"href":"https:\/\/ldpublicicdad.com\/index.php?rest_route=\/wp\/v2\/posts\/19524\/revisions\/19525"}],"wp:featuredmedia":[{"embeddable":true,"href":"https:\/\/ldpublicicdad.com\/index.php?rest_route=\/wp\/v2\/media\/19526"}],"wp:attachment":[{"href":"https:\/\/ldpublicicdad.com\/index.php?rest_route=%2Fwp%2Fv2%2Fmedia&parent=19524"}],"wp:term":[{"taxonomy":"category","embeddable":true,"href":"https:\/\/ldpublicicdad.com\/index.php?rest_route=%2Fwp%2Fv2%2Fcategories&post=19524"},{"taxonomy":"post_tag","embeddable":true,"href":"https:\/\/ldpublicicdad.com\/index.php?rest_route=%2Fwp%2Fv2%2Ftags&post=19524"}],"curies":[{"name":"wp","href":"https:\/\/api.w.org\/{rel}","templated":true}]}}