{"id":17294,"date":"2023-09-06T07:40:43","date_gmt":"2023-09-06T12:40:43","guid":{"rendered":"https:\/\/ldpublicicdad.com\/?p=17294"},"modified":"2023-09-06T12:40:45","modified_gmt":"2023-09-06T12:40:45","slug":"empleo-formal-en-mexico-repunta-en-agosto-y-se-crean-111-736-puestos-de-trabajo","status":"publish","type":"post","link":"https:\/\/ldpublicicdad.com\/?p=17294","title":{"rendered":"Empleo formal en M\u00e9xico repunta en agosto y se crean 111.736 puestos de trabajo"},"content":{"rendered":"<div class=\"flex items-center border border-gray-200 border-l-0 border-r-0 py-3 mb-4\">\n<div class=\"flex-1\">\n<h4 class=\"text-base leading-5 pl-2 font-lato\" style=\"text-align: center;\">El IMSS registr\u00f3 un total de 21 millones 996.875 trabajadores asegurados al 31 de agosto, indic\u00f3 el instituto en su reporte mensual<\/h4>\n<p>El empleo formal en M\u00e9xico repunt\u00f3 en agosto en medio del dinamismo econ\u00f3mico y la desaceleraci\u00f3n de la inflaci\u00f3n, luego del dato negativo que se registr\u00f3 en julio, indic\u00f3 en su reporte mensual el\u00a0<b>Instituto Mexicano del Seguro Social (IMSS)<\/b>.<\/p>\n<p class=\"default__StyledText-sc-108h6at-0 eZJtyi body-paragraph\"><b>En agosto de 2023 se crearon 111.736 empleos formales<\/b>, lo que implic\u00f3 un repunte respecto de un mes anterior, cuando se perdieron 2.168 puestos de trabajo en julio.<\/p>\n<div class=\"html__StyledDiv-vhvarg-0 edOyIZ block-margin-bottom\"><\/div>\n<p class=\"default__StyledText-sc-108h6at-0 eZJtyi body-paragraph\">Los empleos generados en agosto de 2023 representan las cifra m\u00e1s baja para un mismo mes desde 2020, de acuerdo con los datos el IMSS.<\/p>\n<p class=\"default__StyledText-sc-108h6at-0 eZJtyi body-paragraph\">Con lo anterior, entre enero y agosto se han creado 623.979 empleos, una cifra que es 215.980 puestos de trabajo m\u00e1s que la variaci\u00f3n promedio de los \u00faltimos 10 a\u00f1os en periodos comparables.<\/p>\n<p class=\"default__StyledText-sc-108h6at-0 eZJtyi body-paragraph\">Al 31 de agosto de 2023, se tienen registrados ante el IMSS un total de 21 millones 996.875 trabajadores asegurados, lo que represent\u00f3 un crecimiento anual de 3,6%.<\/p>\n<p class=\"default__StyledText-sc-108h6at-0 eZJtyi body-paragraph\">Los sectores econ\u00f3micos con el mayor crecimiento porcentual anual en puestos de trabajo son el de\u00a0<b>la construcci\u00f3n con 9,7%, transportes y comunicaciones con 5,4% y comercio con 4,3%.<\/b><\/p>\n<p class=\"default__StyledText-sc-108h6at-0 eZJtyi body-paragraph\">La industria extractiva -que incluye al petr\u00f3leo y miner\u00eda- fue el \u00fanico sector que decreci\u00f3 con -1,1% anual.<\/p>\n<div class=\"hide-container\"><\/div>\n<p class=\"default__StyledText-sc-108h6at-0 eZJtyi body-paragraph\">Por entidad federativa, destacan Quintana Roo y Nayarit con aumentos anuales que superan el 7,5% anual, en tanto, Tamaulipas registr\u00f3 un ligero retroceso con una reducci\u00f3n en la generaci\u00f3n de empleos de -0.1% anual.<\/p>\n<p class=\"default__StyledText-sc-108h6at-0 eZJtyi body-paragraph\">El empleo formal en Durango, Zacatecas y Sonora crecieron menos de 2% anual, y\u00a0<b>Ciudad de M\u00e9xico report\u00f3 un aumento en la creaci\u00f3n de empleo formal de 2,7% anual.<\/b><\/p>\n<\/div>\n<\/div>\n<figure class=\"lead-art-wrapper\">\n<div><picture class=\"Image__StyledPicture-sc-1g24b0j-0 cHvurg\"><source srcset=\"https:\/\/www.bloomberglinea.com\/resizer\/obtPrEepMXk_pv_9th9f8_qRh8A=\/800x0\/filters:format(jpg):quality(70)\/cloudfront-us-east-1.images.arcpublishing.com\/bloomberglinea\/6RJHM64YUFD2DBNNU5YFHLAUVY.jpg\" media=\"screen and (min-width: 1024px)\" \/><source srcset=\"https:\/\/www.bloomberglinea.com\/resizer\/obtPrEepMXk_pv_9th9f8_qRh8A=\/800x0\/filters:format(jpg):quality(70)\/cloudfront-us-east-1.images.arcpublishing.com\/bloomberglinea\/6RJHM64YUFD2DBNNU5YFHLAUVY.jpg\" media=\"screen and (min-width: 768px)\" \/><source srcset=\"https:\/\/www.bloomberglinea.com\/resizer\/04k8ZfGhCbaBwIKaRYCvSSpBLPo=\/600x0\/filters:format(jpg):quality(70)\/cloudfront-us-east-1.images.arcpublishing.com\/bloomberglinea\/6RJHM64YUFD2DBNNU5YFHLAUVY.jpg\" media=\"screen and (min-width: 0px)\" \/><\/picture><\/div>\n<\/figure>\n","protected":false},"excerpt":{"rendered":"<p>El IMSS registr\u00f3 un total de 21 millones 996.875 trabajadores asegurados al 31 de agosto, indic\u00f3 el instituto en su reporte mensual El empleo formal en M\u00e9xico repunt\u00f3 en agosto&hellip;<\/p>\n","protected":false},"author":1,"featured_media":17296,"comment_status":"open","ping_status":"closed","sticky":false,"template":"","format":"standard","meta":{"footnotes":""},"categories":[7],"tags":[],"class_list":["post-17294","post","type-post","status-publish","format-standard","has-post-thumbnail","hentry","category-nacional"],"_links":{"self":[{"href":"https:\/\/ldpublicicdad.com\/index.php?rest_route=\/wp\/v2\/posts\/17294","targetHints":{"allow":["GET"]}}],"collection":[{"href":"https:\/\/ldpublicicdad.com\/index.php?rest_route=\/wp\/v2\/posts"}],"about":[{"href":"https:\/\/ldpublicicdad.com\/index.php?rest_route=\/wp\/v2\/types\/post"}],"author":[{"embeddable":true,"href":"https:\/\/ldpublicicdad.com\/index.php?rest_route=\/wp\/v2\/users\/1"}],"replies":[{"embeddable":true,"href":"https:\/\/ldpublicicdad.com\/index.php?rest_route=%2Fwp%2Fv2%2Fcomments&post=17294"}],"version-history":[{"count":1,"href":"https:\/\/ldpublicicdad.com\/index.php?rest_route=\/wp\/v2\/posts\/17294\/revisions"}],"predecessor-version":[{"id":17295,"href":"https:\/\/ldpublicicdad.com\/index.php?rest_route=\/wp\/v2\/posts\/17294\/revisions\/17295"}],"wp:featuredmedia":[{"embeddable":true,"href":"https:\/\/ldpublicicdad.com\/index.php?rest_route=\/wp\/v2\/media\/17296"}],"wp:attachment":[{"href":"https:\/\/ldpublicicdad.com\/index.php?rest_route=%2Fwp%2Fv2%2Fmedia&parent=17294"}],"wp:term":[{"taxonomy":"category","embeddable":true,"href":"https:\/\/ldpublicicdad.com\/index.php?rest_route=%2Fwp%2Fv2%2Fcategories&post=17294"},{"taxonomy":"post_tag","embeddable":true,"href":"https:\/\/ldpublicicdad.com\/index.php?rest_route=%2Fwp%2Fv2%2Ftags&post=17294"}],"curies":[{"name":"wp","href":"https:\/\/api.w.org\/{rel}","templated":true}]}}