{"id":16851,"date":"2023-08-06T16:39:27","date_gmt":"2023-08-06T21:39:27","guid":{"rendered":"https:\/\/ldpublicicdad.com\/?p=16851"},"modified":"2023-08-10T21:41:23","modified_gmt":"2023-08-10T21:41:23","slug":"fallece-primitivo-alonso-alcocer-adios-al-visionario-defensor-de-quintana-roo","status":"publish","type":"post","link":"https:\/\/ldpublicicdad.com\/?p=16851","title":{"rendered":"Fallece Primitivo Alonso Alcocer: adi\u00f3s al visionario defensor de Quintana Roo"},"content":{"rendered":"<div>\n<div class=\"row m-b-15\">\n<div class=\"col-xs-12 col-sm-12 col-md-12 col-lg-12\">\n<h4 class=\"introduction\" style=\"text-align: center;\">Su influencia se extendi\u00f3 m\u00e1s all\u00e1 de la esfera pol\u00edtica. Dejando un legado en forma de poes\u00eda y obras literarias.<\/h4>\n<\/div>\n<\/div>\n<\/div>\n<div class=\"row m-b-25\">\n<div class=\"col-xs-12 col-sm-12 col-md-12 col-lg-12 info-extra-new\">\n<p>En un triste acontecimiento que ha conmovido a la sociedad, el reconocido pol\u00edtico y escritor de Chetumal,\u00a0<strong>Primitivo Alonso Alcocer<\/strong>, falleci\u00f3 en la ma\u00f1ana de este jueves 10 de agosto.<\/p>\n<p>Su partida ha suscitado profundas reacciones en diversos \u00e1mbitos, desde actores pol\u00edticos hasta l\u00edderes empresariales y amantes de la cultura en Quintana Roo.<\/p>\n<p>Alonso Alcocer, quien tambi\u00e9n fue un influyente luchador social en pro de las causas hist\u00f3ricas, es recordado por su cercan\u00eda humana y su sencillez inigualable. Primitivo\u00a0form\u00f3 parte de los primeros gobiernos de Quintana Roo y desempe\u00f1\u00f3 un papel fundamental durante la transici\u00f3n del territorio a su estatus actual como\u00a0<strong>Estado Libre y Soberano<\/strong>.<\/p>\n<div id=\"div-gpt-ad-inread-64d514fb51bb7e0014f98101\" data-name=\"inread\" data-size=\"[[336,250], [300,250]]\" data-google-query-id=\"CPmGyP-G04ADFZicWgUdV2MNpQ\">\n<div id=\"google_ads_iframe_\/4334274\/inread_0__container__\"><\/div>\n<\/div>\n<p>Seg\u00fan Fabi\u00e1n G. Herrera Manzanilla, colaborador cercano de Jes\u00fas Mart\u00ednez Ross, el primer gobernador constitucional de la entidad, Primitivo Alonso Alcocer dej\u00f3 un legado imborrable.<\/p>\n<div class=\"google-auto-placed ap_container\">\n<p>Fue uno de los principales art\u00edfices en la lucha por la conversi\u00f3n de\u00a0<strong>Quintana Roo en Estado Libre y Soberano<\/strong>, un logro que finalmente se cristaliz\u00f3 el 8 de octubre de 1974.<\/p>\n<p><em><cite>\u201cDon Primitivo Alonso Alcocer, ha emprendido el viaje eterno a la Casa del Creador, llev\u00e1ndose consigo experiencias de aquellos a\u00f1os de lucha f\u00e9rrea para convertirnos en un Estado Libre y Soberano, al igual, que muchos cap\u00edtulos de nuestra historia contempor\u00e1nea que protagoniz\u00f3\u00bb<\/cite><\/em>.<\/p>\n<p><em><cite>\u00abDescanse en Paz y brille para \u00e9l la Luz Perpetua y elevo mis plegarias por la pronta resignaci\u00f3n de su distinguida mam\u00e1, sus hermanos e hijos\u201d<\/cite><\/em>, p\u00fablico en sus redes sociales.<\/p>\n<p>La influencia de Alonso Alcocer se extendi\u00f3 m\u00e1s all\u00e1 de la esfera pol\u00edtica. Dej\u00f3 un extenso legado en forma de poes\u00eda, adem\u00e1s de sus influyentes obras literarias y su dedicaci\u00f3n como servidor p\u00fablico en la administraci\u00f3n estatal.<\/p>\n<p>En este mismo contexto de p\u00e9rdida, la comunidad tambi\u00e9n lamenta la partida de\u00a0<strong>Bertha Alicia Ojeda Hern\u00e1ndez<\/strong>, respetada maestra, ex docente y destacada activista pol\u00edtica y social de la capital estatal.<\/p>\n<p>La partida de<strong>\u00a0Primitivo Alonso Alcocer<\/strong>\u00a0deja un vac\u00edo irremplazable en la sociedad chetumale\u00f1a y en todo Quintana Roo, record\u00e1ndonos su valiosa contribuci\u00f3n al crecimiento y desarrollo del estado y su compromiso con las causas que defendi\u00f3 con pasi\u00f3n a lo largo de su vida.<\/p>\n<div id=\"div-gpt-ad-inread-4-64d514fb51bb7e0014f98101\" data-name=\"inread\" data-size=\"[[336,250], [300,250]]\" data-google-query-id=\"CJvax_-G04ADFeaLWgUdUZUK2A\">\n<div id=\"google_ads_iframe_\/4334274\/inread_3__container__\"><\/div>\n<\/div>\n<p>Ante el deceso de Primitivo Alonso Alcocer, la Gobernadora del Estado de Quintana Roo,\u00a0<strong>Mara Lezama<\/strong>, lamento profundamente el sensible fallecimiento del pol\u00edtico reconocido en Chetumal.<\/p>\n<\/div>\n<\/div>\n<\/div>\n","protected":false},"excerpt":{"rendered":"<p>Su influencia se extendi\u00f3 m\u00e1s all\u00e1 de la esfera pol\u00edtica. Dejando un legado en forma de poes\u00eda y obras literarias. En un triste acontecimiento que ha conmovido a la sociedad,&hellip;<\/p>\n","protected":false},"author":1,"featured_media":16853,"comment_status":"open","ping_status":"closed","sticky":false,"template":"","format":"standard","meta":{"footnotes":""},"categories":[6],"tags":[],"class_list":["post-16851","post","type-post","status-publish","format-standard","has-post-thumbnail","hentry","category-local"],"_links":{"self":[{"href":"https:\/\/ldpublicicdad.com\/index.php?rest_route=\/wp\/v2\/posts\/16851","targetHints":{"allow":["GET"]}}],"collection":[{"href":"https:\/\/ldpublicicdad.com\/index.php?rest_route=\/wp\/v2\/posts"}],"about":[{"href":"https:\/\/ldpublicicdad.com\/index.php?rest_route=\/wp\/v2\/types\/post"}],"author":[{"embeddable":true,"href":"https:\/\/ldpublicicdad.com\/index.php?rest_route=\/wp\/v2\/users\/1"}],"replies":[{"embeddable":true,"href":"https:\/\/ldpublicicdad.com\/index.php?rest_route=%2Fwp%2Fv2%2Fcomments&post=16851"}],"version-history":[{"count":1,"href":"https:\/\/ldpublicicdad.com\/index.php?rest_route=\/wp\/v2\/posts\/16851\/revisions"}],"predecessor-version":[{"id":16852,"href":"https:\/\/ldpublicicdad.com\/index.php?rest_route=\/wp\/v2\/posts\/16851\/revisions\/16852"}],"wp:featuredmedia":[{"embeddable":true,"href":"https:\/\/ldpublicicdad.com\/index.php?rest_route=\/wp\/v2\/media\/16853"}],"wp:attachment":[{"href":"https:\/\/ldpublicicdad.com\/index.php?rest_route=%2Fwp%2Fv2%2Fmedia&parent=16851"}],"wp:term":[{"taxonomy":"category","embeddable":true,"href":"https:\/\/ldpublicicdad.com\/index.php?rest_route=%2Fwp%2Fv2%2Fcategories&post=16851"},{"taxonomy":"post_tag","embeddable":true,"href":"https:\/\/ldpublicicdad.com\/index.php?rest_route=%2Fwp%2Fv2%2Ftags&post=16851"}],"curies":[{"name":"wp","href":"https:\/\/api.w.org\/{rel}","templated":true}]}}