{"id":16213,"date":"2023-07-13T09:51:00","date_gmt":"2023-07-13T14:51:00","guid":{"rendered":"https:\/\/ldpublicicdad.com\/?p=16213"},"modified":"2023-07-13T14:51:10","modified_gmt":"2023-07-13T14:51:10","slug":"reportan-grave-y-en-terapia-intensiva-al-periodista-jorge-berry","status":"publish","type":"post","link":"https:\/\/ldpublicicdad.com\/?p=16213","title":{"rendered":"Reportan grave y en terapia intensiva al periodista Jorge Berry"},"content":{"rendered":"<p>Aunque en las \u00faltimas horas varias informaciones giraron en torno a la salud de Jorge Berry, incluso algunos asegurando que ya hab\u00eda fallecido, la familia sali\u00f3 a desmentir la situaci\u00f3n.<\/p>\n<p>La hermana del periodista mexicano fue quien inform\u00f3 que el estado del comunicador es grave, pero descart\u00f3 que hubiera muerto, como lo indicaron reportes.<\/p>\n<p>Durante ayer mi\u00e9rcoles 12 de julio fue que se conoci\u00f3 acerca de lo delicado que se encontraba Berry, y luego que empezaron a rondar notas referentes a su partida, fue que su consangu\u00ednea descart\u00f3 sobre ello.<\/p>\n<p>La familia lo reporta como grave y hospitalizado en el \u00e1rea de terapia intensiva de un hospital en Puerto Vallarta, Jalisco.<\/p>\n<p>A pesar de que se han dado varias versiones en las redes sociales, el informe oficial apunta a que, en estos momentos complicados, en que lucha con todo, est\u00e1 acompa\u00f1ado por los suyos.<\/p>\n","protected":false},"excerpt":{"rendered":"<p>Aunque en las \u00faltimas horas varias informaciones giraron en torno a la salud de Jorge Berry, incluso algunos asegurando que ya hab\u00eda fallecido, la familia sali\u00f3 a desmentir la situaci\u00f3n.&hellip;<\/p>\n","protected":false},"author":1,"featured_media":16215,"comment_status":"open","ping_status":"closed","sticky":false,"template":"","format":"standard","meta":{"footnotes":""},"categories":[4],"tags":[],"class_list":["post-16213","post","type-post","status-publish","format-standard","has-post-thumbnail","hentry","category-espectaculos"],"_links":{"self":[{"href":"https:\/\/ldpublicicdad.com\/index.php?rest_route=\/wp\/v2\/posts\/16213","targetHints":{"allow":["GET"]}}],"collection":[{"href":"https:\/\/ldpublicicdad.com\/index.php?rest_route=\/wp\/v2\/posts"}],"about":[{"href":"https:\/\/ldpublicicdad.com\/index.php?rest_route=\/wp\/v2\/types\/post"}],"author":[{"embeddable":true,"href":"https:\/\/ldpublicicdad.com\/index.php?rest_route=\/wp\/v2\/users\/1"}],"replies":[{"embeddable":true,"href":"https:\/\/ldpublicicdad.com\/index.php?rest_route=%2Fwp%2Fv2%2Fcomments&post=16213"}],"version-history":[{"count":1,"href":"https:\/\/ldpublicicdad.com\/index.php?rest_route=\/wp\/v2\/posts\/16213\/revisions"}],"predecessor-version":[{"id":16214,"href":"https:\/\/ldpublicicdad.com\/index.php?rest_route=\/wp\/v2\/posts\/16213\/revisions\/16214"}],"wp:featuredmedia":[{"embeddable":true,"href":"https:\/\/ldpublicicdad.com\/index.php?rest_route=\/wp\/v2\/media\/16215"}],"wp:attachment":[{"href":"https:\/\/ldpublicicdad.com\/index.php?rest_route=%2Fwp%2Fv2%2Fmedia&parent=16213"}],"wp:term":[{"taxonomy":"category","embeddable":true,"href":"https:\/\/ldpublicicdad.com\/index.php?rest_route=%2Fwp%2Fv2%2Fcategories&post=16213"},{"taxonomy":"post_tag","embeddable":true,"href":"https:\/\/ldpublicicdad.com\/index.php?rest_route=%2Fwp%2Fv2%2Ftags&post=16213"}],"curies":[{"name":"wp","href":"https:\/\/api.w.org\/{rel}","templated":true}]}}