{"id":15252,"date":"2023-06-09T16:00:06","date_gmt":"2023-06-09T21:00:06","guid":{"rendered":"https:\/\/ldpublicicdad.com\/?p=15252"},"modified":"2023-06-09T17:39:40","modified_gmt":"2023-06-09T17:39:40","slug":"como-dos-airtag-expusieron-el-robo-de-viveres-para-turquia-en-mexico","status":"publish","type":"post","link":"https:\/\/ldpublicicdad.com\/?p=15252","title":{"rendered":"C\u00f3mo dos AirTag expusieron el robo de v\u00edveres para Turqu\u00eda en M\u00e9xico"},"content":{"rendered":"<p>Una investigaci\u00f3n realizada por la periodista Pamela Cerdeira dej\u00f3 al descubierto el\u00a0<strong>robo de v\u00edveres<\/strong>\u00a0para los damnificados del\u00a0terremoto de Turqu\u00eda. En un art\u00edculo publicado en\u00a0<em>Opini\u00f3n 51<\/em>, Cerdeira explica c\u00f3mo<strong>\u00a0insert\u00f3 dos AirTag en productos de primera necesidad que se llevar\u00edan a un centro de acopio<\/strong>\u00a0instalado por el gobierno de la Ciudad de M\u00e9xico. La periodista, al igual que muchos mexicanos, se cuestion\u00f3 si era l\u00f3gico enviar ese tipo de productos en lugar de donar a una organizaci\u00f3n en el sitio.<\/p>\n<p>Las AirTag se introdujeron en\u00a0<strong>una bolsa de arroz y un paquete de papel higi\u00e9nico<\/strong>\u00a0para monitorear su ubicaci\u00f3n. Cerdeira abri\u00f3 la cuenta de Twitter\u00a0@adondeva\u00a0para publicar el seguimiento a los productos desde el d\u00eda que los entreg\u00f3 en el centro de acopio. Curiosamente,\u00a0<strong>ni el arroz ni el papel de ba\u00f1o tomaron el avi\u00f3n de la Secretar\u00eda de la Defensa Nacional (Sedena) rumbo a Turqu\u00eda<\/strong>.<\/p>\n<p>De acuerdo con la periodista, el paquete de papel se envi\u00f3 a las oficinas del Gobierno de la Ciudad de M\u00e9xico, mientras que la bolsa de arroz a un almac\u00e9n de la Secretar\u00eda de Finanzas. Tras varias semanas sin cambios de ubicaci\u00f3n,\u00a0<strong>el papel higi\u00e9nico termin\u00f3 en un mercado y la bolsa de arroz en una escuela p\u00fablica<\/strong>. Esta \u00faltima, utilizada por un diputado local como banco de alimentos.<\/p>\n<p>Cerdeira public\u00f3 un video de YouTube en donde cuenta lo sucedido y acude a la \u00faltima ubicaci\u00f3n de los productos. En el caso del papel higi\u00e9nico, la periodista recuper\u00f3 su AirTag y el vendedor menciona que lo compr\u00f3 a personas de v\u00eda p\u00fablica. Con la bolsa de arroz no hubo suerte, ya que no le permitieron entrar al lugar.<\/p>\n<h2 id=\"h-que-son-las-airtag-y-como-funcionan\" class=\"wp-block-heading\">\u00bfQu\u00e9 son las AirTag y c\u00f3mo funcionan?<\/h2>\n<p>Las\u00a0<strong>AirTag\u00a0<\/strong>son peque\u00f1as etiquetas inteligentes\u00a0que<strong>\u00a0se utilizan para rastrear objetos por medio de tu iPhone o iPad<\/strong>. Cuentan con un cuerpo de 3 cm de di\u00e1metro y son resistentes al agua y polvo. Debido a su tama\u00f1o y peso, pueden adaptarse a dispositivos como llaves, billeteras o maletas.<\/p>\n<p>Su funcionamiento es bastante peculiar, ya que\u00a0<strong>se valen de la red Encontrar de Apple para enviar su ubicaci\u00f3n<\/strong>. Las AirTag env\u00edan una se\u00f1al Bluetooth segura que puede ser detectada por dispositivos cercanos en la red de la app Encontrar. Estos dispositivos env\u00edan la ubicaci\u00f3n de tu AirTag a iCloud para que la veas en un mapa y sepas d\u00f3nde se encuentra.<\/p>\n<p>En el caso de las AirTag que introdujo la periodista mexicana en la bolsa de arroz o papel higi\u00e9nico,\u00a0<strong>solo bastaba con que estuviera cerca de alg\u00fan iPhone, iPad o Mac para conectarse de forma an\u00f3nima<\/strong>. Debido a que la bater\u00eda dura m\u00e1s de un a\u00f1o, Cerdeira pudo rastrear los objetos y en uno de ellos activ\u00f3 la localizaci\u00f3n por sonido.<\/p>\n<h2 id=\"h-que-respondio-el-gobierno-de-la-cdmx\" class=\"wp-block-heading\">\u00bfQu\u00e9 respondi\u00f3 el gobierno de la CDMX?<\/h2>\n<p>Tras la publicaci\u00f3n del art\u00edculo y el video de la periodista, el Secretario de Gobierno de la Ciudad de M\u00e9xico, Mart\u00ed Batres,\u00a0declar\u00f3\u00a0que\u00a0<strong>iniciar\u00e1n una investigaci\u00f3n<\/strong>. \u201cEn atenci\u00f3n a este reportaje y a los se\u00f1alamientos que est\u00e1 haciendo (la periodista) vamos a dar vista a la Contralor\u00eda General del Gobierno de la Ciudad de M\u00e9xico para que haga, en su caso, las investigaciones correspondientes\u201d, dijo.<\/p>\n<p>Batres se\u00f1al\u00f3 que\u00a0<strong>los v\u00edveres se entregaron a la Sedena y mostr\u00f3 un acuse de recibido<\/strong>. \u201cEstamos completamente seguros de que la Sedena, cumpliendo siempre con su deber, hizo la entrega correspondiente a los damnificados de Turqu\u00eda\u201d, mencion\u00f3.<\/p>\n<p>Por su parte, la Jefa de Gobierno de la Ciudad de M\u00e9xico,<strong>\u00a0Claudia Sheinbaum,\u00a0asegur\u00f3 que podr\u00eda haber una orientaci\u00f3n pol\u00edtica\u00a0detr\u00e1s de la investigaci\u00f3n<\/strong>. Sheinbaum cuestion\u00f3 por qu\u00e9 se hizo p\u00fablico hasta ahora, a lo que la periodista respondi\u00f3 que le interesaba conocer el destino final de los art\u00edculos. Cerdeira tambi\u00e9n consider\u00f3 el proceso electoral del Estado de M\u00e9xico, por lo que esper\u00f3 a que concluyera para evitar malos entendidos.<\/p>\n<h2 id=\"h-el-robo-de-viveres-para-damnificados-es-una-constante-en-mexico\" class=\"wp-block-heading\">El robo de v\u00edveres para damnificados es una constante en M\u00e9xico<\/h2>\n<p>La investigaci\u00f3n de la periodista mexicana trae de vuelta a la mesa\u00a0<strong>un problema que se ha vuelto com\u00fan en M\u00e9xico<\/strong>. El robo de v\u00edveres y apoyos para damnificados ocurre desde hace d\u00e9cadas, aunque tomaron mayor relevancia durante los sismos que azotaron al pa\u00eds. El gobierno de\u00a0<strong>Miguel de la Madrid<\/strong>\u00a0no solo fue cuestionado por rechazar la ayuda internacional, sino por\u00a0<strong>no entregar apoyos a los damnificados del terremoto de 1985<\/strong>.<\/p>\n<p>Un caso similar se vivi\u00f3 en\u00a0<strong>2017<\/strong>, cuando dos sismos azotaron a diversos estados, siendo Oaxaca y la Ciudad de M\u00e9xico los m\u00e1s afectados. En redes sociales se hizo p\u00fablico el\u00a0<strong>robo de camiones con ayuda en carreteras de Oaxaca, Michoac\u00e1n y Puebla.<\/strong>\u00a0Camionetas cargadas con toneladas de v\u00edveres\u00a0fueron hurtadas, mientras que grupos armados interceptaban\u00a0caravanas de veh\u00edculos y disparaban a sus ocupantes.<\/p>\n<p>Mientras que algunos productos\u00a0<strong>se revend\u00edan en el mercado informal\u00a0<\/strong>\u2014 como ocurri\u00f3 ahora con papel higi\u00e9nico de Cerdeira \u2014 otros<strong>\u00a0se usaban como moneda de cambio en procesos electorales<\/strong>. Un caso particular de 2017 fue el del entonces gobernador de Morelos, Graco Ramirez, quien junto a su esposa fue\u00a0acusado de impedir que los v\u00edveres llegaran a manos de los damnificados\u00a0del sismo.<\/p>\n<p>Polic\u00edas del estado interceptaron camiones con toneladas de ayuda y los llevaron a una bodega del DIF, instituci\u00f3n encabezada por la esposa del gobernador. En redes sociales\u00a0se difundieron videos\u00a0que atestiguaban c\u00f3mo los camiones entraban a la bodega para permanecer ah\u00ed, lo que provoc\u00f3 la ira de la poblaci\u00f3n. Ante las cr\u00edticas, Ram\u00edrez se limit\u00f3 a decir que \u201ceran videos que intentaban enga\u00f1ar a la gente\u201d.<\/p>\n<p>La\u00a0<strong>tecnolog\u00eda ha avanzado lo suficiente para reportar abusos de este tipo<\/strong>\u00a0y las AirTag insertadas en los v\u00edveres para Turqu\u00eda son prueba de ello. Que una periodista como Pamela Cerdeira se pregunte si sus donativos llegar\u00e1n a los damnificados no tiene orientaci\u00f3n pol\u00edtica. D\u00e9cadas de robos y acopio para repartirlos en campa\u00f1as electorales son suficientes para que cualquier mexicano desconf\u00ede.<\/p>\n","protected":false},"excerpt":{"rendered":"<p>Una investigaci\u00f3n realizada por la periodista Pamela Cerdeira dej\u00f3 al descubierto el\u00a0robo de v\u00edveres\u00a0para los damnificados del\u00a0terremoto de Turqu\u00eda. En un art\u00edculo publicado en\u00a0Opini\u00f3n 51, Cerdeira explica c\u00f3mo\u00a0insert\u00f3 dos AirTag&hellip;<\/p>\n","protected":false},"author":1,"featured_media":15254,"comment_status":"open","ping_status":"closed","sticky":false,"template":"","format":"standard","meta":{"footnotes":""},"categories":[7],"tags":[],"class_list":["post-15252","post","type-post","status-publish","format-standard","has-post-thumbnail","hentry","category-nacional"],"_links":{"self":[{"href":"https:\/\/ldpublicicdad.com\/index.php?rest_route=\/wp\/v2\/posts\/15252","targetHints":{"allow":["GET"]}}],"collection":[{"href":"https:\/\/ldpublicicdad.com\/index.php?rest_route=\/wp\/v2\/posts"}],"about":[{"href":"https:\/\/ldpublicicdad.com\/index.php?rest_route=\/wp\/v2\/types\/post"}],"author":[{"embeddable":true,"href":"https:\/\/ldpublicicdad.com\/index.php?rest_route=\/wp\/v2\/users\/1"}],"replies":[{"embeddable":true,"href":"https:\/\/ldpublicicdad.com\/index.php?rest_route=%2Fwp%2Fv2%2Fcomments&post=15252"}],"version-history":[{"count":1,"href":"https:\/\/ldpublicicdad.com\/index.php?rest_route=\/wp\/v2\/posts\/15252\/revisions"}],"predecessor-version":[{"id":15253,"href":"https:\/\/ldpublicicdad.com\/index.php?rest_route=\/wp\/v2\/posts\/15252\/revisions\/15253"}],"wp:featuredmedia":[{"embeddable":true,"href":"https:\/\/ldpublicicdad.com\/index.php?rest_route=\/wp\/v2\/media\/15254"}],"wp:attachment":[{"href":"https:\/\/ldpublicicdad.com\/index.php?rest_route=%2Fwp%2Fv2%2Fmedia&parent=15252"}],"wp:term":[{"taxonomy":"category","embeddable":true,"href":"https:\/\/ldpublicicdad.com\/index.php?rest_route=%2Fwp%2Fv2%2Fcategories&post=15252"},{"taxonomy":"post_tag","embeddable":true,"href":"https:\/\/ldpublicicdad.com\/index.php?rest_route=%2Fwp%2Fv2%2Ftags&post=15252"}],"curies":[{"name":"wp","href":"https:\/\/api.w.org\/{rel}","templated":true}]}}