{"id":14817,"date":"2023-05-25T11:47:10","date_gmt":"2023-05-25T16:47:10","guid":{"rendered":"https:\/\/ldpublicicdad.com\/?p=14817"},"modified":"2023-05-25T16:47:21","modified_gmt":"2023-05-25T16:47:21","slug":"luis-de-llano-apelara-sentencia-por-denuncia-de-sasha-sokol","status":"publish","type":"post","link":"https:\/\/ldpublicicdad.com\/?p=14817","title":{"rendered":"Luis de Llano apelar\u00e1 sentencia por denuncia de Sasha S\u00f6kol"},"content":{"rendered":"<p>A pesar de que\u00a0Sasha S\u00f6kol\u00a0inform\u00f3 el 10 de mayo que\u00a0Luis de Llano\u00a0fue condenado por\u00a0da\u00f1o moral\u00a0tras violentar su dignidad, integridad f\u00edsica, intimidad y honor al mantener una relaci\u00f3n amorosa cuando \u00e9l ten\u00eda 39 a\u00f1os y ella 14, todo indica que no cont\u00f3 todo.<\/p>\n<p>De acuerdo con el programa\u00a0\u201cChisme No Like\u201d, aunque la cantante afirm\u00f3 que el productor tendr\u00eda que ofrecer una disculpa p\u00fablica, abstenerse de volver a hablar de lo sucedido y pagar una indemnizaci\u00f3n, fue el propio De Llano quien neg\u00f3 que deba realizar estas acciones.<\/p>\n<p>Seg\u00fan la emisi\u00f3n de espect\u00e1culos, Luis revel\u00f3 en exclusiva que est\u00e1 apelando la sentencia y\u00a0acus\u00f3 a la cantante de haber cometido una grave falta.<\/p>\n<p>\u201cMuy pronto te contactar\u00e9 y con mucho gusto lo hacemos. Actualmente supuestamente tenemos un contrato de confidencialidad que ella no est\u00e1 respetando, pero yo s\u00ed respeto la ley y el caso a\u00fan no se termina, hay apelaciones; te agradezco mucho tus palabras (sic)\u201d.<\/p>\n<p>Posteriormente, Elisa Beristain y Javier Ceriani, titulares del programa, manifestaron que con este mensaje, el productor refiere que por el momento no ofrecer\u00e1 una disculpa p\u00fablica a la ex integrante de Timbiriche, debido a que est\u00e1 buscando la forma de revocar la sentencia que Sasha dio a conocer en d\u00edas pasados<\/p>\n<p>Hasta el momento, la int\u00e9rprete no se ha pronunciado al respecto de esta informaci\u00f3n dada a conocer por el programa trasmitido por la plataforma de YouTube.<\/p>\n<h4>Luis de Llano es condenado por da\u00f1o moral a Sasha Sokol<\/h4>\n<p>El pasado 10 de mayo,\u00a0\u00a0Luis de Llano Macedo\u00a0fue condenado por da\u00f1o moral por un\u00a0Juzgado del Tribunal Superior de Justicia\u00a0de la Ciudad de M\u00e9xico,\u00a0luego de que en 2022 se revelara que hab\u00eda sostenido una relaci\u00f3n sentimental con la cantante\u00a0Sasha, cuando ella era una menor de 14 a\u00f1os.<\/p>\n<p>El d\u00eda de hoy (10 de mayo de 2023)\u00a0Luis de Llano\u00a0fue condenado por da\u00f1o moral al violentar mi dignidad, integridad f\u00edsica, intimidad y honor, mediante sentencia dictada por un juzgado del Tribunal Superior de Justicia de la Ciudad de M\u00e9xico\u00bb, escribi\u00f3\u00a0Sokol, a trav\u00e9s de su cuenta oficial de Twitter.<\/p>\n<p>La sentencia fue dictada luego de que con pruebas y testigos se acreditara la relaci\u00f3n que\u00a0Luis de Llano hab\u00eda sostenido con la cantante, la cual tuvo las caracter\u00edsticas de ser\u00a0\u00abil\u00edcita y asim\u00e9trica por la\u00a0diferencia de edad\u00a0y el rol jer\u00e1rquico que (Luis de Llano) ejerc\u00eda\u00bb.<\/p>\n<p>&nbsp;<\/p>\n","protected":false},"excerpt":{"rendered":"<p>A pesar de que\u00a0Sasha S\u00f6kol\u00a0inform\u00f3 el 10 de mayo que\u00a0Luis de Llano\u00a0fue condenado por\u00a0da\u00f1o moral\u00a0tras violentar su dignidad, integridad f\u00edsica, intimidad y honor al mantener una relaci\u00f3n amorosa cuando \u00e9l&hellip;<\/p>\n","protected":false},"author":1,"featured_media":14819,"comment_status":"open","ping_status":"closed","sticky":false,"template":"","format":"standard","meta":{"footnotes":""},"categories":[4],"tags":[],"class_list":["post-14817","post","type-post","status-publish","format-standard","has-post-thumbnail","hentry","category-espectaculos"],"_links":{"self":[{"href":"https:\/\/ldpublicicdad.com\/index.php?rest_route=\/wp\/v2\/posts\/14817","targetHints":{"allow":["GET"]}}],"collection":[{"href":"https:\/\/ldpublicicdad.com\/index.php?rest_route=\/wp\/v2\/posts"}],"about":[{"href":"https:\/\/ldpublicicdad.com\/index.php?rest_route=\/wp\/v2\/types\/post"}],"author":[{"embeddable":true,"href":"https:\/\/ldpublicicdad.com\/index.php?rest_route=\/wp\/v2\/users\/1"}],"replies":[{"embeddable":true,"href":"https:\/\/ldpublicicdad.com\/index.php?rest_route=%2Fwp%2Fv2%2Fcomments&post=14817"}],"version-history":[{"count":1,"href":"https:\/\/ldpublicicdad.com\/index.php?rest_route=\/wp\/v2\/posts\/14817\/revisions"}],"predecessor-version":[{"id":14818,"href":"https:\/\/ldpublicicdad.com\/index.php?rest_route=\/wp\/v2\/posts\/14817\/revisions\/14818"}],"wp:featuredmedia":[{"embeddable":true,"href":"https:\/\/ldpublicicdad.com\/index.php?rest_route=\/wp\/v2\/media\/14819"}],"wp:attachment":[{"href":"https:\/\/ldpublicicdad.com\/index.php?rest_route=%2Fwp%2Fv2%2Fmedia&parent=14817"}],"wp:term":[{"taxonomy":"category","embeddable":true,"href":"https:\/\/ldpublicicdad.com\/index.php?rest_route=%2Fwp%2Fv2%2Fcategories&post=14817"},{"taxonomy":"post_tag","embeddable":true,"href":"https:\/\/ldpublicicdad.com\/index.php?rest_route=%2Fwp%2Fv2%2Ftags&post=14817"}],"curies":[{"name":"wp","href":"https:\/\/api.w.org\/{rel}","templated":true}]}}