{"id":14814,"date":"2023-05-25T10:43:26","date_gmt":"2023-05-25T15:43:26","guid":{"rendered":"https:\/\/ldpublicicdad.com\/?p=14814"},"modified":"2023-05-25T15:43:35","modified_gmt":"2023-05-25T15:43:35","slug":"canelo-alvarez-es-inmortalizado-con-estatua-para-el-museo-de-cera","status":"publish","type":"post","link":"https:\/\/ldpublicicdad.com\/?p=14814","title":{"rendered":"\u2018Canelo\u2019 \u00c1lvarez es inmortalizado con estatua para el Museo de Cera"},"content":{"rendered":"<p>La noche del pasado mi\u00e9rcoles fue presentada la estatua de cera del campe\u00f3n indiscutido de las 168 libras\u00a0Sa\u00fal &#8216;Canelo&#8217; \u00c1lvarez, la cual ser\u00e1\u00a0exhibida en el\u00a0Museo de Cera\u00a0de la Ciudad de M\u00e9xico.<\/p>\n<p>La figura del \u00eddolo tapat\u00edo fue aprobada por el mismo Canelo \u00c1lvarez, quien admiti\u00f3 que de todas las estatuas que le han realizado\u00a0\u00e9sta es la mejor.<\/p>\n<p>\u00abMuy bien, creo que de todas las que he visto es la mejor\u00bb, se\u00f1al\u00f3 entre risas Sa\u00fal, para despu\u00e9s contar que \u00e9l estuvo\u00a0involucrado directamente\u00a0con la creaci\u00f3n para que quedara al &#8216;cien&#8217; la figura.<\/p>\n<p>\u00abEstuve viendo el proceso, c\u00f3mo estaba quedando, obviamente vieron ah\u00ed en el video donde estaban haci\u00e9ndome las medidas, ahora si que un escaneo completo sin &#8216;albur&#8217;, pero estuve involucrado en c\u00f3mo estaba quedando, obviamente ten\u00eda que quedar al\u00a0100 por ciento\u00bb, revel\u00f3.<\/p>\n<p>El jalisciense aprovech\u00f3 para refrendar sus ganas de pelear contra\u00a0Dmitry Bivol, boxeador que le dio apenas la\u00a0segunda derrota de su carrera. \u00bfBivol es tu objetivo?, se le pregunt\u00f3 al campe\u00f3n quien respondi\u00f3 con un\u00a0\u00abs\u00ed\u00bb\u00a0contundente.<\/p>\n","protected":false},"excerpt":{"rendered":"<p>La noche del pasado mi\u00e9rcoles fue presentada la estatua de cera del campe\u00f3n indiscutido de las 168 libras\u00a0Sa\u00fal &#8216;Canelo&#8217; \u00c1lvarez, la cual ser\u00e1\u00a0exhibida en el\u00a0Museo de Cera\u00a0de la Ciudad de&hellip;<\/p>\n","protected":false},"author":1,"featured_media":14816,"comment_status":"open","ping_status":"closed","sticky":false,"template":"","format":"standard","meta":{"footnotes":""},"categories":[3],"tags":[],"class_list":["post-14814","post","type-post","status-publish","format-standard","has-post-thumbnail","hentry","category-deportes"],"_links":{"self":[{"href":"https:\/\/ldpublicicdad.com\/index.php?rest_route=\/wp\/v2\/posts\/14814","targetHints":{"allow":["GET"]}}],"collection":[{"href":"https:\/\/ldpublicicdad.com\/index.php?rest_route=\/wp\/v2\/posts"}],"about":[{"href":"https:\/\/ldpublicicdad.com\/index.php?rest_route=\/wp\/v2\/types\/post"}],"author":[{"embeddable":true,"href":"https:\/\/ldpublicicdad.com\/index.php?rest_route=\/wp\/v2\/users\/1"}],"replies":[{"embeddable":true,"href":"https:\/\/ldpublicicdad.com\/index.php?rest_route=%2Fwp%2Fv2%2Fcomments&post=14814"}],"version-history":[{"count":1,"href":"https:\/\/ldpublicicdad.com\/index.php?rest_route=\/wp\/v2\/posts\/14814\/revisions"}],"predecessor-version":[{"id":14815,"href":"https:\/\/ldpublicicdad.com\/index.php?rest_route=\/wp\/v2\/posts\/14814\/revisions\/14815"}],"wp:featuredmedia":[{"embeddable":true,"href":"https:\/\/ldpublicicdad.com\/index.php?rest_route=\/wp\/v2\/media\/14816"}],"wp:attachment":[{"href":"https:\/\/ldpublicicdad.com\/index.php?rest_route=%2Fwp%2Fv2%2Fmedia&parent=14814"}],"wp:term":[{"taxonomy":"category","embeddable":true,"href":"https:\/\/ldpublicicdad.com\/index.php?rest_route=%2Fwp%2Fv2%2Fcategories&post=14814"},{"taxonomy":"post_tag","embeddable":true,"href":"https:\/\/ldpublicicdad.com\/index.php?rest_route=%2Fwp%2Fv2%2Ftags&post=14814"}],"curies":[{"name":"wp","href":"https:\/\/api.w.org\/{rel}","templated":true}]}}