{"id":14768,"date":"2023-05-24T10:44:02","date_gmt":"2023-05-24T15:44:02","guid":{"rendered":"https:\/\/ldpublicicdad.com\/?p=14768"},"modified":"2023-05-24T15:44:12","modified_gmt":"2023-05-24T15:44:12","slug":"america-tiene-en-la-mira-a-javier-aguirre","status":"publish","type":"post","link":"https:\/\/ldpublicicdad.com\/?p=14768","title":{"rendered":"Am\u00e9rica tiene en la mira a Javier Aguirre"},"content":{"rendered":"<p>Am\u00e9rica se encuentra en la b\u00fasqueda de un entrenador para el Apertura 2023, todo esto despu\u00e9s de que Fernando Ortiz no quiso renovar su contrato con las \u00c1guilas tras quedar eliminado por las Chivas en las Semifinales, aunque la directiva s\u00ed lo ten\u00eda en mente.<\/p>\n<p>En muy pocas horas han salido varios nombres para llegar al banquillo del Nido y ahora se suma el de Javier Aguirre, quien actualmente dirige al Mallorca de LaLiga y que ha tenido una extraordinaria campa\u00f1a con dicho equipo, donde se pronosticaba por pelear por no descender, pero ha estado arriba de media tabla.<\/p>\n<p>De acuerdo con informaci\u00f3n de TUDN, el Vasco Aguirre ya fue contactado directamente por la directiva del Am\u00e9rica para platicar de una posible contrataci\u00f3n, pues en un mes termina su contrato en Espa\u00f1a y no hasta el momento no ha renovado.<\/p>\n<p>Este es el tercer nombre que sale para las \u00c1guilas, pues el primero fue el entrenador del Atl\u00e9tico de San Luis, Andr\u00e9 Jardin\u00e9, que tuvo un buen Clausura 2023 llevando a su equipo hasta los Cuartos de Final y tiene un oro en el cuello, mismo que gan\u00f3 con la Selecci\u00f3n de Brasil en los Juegos Ol\u00edmpicos de Tokio 2020.<\/p>\n<p>El otro es Diego Alonso, quien ya tiene experiencia en la Liga MX dirigiendo al Monterrey. Su \u00faltimo proyecto fue con la Selecci\u00f3n de Uruguay, donde fracas\u00f3 en el Mundial de Qatar 2022 al quedar tercero del Grupo H y no avanzar ni de la Primera Ronda.<\/p>\n","protected":false},"excerpt":{"rendered":"<p>Am\u00e9rica se encuentra en la b\u00fasqueda de un entrenador para el Apertura 2023, todo esto despu\u00e9s de que Fernando Ortiz no quiso renovar su contrato con las \u00c1guilas tras quedar&hellip;<\/p>\n","protected":false},"author":1,"featured_media":14770,"comment_status":"open","ping_status":"closed","sticky":false,"template":"","format":"standard","meta":{"footnotes":""},"categories":[3],"tags":[],"class_list":["post-14768","post","type-post","status-publish","format-standard","has-post-thumbnail","hentry","category-deportes"],"_links":{"self":[{"href":"https:\/\/ldpublicicdad.com\/index.php?rest_route=\/wp\/v2\/posts\/14768","targetHints":{"allow":["GET"]}}],"collection":[{"href":"https:\/\/ldpublicicdad.com\/index.php?rest_route=\/wp\/v2\/posts"}],"about":[{"href":"https:\/\/ldpublicicdad.com\/index.php?rest_route=\/wp\/v2\/types\/post"}],"author":[{"embeddable":true,"href":"https:\/\/ldpublicicdad.com\/index.php?rest_route=\/wp\/v2\/users\/1"}],"replies":[{"embeddable":true,"href":"https:\/\/ldpublicicdad.com\/index.php?rest_route=%2Fwp%2Fv2%2Fcomments&post=14768"}],"version-history":[{"count":1,"href":"https:\/\/ldpublicicdad.com\/index.php?rest_route=\/wp\/v2\/posts\/14768\/revisions"}],"predecessor-version":[{"id":14769,"href":"https:\/\/ldpublicicdad.com\/index.php?rest_route=\/wp\/v2\/posts\/14768\/revisions\/14769"}],"wp:featuredmedia":[{"embeddable":true,"href":"https:\/\/ldpublicicdad.com\/index.php?rest_route=\/wp\/v2\/media\/14770"}],"wp:attachment":[{"href":"https:\/\/ldpublicicdad.com\/index.php?rest_route=%2Fwp%2Fv2%2Fmedia&parent=14768"}],"wp:term":[{"taxonomy":"category","embeddable":true,"href":"https:\/\/ldpublicicdad.com\/index.php?rest_route=%2Fwp%2Fv2%2Fcategories&post=14768"},{"taxonomy":"post_tag","embeddable":true,"href":"https:\/\/ldpublicicdad.com\/index.php?rest_route=%2Fwp%2Fv2%2Ftags&post=14768"}],"curies":[{"name":"wp","href":"https:\/\/api.w.org\/{rel}","templated":true}]}}